{"id":46103,"date":"2024-09-10T21:00:02","date_gmt":"2024-09-11T00:00:02","guid":{"rendered":"https:\/\/radiorevelacionfm.cl\/?p=46103"},"modified":"2024-09-10T21:00:02","modified_gmt":"2024-09-11T00:00:02","slug":"carabineros-de-melinka-y-aduana-detuvo-a-cinco-personas-por-infraccion-a-ley-de-drogas-tras-fiscalizacion-de-aeronave-particular","status":"publish","type":"post","link":"https:\/\/radiorevelacionfm.cl\/?p=46103","title":{"rendered":"Carabineros de Melinka y Aduana detuvo a cinco personas por infracci\u00f3n a ley de drogas tras fiscalizaci\u00f3n de aeronave particular"},"content":{"rendered":"<div class=\"flex_column av_one_full  flex_column_div av-zero-column-padding first  avia-builder-el-0  el_before_av_one_full  avia-builder-el-first  \" style='border-radius:0px; '><div  class='avia-image-container  av-styling-    avia-builder-el-1  avia-builder-el-no-sibling  avia-align-center '  itemprop=\"image\" itemscope=\"itemscope\" itemtype=\"https:\/\/schema.org\/ImageObject\"  ><div class='avia-image-container-inner'><div class='avia-image-overlay-wrap'><img decoding=\"async\" class='wp-image-46104 avia-img-lazy-loading-not-46104 avia_image' src=\"https:\/\/radiorevelacionfm.cl\/wp-content\/uploads\/2024\/09\/2fc00567-1201-49f2-9f1d-dc845f307a58-2_optimized.jpg\" alt='' title='2fc00567-1201-49f2-9f1d-dc845f307a58-(2)_optimized' height=\"600\" width=\"882\"  itemprop=\"thumbnailUrl\" srcset=\"https:\/\/radiorevelacionfm.cl\/wp-content\/uploads\/2024\/09\/2fc00567-1201-49f2-9f1d-dc845f307a58-2_optimized.jpg 882w, https:\/\/radiorevelacionfm.cl\/wp-content\/uploads\/2024\/09\/2fc00567-1201-49f2-9f1d-dc845f307a58-2_optimized-300x204.jpg 300w, https:\/\/radiorevelacionfm.cl\/wp-content\/uploads\/2024\/09\/2fc00567-1201-49f2-9f1d-dc845f307a58-2_optimized-768x522.jpg 768w, https:\/\/radiorevelacionfm.cl\/wp-content\/uploads\/2024\/09\/2fc00567-1201-49f2-9f1d-dc845f307a58-2_optimized-705x480.jpg 705w, https:\/\/radiorevelacionfm.cl\/wp-content\/uploads\/2024\/09\/2fc00567-1201-49f2-9f1d-dc845f307a58-2_optimized-450x306.jpg 450w, https:\/\/radiorevelacionfm.cl\/wp-content\/uploads\/2024\/09\/2fc00567-1201-49f2-9f1d-dc845f307a58-2_optimized-600x408.jpg 600w\" sizes=\"(max-width: 882px) 100vw, 882px\" \/><\/div><\/div><\/div><\/div><div class=\"flex_column av_one_full  flex_column_div av-zero-column-padding first  avia-builder-el-2  el_after_av_one_full  el_before_av_one_full  column-top-margin\" style='border-radius:0px; '><section class=\"av_textblock_section \"  itemscope=\"itemscope\" itemtype=\"https:\/\/schema.org\/BlogPosting\" itemprop=\"blogPost\" ><div class='avia_textblock  '   itemprop=\"text\" ><p style=\"text-align: center;\"><span style=\"font-size: 18pt;\"><b><span lang=\"ES-MX\">Carabineros de Melinka y Aduana detuvo a cinco personas por infracci\u00f3n a ley de drogas tras fiscalizaci\u00f3n de aeronave particular<\/span><\/b><\/span><\/p>\n<div id=\"gtx-trans\" style=\"position: absolute; left: -50px; top: 4.31534px;\">\n<div class=\"gtx-trans-icon\"><\/div>\n<\/div>\n<\/div><\/section><\/div><div class=\"flex_column av_one_full  flex_column_div av-zero-column-padding first  avia-builder-el-4  el_after_av_one_full  el_before_av_hr  column-top-margin\" style='border-radius:0px; '><section class=\"av_textblock_section \"  itemscope=\"itemscope\" itemtype=\"https:\/\/schema.org\/BlogPosting\" itemprop=\"blogPost\" ><div class='avia_textblock  '   itemprop=\"text\" ><p class=\"v1MsoNormal\" style=\"text-align: justify;\"><em><span lang=\"ES-MX\">La diligencia permiti\u00f3 sacar de circulaci\u00f3n marihuana y clorhidrato de coca\u00edna, sustancias que se encontraban ocultas en el equipaje.<\/span><\/em><\/p>\n<p class=\"v1MsoNormal\" style=\"text-align: justify;\"><span lang=\"ES-MX\">Cinco pasajeros de una aeronave particular fueron detenidos en el aer\u00f3dromo de Melinka por infracci\u00f3n a la ley 20.000 de drogas tras un control desarrollado de manera conjunta entre Carabineros y personal de Aduanas en esta isla, distante a 423 km al noroeste de la ciudad de Coyhaique.<\/span><\/p>\n<p class=\"v1MsoNormal\" style=\"text-align: justify;\"><span lang=\"ES-MX\">El vuelo procedente desde la ciudad de Puerto Montt trasladaba a personas que prestan servicios en centros de cultivo en el \u00e1mbito pesquero en la comuna de las Guaitecas.<\/span><\/p>\n<p class=\"v1MsoNormal\" style=\"text-align: justify;\"><span lang=\"ES-MX\">\u00abSe fiscaliz\u00f3 esta aeronave y, a cinco personas de las que revis\u00f3 su equipaje, se encontr\u00f3 droga consistente en marihuana y clorhidrato de coca\u00edna, procedimiento que fue trasladado al Ret\u00e9n de Carabineros Melinka\u00bb, indic\u00f3 el Jefe de la Subcomisar\u00eda de Puerto Cisnes, Teniente Ricardo Mendoza Valenzuela.<\/span><\/p>\n<p class=\"v1MsoNormal\" style=\"text-align: justify;\"><span lang=\"ES-MX\">\u00abConforme al pesaje se incautaron 301,16 gr de cannabis sativa, la que ven\u00eda en recipientes tipo frascos y otras envueltas en bolsas. Tambi\u00e9n se incaut\u00f3 0,66 gr de clorhidrato de coca\u00edna\u00bb, detall\u00f3 el Oficial.<\/span><\/p>\n<p class=\"v1MsoNormal\" style=\"text-align: justify;\"><span lang=\"ES-MX\">Tras lo anterior Carabineros detuvo a cuatro personas por porte y un quinto individuo por consumo de drogas, antecedentes que fueron puestos en conocimiento de la Fiscal\u00eda, quedando los sujetos en libertad con medida cautelar de arraigo nacional por 90 d\u00edas, seg\u00fan determin\u00f3 el Juzgado de Garant\u00eda de Puerto Cisnes.<\/span><\/p>\n<p class=\"v1MsoNormal\" style=\"text-align: justify;\"><span lang=\"ES-MX\">Desde enero al 1 de septiembre del presente a\u00f1o, Carabineros ha detenido a 3.154 personas por diversos delitos, de los cuales 133 son por infracci\u00f3n a la ley de drogas (de los cuales el 32% registra detenciones previas por parte de Carabineros) en tanto que 8,7 kg de drogas de diversa denominaci\u00f3n han sido sacados de circulaci\u00f3n durante este periodo.<\/span><\/p>\n<p class=\"v1MsoNormal\" style=\"text-align: justify;\"><span lang=\"ES-MX\">En v\u00edsperas de fiestas patrias, Carabineros mantiene un amplio despliegue en la regi\u00f3n tanto en rutas, aeropuerto, pasos fronterizos y puertos en coordinaci\u00f3n con la Armada y Aduanas como parte de un plan de servicios preventivos orientados a detectar el ingreso o transporte de sustancias prohibidas hacia la regi\u00f3n de Ays\u00e9n.<\/span><\/p>\n<\/div><\/section><\/div><div  style='height:50px' class='hr hr-invisible   avia-builder-el-6  el_after_av_one_full  el_before_av_social_share '><span class='hr-inner ' ><span class='hr-inner-style'><\/span><\/span><\/div><\/p>\n<div  class='av-social-sharing-box  avia-builder-el-7  el_after_av_hr  el_before_av_hr  '><div class='av-share-box'><h5 class='av-share-link-description av-no-toc '>Compartir esta noticia<\/h5><ul class='av-share-box-list noLightbox'><li class='av-share-link av-social-link-facebook' ><a target=\"_blank\" aria-label=\"Compartir en Facebook\" href='https:\/\/www.facebook.com\/sharer.php?u=https:\/\/radiorevelacionfm.cl\/?p=46103&#038;t=Carabineros%20de%20Melinka%20y%20Aduana%20detuvo%20a%20cinco%20personas%20por%20infracci%C3%B3n%20a%20ley%20de%20drogas%20tras%20fiscalizaci%C3%B3n%20de%20aeronave%20particular' aria-hidden='false' data-av_icon='\ue8f3' data-av_iconfont='entypo-fontello' title='' data-avia-related-tooltip='Compartir en Facebook' rel=\"noopener\"><span class='avia_hidden_link_text'>Compartir en Facebook<\/span><\/a><\/li><li class='av-share-link av-social-link-twitter' ><a target=\"_blank\" aria-label=\"Compartir en Twitter\" href='https:\/\/twitter.com\/share?text=Carabineros%20de%20Melinka%20y%20Aduana%20detuvo%20a%20cinco%20personas%20por%20infracci%C3%B3n%20a%20ley%20de%20drogas%20tras%20fiscalizaci%C3%B3n%20de%20aeronave%20particular&#038;url=https:\/\/radiorevelacionfm.cl\/?p=46103' aria-hidden='false' data-av_icon='\ue8f1' data-av_iconfont='entypo-fontello' title='' data-avia-related-tooltip='Compartir en Twitter' rel=\"noopener\"><span class='avia_hidden_link_text'>Compartir en Twitter<\/span><\/a><\/li><li class='av-share-link av-social-link-whatsapp' ><a target=\"_blank\" aria-label=\"Compartir en Whatsapp\" href='https:\/\/api.whatsapp.com\/send?text=https:\/\/radiorevelacionfm.cl\/?p=46103' aria-hidden='false' data-av_icon='\uf232' data-av_iconfont='entypo-fontello' title='' data-avia-related-tooltip='Compartir en Whatsapp' rel=\"noopener\"><span class='avia_hidden_link_text'>Compartir en Whatsapp<\/span><\/a><\/li><li class='av-share-link av-social-link-linkedin' ><a target=\"_blank\" aria-label=\"Compartir en LinkedIn\" href='https:\/\/linkedin.com\/shareArticle?mini=true&#038;title=Carabineros%20de%20Melinka%20y%20Aduana%20detuvo%20a%20cinco%20personas%20por%20infracci%C3%B3n%20a%20ley%20de%20drogas%20tras%20fiscalizaci%C3%B3n%20de%20aeronave%20particular&#038;url=https:\/\/radiorevelacionfm.cl\/?p=46103' aria-hidden='false' data-av_icon='\ue8fc' data-av_iconfont='entypo-fontello' title='' data-avia-related-tooltip='Compartir en LinkedIn' rel=\"noopener\"><span class='avia_hidden_link_text'>Compartir en LinkedIn<\/span><\/a><\/li><li class='av-share-link av-social-link-mail' ><a  aria-label=\"Compartir por correo\" href='mailto:?subject=Carabineros%20de%20Melinka%20y%20Aduana%20detuvo%20a%20cinco%20personas%20por%20infracci%C3%B3n%20a%20ley%20de%20drogas%20tras%20fiscalizaci%C3%B3n%20de%20aeronave%20particular&#038;body=https:\/\/radiorevelacionfm.cl\/?p=46103' aria-hidden='false' data-av_icon='\ue805' data-av_iconfont='entypo-fontello' title='' data-avia-related-tooltip='Compartir por correo'><span class='avia_hidden_link_text'>Compartir por correo<\/span><\/a><\/li><\/ul><\/div><\/div>\n<div  style='height:50px' class='hr hr-invisible   avia-builder-el-8  el_after_av_social_share  el_before_av_comments_list '><span class='hr-inner ' ><span class='hr-inner-style'><\/span><\/span><\/div>\n<div  class='av-buildercomment  av-blog-meta-html-info-disabled av-blog-meta-tag-disabled  '><\/div>\n","protected":false},"excerpt":{"rendered":"","protected":false},"author":1,"featured_media":46104,"comment_status":"open","ping_status":"open","sticky":false,"template":"","format":"standard","meta":{"footnotes":""},"categories":[36],"tags":[],"class_list":["post-46103","post","type-post","status-publish","format-standard","has-post-thumbnail","hentry","category-policial"],"jetpack_featured_media_url":"https:\/\/radiorevelacionfm.cl\/wp-content\/uploads\/2024\/09\/2fc00567-1201-49f2-9f1d-dc845f307a58-2_optimized.jpg","_links":{"self":[{"href":"https:\/\/radiorevelacionfm.cl\/index.php?rest_route=\/wp\/v2\/posts\/46103","targetHints":{"allow":["GET"]}}],"collection":[{"href":"https:\/\/radiorevelacionfm.cl\/index.php?rest_route=\/wp\/v2\/posts"}],"about":[{"href":"https:\/\/radiorevelacionfm.cl\/index.php?rest_route=\/wp\/v2\/types\/post"}],"author":[{"embeddable":true,"href":"https:\/\/radiorevelacionfm.cl\/index.php?rest_route=\/wp\/v2\/users\/1"}],"replies":[{"embeddable":true,"href":"https:\/\/radiorevelacionfm.cl\/index.php?rest_route=%2Fwp%2Fv2%2Fcomments&post=46103"}],"version-history":[{"count":1,"href":"https:\/\/radiorevelacionfm.cl\/index.php?rest_route=\/wp\/v2\/posts\/46103\/revisions"}],"predecessor-version":[{"id":46105,"href":"https:\/\/radiorevelacionfm.cl\/index.php?rest_route=\/wp\/v2\/posts\/46103\/revisions\/46105"}],"wp:featuredmedia":[{"embeddable":true,"href":"https:\/\/radiorevelacionfm.cl\/index.php?rest_route=\/wp\/v2\/media\/46104"}],"wp:attachment":[{"href":"https:\/\/radiorevelacionfm.cl\/index.php?rest_route=%2Fwp%2Fv2%2Fmedia&parent=46103"}],"wp:term":[{"taxonomy":"category","embeddable":true,"href":"https:\/\/radiorevelacionfm.cl\/index.php?rest_route=%2Fwp%2Fv2%2Fcategories&post=46103"},{"taxonomy":"post_tag","embeddable":true,"href":"https:\/\/radiorevelacionfm.cl\/index.php?rest_route=%2Fwp%2Fv2%2Ftags&post=46103"}],"curies":[{"name":"wp","href":"https:\/\/api.w.org\/{rel}","templated":true}]}}