{"id":46100,"date":"2024-09-11T14:27:17","date_gmt":"2024-09-11T17:27:17","guid":{"rendered":"https:\/\/radiorevelacionfm.cl\/?p=46100"},"modified":"2024-09-11T14:27:18","modified_gmt":"2024-09-11T17:27:18","slug":"recuperaran-espacios-publicos-y-se-ejecutaran-nuevas-obras-gore-aprobo-12-iniciativas-fril-para-comuna-coyhaique","status":"publish","type":"post","link":"https:\/\/radiorevelacionfm.cl\/?p=46100","title":{"rendered":"Recuperar\u00e1n espacios p\u00fablicos y se ejecutar\u00e1n nuevas obras: GORE aprob\u00f3 12 iniciativas FRIL para comuna Coyhaique"},"content":{"rendered":"<div class=\"flex_column av_one_full  flex_column_div av-zero-column-padding first  avia-builder-el-0  el_before_av_one_full  avia-builder-el-first  \" style='border-radius:0px; '><div  class='avia-image-container  av-styling-    avia-builder-el-1  avia-builder-el-no-sibling  avia-align-center '  itemprop=\"image\" itemscope=\"itemscope\" itemtype=\"https:\/\/schema.org\/ImageObject\"  ><div class='avia-image-container-inner'><div class='avia-image-overlay-wrap'><img decoding=\"async\" class='wp-image-46101 avia-img-lazy-loading-not-46101 avia_image' src=\"https:\/\/radiorevelacionfm.cl\/wp-content\/uploads\/2024\/09\/Alcalde-en-CORE-1-1.jpg\" alt='' title='Alcalde en CORE (1) (1)' height=\"600\" width=\"805\"  itemprop=\"thumbnailUrl\" srcset=\"https:\/\/radiorevelacionfm.cl\/wp-content\/uploads\/2024\/09\/Alcalde-en-CORE-1-1.jpg 805w, https:\/\/radiorevelacionfm.cl\/wp-content\/uploads\/2024\/09\/Alcalde-en-CORE-1-1-300x224.jpg 300w, https:\/\/radiorevelacionfm.cl\/wp-content\/uploads\/2024\/09\/Alcalde-en-CORE-1-1-768x572.jpg 768w, https:\/\/radiorevelacionfm.cl\/wp-content\/uploads\/2024\/09\/Alcalde-en-CORE-1-1-705x525.jpg 705w, https:\/\/radiorevelacionfm.cl\/wp-content\/uploads\/2024\/09\/Alcalde-en-CORE-1-1-450x335.jpg 450w, https:\/\/radiorevelacionfm.cl\/wp-content\/uploads\/2024\/09\/Alcalde-en-CORE-1-1-600x447.jpg 600w\" sizes=\"(max-width: 805px) 100vw, 805px\" \/><\/div><\/div><\/div><\/div>\n<div class=\"flex_column av_one_full  flex_column_div av-zero-column-padding first  avia-builder-el-2  el_after_av_one_full  el_before_av_one_full  column-top-margin\" style='border-radius:0px; '><section class=\"av_textblock_section \"  itemscope=\"itemscope\" itemtype=\"https:\/\/schema.org\/BlogPosting\" itemprop=\"blogPost\" ><div class='avia_textblock  '   itemprop=\"text\" ><p style=\"text-align: center;\"><strong><span style=\"font-size: 18pt;\">Recuperar\u00e1n espacios p\u00fablicos y se ejecutar\u00e1n nuevas obras: GORE aprob\u00f3 12 iniciativas FRIL para comuna Coyhaique<\/span><\/strong><\/p>\n<div id=\"gtx-trans\" style=\"position: absolute; left: -50px; top: 4.31534px;\">\n<div class=\"gtx-trans-icon\"><\/div>\n<\/div>\n<\/div><\/section><\/div><div class=\"flex_column av_one_full  flex_column_div av-zero-column-padding first  avia-builder-el-4  el_after_av_one_full  el_before_av_hr  column-top-margin\" style='border-radius:0px; '><section class=\"av_textblock_section \"  itemscope=\"itemscope\" itemtype=\"https:\/\/schema.org\/BlogPosting\" itemprop=\"blogPost\" ><div class='avia_textblock  '   itemprop=\"text\" ><p style=\"text-align: justify;\">El Consejo Regional de Ays\u00e9n otorg\u00f3 la aprobaci\u00f3n al Municipio de Coyhaique de 12 iniciativas que ser\u00e1n financiadas por el Fondo Regional de Iniciativa Local (FRIL), entre las que destacan, la reposici\u00f3n de multicanchas y la construcci\u00f3n de nuevas multicanchas en el sector urbano y rural, adem\u00e1s del mejoramiento al balneario de Tejas Verdes, la construcci\u00f3n de la sede social Cerro Negro y sede de la Asociaci\u00f3n Gremial Agr\u00edcola y Ganadera R\u00edo La Paloma, mejoramientos de los gimnasios Fiscal y Regional, y tambi\u00e9n el mejoramiento de veredas y calzadas .<\/p>\n<p style=\"text-align: justify;\">Varios fueron los dirigentes que estuvieron presentes en la sesi\u00f3n extraordinaria realizada, entre ellos, Ricardo Inojoza, presidente de la Junta de Vecinos Teniente Merino, que expres\u00f3 tras la aprobaci\u00f3n del Consejo Regional que \u201cagradecemos al alcalde, Carlos Gatica y al equipo municipal por esta iniciativa presentada al Gobierno Regional de la reposici\u00f3n de la cancha deportiva de nuestro sector que es un anhelo de nuestros vecinos, hace 25 a\u00f1os no se hab\u00eda invertido en el sector y ahora contaremos con una mejor cancha deportiva, que esperamos los ni\u00f1os del sector puedan disfrutarla, por ende, vaya nuestro agradecimiento tambi\u00e9n al Gobierno Regional por este financiamiento\u201d.<\/p>\n<p style=\"text-align: justify;\">Por su parte, el alcalde de Coyhaique, Carlos Gatica, manifest\u00f3 que \u201cagradecemos la voluntad de cada consejero y consejera que aprob\u00f3, por supuesto, tambi\u00e9n de nuestra gobernadora y de los dirigentes sociales que nos acompa\u00f1an. Son proyectos importantes no tan s\u00f3lo por el sector al que se les est\u00e1 cubriendo una necesidad sino tambi\u00e9n por el tiempo que llevaban esperando, ten\u00edamos vecinos con 40 a\u00f1os esperando alg\u00fan espacio, como el caso de sede para la agrupaci\u00f3n productiva y ganadera del R\u00edo La Paloma, tenemos otros proyectos de multicanchas que no eran reparadas hace 30 a\u00f1os, por tanto, sabemos que esta inversi\u00f3n permitir\u00e1 recuperar esos espacios p\u00fablicos y mejorar la calidad de vida de los vecinos\u201d.<\/p>\n<p style=\"text-align: justify;\">\u201cTenemos proyectos que superan los $2.300 millones de pesos, lo que va a generar empleos, va a revindicar sus necesidades que hemos trabajado en conjunto, aqu\u00ed hay proyectos del sector urbano y rural, como la localidad de Balmaceda, que no tiene una multicancha para sus ni\u00f1os y adolescentes, tiene solamente un gimnasio cuyas condiciones no son las \u00f3ptimas y en las que estamos avanzando en su proyecto de reposici\u00f3n a trav\u00e9s del programa Peque\u00f1as Localidades, y hoy gracias a este proyecto vamos a poder construir un espacio deportivo los ni\u00f1os de Balmaceda, porque el vivir en un sector rural no puede generar esas diferencias con el sector urbano en el acceso al deporte, la cultura y otras actividades\u201d.<\/p>\n<p style=\"text-align: justify;\">En esa l\u00ednea, Aaron Mart\u00ednez, dirigente del Club Deportivo O&#8217;Higgins, destac\u00f3 que \u201cestamos muy contentos por la aprobaci\u00f3n de la cancha de pasto sint\u00e9tico que va a servir para el desarrollo de nuestra parte formativa en todas las divisiones de nuestro club, queremos agradecer a las autoridades por el apoyo a esta iniciativa, es un trabajo que se ha hecho con una buena disposici\u00f3n del alcalde, que nos ha colaborado tambi\u00e9n con nuestra sede, indumentaria para los equipos y espacios para las pr\u00e1cticas deportivas, es importante para nosotros ya que nuestro club data de 1939\u201d.<\/p>\n<p style=\"text-align: justify;\">Finalmente, la gobernadora regional, Andrea Mac\u00edas, concluy\u00f3 que \u201cestas son muy buenas noticias, ya que las 12 iniciativas presentadas por el Municipio de Coyhaique fueron aprobadas y agradecemos a nuestro Consejo Regional por su disposici\u00f3n para avanzar en este proceso, es la primera vez que el CORE se pronuncia sobre el financiamiento de iniciativas FRIL en este a\u00f1o 2024, lo que cambia la forma en que se viene trabajando y tambi\u00e9n apertura espacios de mayor transparencia, para que la ciudadan\u00eda pueda conocer cu\u00e1les son las iniciativas que se est\u00e1n presentando, cu\u00e1les est\u00e1n con financiamiento y cu\u00e1les son los tiempos en los que estas debieran ejecutarse\u201d.<\/p>\n<\/div><\/section><\/div><\/p>\n<div  style='height:50px' class='hr hr-invisible   avia-builder-el-6  el_after_av_one_full  el_before_av_social_share '><span class='hr-inner ' ><span class='hr-inner-style'><\/span><\/span><\/div>\n<div  class='av-social-sharing-box  avia-builder-el-7  el_after_av_hr  el_before_av_hr  '><div class='av-share-box'><h5 class='av-share-link-description av-no-toc '>Compartir esta noticia<\/h5><ul class='av-share-box-list noLightbox'><li class='av-share-link av-social-link-facebook' ><a target=\"_blank\" aria-label=\"Compartir en Facebook\" href='https:\/\/www.facebook.com\/sharer.php?u=https:\/\/radiorevelacionfm.cl\/?p=46100&#038;t=Recuperar%C3%A1n%20espacios%20p%C3%BAblicos%20y%20se%20ejecutar%C3%A1n%20nuevas%20obras%3A%20GORE%20aprob%C3%B3%2012%20iniciativas%20FRIL%20para%20comuna%20Coyhaique' aria-hidden='false' data-av_icon='\ue8f3' data-av_iconfont='entypo-fontello' title='' data-avia-related-tooltip='Compartir en Facebook' rel=\"noopener\"><span class='avia_hidden_link_text'>Compartir en Facebook<\/span><\/a><\/li><li class='av-share-link av-social-link-twitter' ><a target=\"_blank\" aria-label=\"Compartir en Twitter\" href='https:\/\/twitter.com\/share?text=Recuperar%C3%A1n%20espacios%20p%C3%BAblicos%20y%20se%20ejecutar%C3%A1n%20nuevas%20obras%3A%20GORE%20aprob%C3%B3%2012%20iniciativas%20FRIL%20para%20comuna%20Coyhaique&#038;url=https:\/\/radiorevelacionfm.cl\/?p=46100' aria-hidden='false' data-av_icon='\ue8f1' data-av_iconfont='entypo-fontello' title='' data-avia-related-tooltip='Compartir en Twitter' rel=\"noopener\"><span class='avia_hidden_link_text'>Compartir en Twitter<\/span><\/a><\/li><li class='av-share-link av-social-link-whatsapp' ><a target=\"_blank\" aria-label=\"Compartir en Whatsapp\" href='https:\/\/api.whatsapp.com\/send?text=https:\/\/radiorevelacionfm.cl\/?p=46100' aria-hidden='false' data-av_icon='\uf232' data-av_iconfont='entypo-fontello' title='' data-avia-related-tooltip='Compartir en Whatsapp' rel=\"noopener\"><span class='avia_hidden_link_text'>Compartir en Whatsapp<\/span><\/a><\/li><li class='av-share-link av-social-link-linkedin' ><a target=\"_blank\" aria-label=\"Compartir en LinkedIn\" href='https:\/\/linkedin.com\/shareArticle?mini=true&#038;title=Recuperar%C3%A1n%20espacios%20p%C3%BAblicos%20y%20se%20ejecutar%C3%A1n%20nuevas%20obras%3A%20GORE%20aprob%C3%B3%2012%20iniciativas%20FRIL%20para%20comuna%20Coyhaique&#038;url=https:\/\/radiorevelacionfm.cl\/?p=46100' aria-hidden='false' data-av_icon='\ue8fc' data-av_iconfont='entypo-fontello' title='' data-avia-related-tooltip='Compartir en LinkedIn' rel=\"noopener\"><span class='avia_hidden_link_text'>Compartir en LinkedIn<\/span><\/a><\/li><li class='av-share-link av-social-link-mail' ><a  aria-label=\"Compartir por correo\" href='mailto:?subject=Recuperar%C3%A1n%20espacios%20p%C3%BAblicos%20y%20se%20ejecutar%C3%A1n%20nuevas%20obras%3A%20GORE%20aprob%C3%B3%2012%20iniciativas%20FRIL%20para%20comuna%20Coyhaique&#038;body=https:\/\/radiorevelacionfm.cl\/?p=46100' aria-hidden='false' data-av_icon='\ue805' data-av_iconfont='entypo-fontello' title='' data-avia-related-tooltip='Compartir por correo'><span class='avia_hidden_link_text'>Compartir por correo<\/span><\/a><\/li><\/ul><\/div><\/div>\n<div  style='height:50px' class='hr hr-invisible   avia-builder-el-8  el_after_av_social_share  el_before_av_comments_list '><span class='hr-inner ' ><span class='hr-inner-style'><\/span><\/span><\/div>\n<div  class='av-buildercomment  av-blog-meta-html-info-disabled av-blog-meta-tag-disabled  '><\/div>\n","protected":false},"excerpt":{"rendered":"","protected":false},"author":1,"featured_media":46101,"comment_status":"open","ping_status":"open","sticky":false,"template":"","format":"standard","meta":{"footnotes":""},"categories":[38],"tags":[],"class_list":["post-46100","post","type-post","status-publish","format-standard","has-post-thumbnail","hentry","category-regional"],"jetpack_featured_media_url":"https:\/\/radiorevelacionfm.cl\/wp-content\/uploads\/2024\/09\/Alcalde-en-CORE-1-1.jpg","_links":{"self":[{"href":"https:\/\/radiorevelacionfm.cl\/index.php?rest_route=\/wp\/v2\/posts\/46100","targetHints":{"allow":["GET"]}}],"collection":[{"href":"https:\/\/radiorevelacionfm.cl\/index.php?rest_route=\/wp\/v2\/posts"}],"about":[{"href":"https:\/\/radiorevelacionfm.cl\/index.php?rest_route=\/wp\/v2\/types\/post"}],"author":[{"embeddable":true,"href":"https:\/\/radiorevelacionfm.cl\/index.php?rest_route=\/wp\/v2\/users\/1"}],"replies":[{"embeddable":true,"href":"https:\/\/radiorevelacionfm.cl\/index.php?rest_route=%2Fwp%2Fv2%2Fcomments&post=46100"}],"version-history":[{"count":2,"href":"https:\/\/radiorevelacionfm.cl\/index.php?rest_route=\/wp\/v2\/posts\/46100\/revisions"}],"predecessor-version":[{"id":46139,"href":"https:\/\/radiorevelacionfm.cl\/index.php?rest_route=\/wp\/v2\/posts\/46100\/revisions\/46139"}],"wp:featuredmedia":[{"embeddable":true,"href":"https:\/\/radiorevelacionfm.cl\/index.php?rest_route=\/wp\/v2\/media\/46101"}],"wp:attachment":[{"href":"https:\/\/radiorevelacionfm.cl\/index.php?rest_route=%2Fwp%2Fv2%2Fmedia&parent=46100"}],"wp:term":[{"taxonomy":"category","embeddable":true,"href":"https:\/\/radiorevelacionfm.cl\/index.php?rest_route=%2Fwp%2Fv2%2Fcategories&post=46100"},{"taxonomy":"post_tag","embeddable":true,"href":"https:\/\/radiorevelacionfm.cl\/index.php?rest_route=%2Fwp%2Fv2%2Ftags&post=46100"}],"curies":[{"name":"wp","href":"https:\/\/api.w.org\/{rel}","templated":true}]}}