{"id":4610,"date":"2021-05-27T20:17:42","date_gmt":"2021-05-27T23:17:42","guid":{"rendered":"https:\/\/radiorevelacionfm.cl\/?p=4610"},"modified":"2021-05-27T20:17:42","modified_gmt":"2021-05-27T23:17:42","slug":"seis-postas-de-salud-rural-de-la-region-de-aysen-podran-acceder-a-la-nueva-red-5g","status":"publish","type":"post","link":"https:\/\/radiorevelacionfm.cl\/?p=4610","title":{"rendered":"Seis Postas de Salud Rural de la regi\u00f3n de Ays\u00e9n podr\u00e1n acceder a la nueva Red 5G"},"content":{"rendered":"<div class=\"flex_column av_one_full  flex_column_div av-zero-column-padding first  avia-builder-el-0  el_before_av_one_full  avia-builder-el-first  \" style='border-radius:0px; '><div  class='avia-image-container  av-styling-    avia-builder-el-1  avia-builder-el-no-sibling  avia-align-center '  itemprop=\"image\" itemscope=\"itemscope\" itemtype=\"https:\/\/schema.org\/ImageObject\"  ><div class='avia-image-container-inner'><div class='avia-image-overlay-wrap'><img decoding=\"async\" class='wp-image-0 avia-img-lazy-loading-not-0 avia_image' src=\"https:\/\/radiorevelacionfm.cl\/wp-content\/uploads\/2021\/05\/5G-Telemedicina-1-1.jpg\" alt='' title=''   itemprop=\"thumbnailUrl\"  \/><\/div><\/div><\/div><\/div><div class=\"flex_column av_one_full  flex_column_div av-zero-column-padding first  avia-builder-el-2  el_after_av_one_full  el_before_av_one_full  column-top-margin\" style='border-radius:0px; '><section class=\"av_textblock_section \"  itemscope=\"itemscope\" itemtype=\"https:\/\/schema.org\/BlogPosting\" itemprop=\"blogPost\" ><div class='avia_textblock  '   itemprop=\"text\" ><p style=\"text-align: center;\"><strong><span style=\"font-size: 18pt;\">Seis Postas de Salud Rural de la regi\u00f3n de Ays\u00e9n podr\u00e1n acceder a la nueva Red 5G<\/span><\/strong><\/p>\n<div id=\"gtx-trans\" style=\"position: absolute; left: -50px; top: 4.31534px;\">\n<div class=\"gtx-trans-icon\"><\/div>\n<\/div>\n<\/div><\/section><\/div><div class=\"flex_column av_one_full  flex_column_div av-zero-column-padding first  avia-builder-el-4  el_after_av_one_full  el_before_av_hr  column-top-margin\" style='border-radius:0px; '><section class=\"av_textblock_section \"  itemscope=\"itemscope\" itemtype=\"https:\/\/schema.org\/BlogPosting\" itemprop=\"blogPost\" ><div class='avia_textblock  '   itemprop=\"text\" ><p style=\"font-weight: 400; text-align: justify;\">La reducci\u00f3n de la brecha digital en Chile sigue a paso firme. Esto, pues 358 postas rurales a nivel nacional tendr\u00e1n acceso al 5G al encontrarse en zonas donde las empresas adjudicatarias deben otorgar cobertura de manera obligatoria, seg\u00fan lo establecido en los Concursos P\u00fablicos que licitaron dicha red a fines de 2020 y comienzos de este a\u00f1o. De estas, seis figuran en la Regi\u00f3n de Ays\u00e9n.<\/p>\n<p style=\"font-weight: 400; text-align: justify;\">De esta manera, dichos establecimientos se suman a los 199 hospitales p\u00fablicos de Chile de los cuales 5 pertenecen a la regi\u00f3n de Ays\u00e9n, que tambi\u00e9n estar\u00e1n conectados a 5G, cre\u00e1ndose as\u00ed un nuevo ecosistema digital en los recintos de salud p\u00fablica del pa\u00eds. Esto impulsar\u00e1, entre otras cosas, la Telemedicina.<\/p>\n<p style=\"font-weight: 400; text-align: justify;\">\u201cEsto representa un beneficio concreto en materia de despliegue de nuevas redes y nuevas tecnolog\u00edas, gener\u00e1ndose un impacto positivo para los distintos sectores como lo es la salud\u201d, indic\u00f3 la Ministra de Transporte y Telecomunicaciones, Gloria Hutt, quien agreg\u00f3 que \u201cesperamos que el despliegue de esta nueva red, la cual abarcar\u00e1 los recintos de salud a nivel nacional, sea el inicio de nuevas aplicaciones que permitan a los usuarios no desplazarse en grandes distancias para ser atendidos y obtener un diagn\u00f3stico\u201d.<\/p>\n<p style=\"font-weight: 400; text-align: justify;\">Por su parte, la Subsecretaria de Telecomunicaciones, Pamela Gidi, se\u00f1al\u00f3 que \u201ccuando elaboramos los Concursos P\u00fablicos 5G definimos que el alcance de las redes deb\u00edan llegar a distintos sectores, entre los cuales, figura el de la salud. Esto, pues el que haya m\u00e1s redes de alta velocidad posibilita una transformaci\u00f3n digital temprana que, en el caso de la salud, fomentar\u00e1 la Telemedicina, con atenci\u00f3n y diagn\u00f3stico a distancia en tiempo real, as\u00ed como el desarrollo de nuevas aplicaciones, las cuales no solo permitir\u00e1n actualizar los procedimientos de los distintos establecimientos, sino que tambi\u00e9n, mejorar\u00e1n la calidad de vida de todas las personas que viven a lo largo del pa\u00eds\u201d.<\/p>\n<p style=\"font-weight: 400; text-align: justify;\">En tanto, el SeremiTT de Ays\u00e9n, Fabi\u00e1n Rojas, puntualiz\u00f3 que \u201cQu\u00e9 importante es que nuestros servicios hospitalarios cuenten con tecnolog\u00eda de punta para atender a nuestros vecinos. Por eso hacemos el anuncio de que 6 postas rurales de la regi\u00f3n van a poder contar con la red 5G para poder acceder de esta manera a lo \u00faltimo de tecnolog\u00eda en medicina. Las postas rurales de Balmaceda, de Ib\u00e1\u00f1ez, de Cerro Castillo, de Ma\u00f1ihuales, de Puyuhuapi y de Villa Amengual, van a acceder y se van a incorporar a esta red de establecimientos de salud que van a tener tecnolog\u00eda 5G. Nos llena de orgullo ver los resultados de los trabajos que se han realizado en materia de telecomunicaciones como ministerio ac\u00e1 en Ays\u00e9n\u201d.<\/p>\n<p style=\"font-weight: 400; text-align: justify;\"><strong>\u00a0<\/strong><\/p>\n<\/div><\/section><\/div><div  style='height:50px' class='hr hr-invisible   avia-builder-el-6  el_after_av_one_full  el_before_av_social_share '><span class='hr-inner ' ><span class='hr-inner-style'><\/span><\/span><\/div><\/p>\n<div  class='av-social-sharing-box  avia-builder-el-7  el_after_av_hr  el_before_av_hr  '><div class='av-share-box'><h5 class='av-share-link-description av-no-toc '>Compartir esta noticia<\/h5><ul class='av-share-box-list noLightbox'><li class='av-share-link av-social-link-facebook' ><a target=\"_blank\" aria-label=\"Compartir en Facebook\" href='https:\/\/www.facebook.com\/sharer.php?u=https:\/\/radiorevelacionfm.cl\/?p=4610&#038;t=Seis%20Postas%20de%20Salud%20Rural%20de%20la%20regi%C3%B3n%20de%20Ays%C3%A9n%20podr%C3%A1n%20acceder%20a%20la%20nueva%20Red%205G' aria-hidden='false' data-av_icon='\ue8f3' data-av_iconfont='entypo-fontello' title='' data-avia-related-tooltip='Compartir en Facebook' rel=\"noopener\"><span class='avia_hidden_link_text'>Compartir en Facebook<\/span><\/a><\/li><li class='av-share-link av-social-link-twitter' ><a target=\"_blank\" aria-label=\"Compartir en Twitter\" href='https:\/\/twitter.com\/share?text=Seis%20Postas%20de%20Salud%20Rural%20de%20la%20regi%C3%B3n%20de%20Ays%C3%A9n%20podr%C3%A1n%20acceder%20a%20la%20nueva%20Red%205G&#038;url=https:\/\/radiorevelacionfm.cl\/?p=4610' aria-hidden='false' data-av_icon='\ue8f1' data-av_iconfont='entypo-fontello' title='' data-avia-related-tooltip='Compartir en Twitter' rel=\"noopener\"><span class='avia_hidden_link_text'>Compartir en Twitter<\/span><\/a><\/li><li class='av-share-link av-social-link-whatsapp' ><a target=\"_blank\" aria-label=\"Compartir en Whatsapp\" href='https:\/\/api.whatsapp.com\/send?text=https:\/\/radiorevelacionfm.cl\/?p=4610' aria-hidden='false' data-av_icon='\uf232' data-av_iconfont='entypo-fontello' title='' data-avia-related-tooltip='Compartir en Whatsapp' rel=\"noopener\"><span class='avia_hidden_link_text'>Compartir en Whatsapp<\/span><\/a><\/li><li class='av-share-link av-social-link-linkedin' ><a target=\"_blank\" aria-label=\"Compartir en LinkedIn\" href='https:\/\/linkedin.com\/shareArticle?mini=true&#038;title=Seis%20Postas%20de%20Salud%20Rural%20de%20la%20regi%C3%B3n%20de%20Ays%C3%A9n%20podr%C3%A1n%20acceder%20a%20la%20nueva%20Red%205G&#038;url=https:\/\/radiorevelacionfm.cl\/?p=4610' aria-hidden='false' data-av_icon='\ue8fc' data-av_iconfont='entypo-fontello' title='' data-avia-related-tooltip='Compartir en LinkedIn' rel=\"noopener\"><span class='avia_hidden_link_text'>Compartir en LinkedIn<\/span><\/a><\/li><li class='av-share-link av-social-link-mail' ><a  aria-label=\"Compartir por correo\" href='mailto:?subject=Seis%20Postas%20de%20Salud%20Rural%20de%20la%20regi%C3%B3n%20de%20Ays%C3%A9n%20podr%C3%A1n%20acceder%20a%20la%20nueva%20Red%205G&#038;body=https:\/\/radiorevelacionfm.cl\/?p=4610' aria-hidden='false' data-av_icon='\ue805' data-av_iconfont='entypo-fontello' title='' data-avia-related-tooltip='Compartir por correo'><span class='avia_hidden_link_text'>Compartir por correo<\/span><\/a><\/li><\/ul><\/div><\/div>\n<div  style='height:50px' class='hr hr-invisible   avia-builder-el-8  el_after_av_social_share  el_before_av_comments_list '><span class='hr-inner ' ><span class='hr-inner-style'><\/span><\/span><\/div>\n<div  class='av-buildercomment  av-blog-meta-html-info-disabled av-blog-meta-tag-disabled  '><\/div>\n","protected":false},"excerpt":{"rendered":"","protected":false},"author":1,"featured_media":0,"comment_status":"open","ping_status":"open","sticky":false,"template":"","format":"standard","meta":{"footnotes":""},"categories":[46,59],"tags":[],"class_list":["post-4610","post","type-post","status-publish","format-standard","hentry","category-salud","category-transporte"],"jetpack_featured_media_url":"","_links":{"self":[{"href":"https:\/\/radiorevelacionfm.cl\/index.php?rest_route=\/wp\/v2\/posts\/4610","targetHints":{"allow":["GET"]}}],"collection":[{"href":"https:\/\/radiorevelacionfm.cl\/index.php?rest_route=\/wp\/v2\/posts"}],"about":[{"href":"https:\/\/radiorevelacionfm.cl\/index.php?rest_route=\/wp\/v2\/types\/post"}],"author":[{"embeddable":true,"href":"https:\/\/radiorevelacionfm.cl\/index.php?rest_route=\/wp\/v2\/users\/1"}],"replies":[{"embeddable":true,"href":"https:\/\/radiorevelacionfm.cl\/index.php?rest_route=%2Fwp%2Fv2%2Fcomments&post=4610"}],"version-history":[{"count":1,"href":"https:\/\/radiorevelacionfm.cl\/index.php?rest_route=\/wp\/v2\/posts\/4610\/revisions"}],"predecessor-version":[{"id":4612,"href":"https:\/\/radiorevelacionfm.cl\/index.php?rest_route=\/wp\/v2\/posts\/4610\/revisions\/4612"}],"wp:attachment":[{"href":"https:\/\/radiorevelacionfm.cl\/index.php?rest_route=%2Fwp%2Fv2%2Fmedia&parent=4610"}],"wp:term":[{"taxonomy":"category","embeddable":true,"href":"https:\/\/radiorevelacionfm.cl\/index.php?rest_route=%2Fwp%2Fv2%2Fcategories&post=4610"},{"taxonomy":"post_tag","embeddable":true,"href":"https:\/\/radiorevelacionfm.cl\/index.php?rest_route=%2Fwp%2Fv2%2Ftags&post=4610"}],"curies":[{"name":"wp","href":"https:\/\/api.w.org\/{rel}","templated":true}]}}