{"id":46094,"date":"2024-09-10T19:25:01","date_gmt":"2024-09-10T22:25:01","guid":{"rendered":"https:\/\/radiorevelacionfm.cl\/?p=46094"},"modified":"2024-09-10T19:25:01","modified_gmt":"2024-09-10T22:25:01","slug":"empresa-electrica-realizara-trabajos-de-emergencia-en-puerto-aysen-la-madrugada-del-miercoles","status":"publish","type":"post","link":"https:\/\/radiorevelacionfm.cl\/?p=46094","title":{"rendered":"Empresa El\u00e9ctrica realizar\u00e1 trabajos de emergencia en Puerto Ays\u00e9n la madrugada del mi\u00e9rcoles"},"content":{"rendered":"<div class=\"flex_column av_one_full  flex_column_div av-zero-column-padding first  avia-builder-el-0  el_before_av_one_full  avia-builder-el-first  \" style='border-radius:0px; '><div  class='avia-image-container  av-styling-    avia-builder-el-1  avia-builder-el-no-sibling  avia-align-center '  itemprop=\"image\" itemscope=\"itemscope\" itemtype=\"https:\/\/schema.org\/ImageObject\"  ><div class='avia-image-container-inner'><div class='avia-image-overlay-wrap'><img decoding=\"async\" class='wp-image-46095 avia-img-lazy-loading-not-46095 avia_image' src=\"https:\/\/radiorevelacionfm.cl\/wp-content\/uploads\/2024\/09\/central-puerto-aysen-1-1_optimized-1.jpeg\" alt='' title='central-puerto-ays\u00e9n-(1)-(1)_optimized (1)' height=\"600\" width=\"800\"  itemprop=\"thumbnailUrl\" srcset=\"https:\/\/radiorevelacionfm.cl\/wp-content\/uploads\/2024\/09\/central-puerto-aysen-1-1_optimized-1.jpeg 800w, https:\/\/radiorevelacionfm.cl\/wp-content\/uploads\/2024\/09\/central-puerto-aysen-1-1_optimized-1-300x225.jpeg 300w, https:\/\/radiorevelacionfm.cl\/wp-content\/uploads\/2024\/09\/central-puerto-aysen-1-1_optimized-1-768x576.jpeg 768w, https:\/\/radiorevelacionfm.cl\/wp-content\/uploads\/2024\/09\/central-puerto-aysen-1-1_optimized-1-705x529.jpeg 705w, https:\/\/radiorevelacionfm.cl\/wp-content\/uploads\/2024\/09\/central-puerto-aysen-1-1_optimized-1-450x338.jpeg 450w, https:\/\/radiorevelacionfm.cl\/wp-content\/uploads\/2024\/09\/central-puerto-aysen-1-1_optimized-1-600x450.jpeg 600w\" sizes=\"(max-width: 800px) 100vw, 800px\" \/><\/div><\/div><\/div><\/div><div class=\"flex_column av_one_full  flex_column_div av-zero-column-padding first  avia-builder-el-2  el_after_av_one_full  el_before_av_one_full  column-top-margin\" style='border-radius:0px; '><section class=\"av_textblock_section \"  itemscope=\"itemscope\" itemtype=\"https:\/\/schema.org\/BlogPosting\" itemprop=\"blogPost\" ><div class='avia_textblock  '   itemprop=\"text\" ><p style=\"text-align: center;\"><strong><span style=\"font-size: 18pt;\">Empresa El\u00e9ctrica realizar\u00e1 trabajos de emergencia en Puerto Ays\u00e9n la madrugada del mi\u00e9rcoles<\/span><\/strong><\/p>\n<div id=\"gtx-trans\" style=\"position: absolute; left: -50px; top: 4.31534px;\">\n<div class=\"gtx-trans-icon\"><\/div>\n<\/div>\n<\/div><\/section><\/div><div class=\"flex_column av_one_full  flex_column_div av-zero-column-padding first  avia-builder-el-4  el_after_av_one_full  el_before_av_hr  column-top-margin\" style='border-radius:0px; '><section class=\"av_textblock_section \"  itemscope=\"itemscope\" itemtype=\"https:\/\/schema.org\/BlogPosting\" itemprop=\"blogPost\" ><div class='avia_textblock  '   itemprop=\"text\" ><p style=\"text-align: justify;\">Edelaysen informa a la comunidad de Puerto Ays\u00e9n que, producto de un reciente mantenimiento preventivo, se ha detectado la necesidad de realizar trabajos cr\u00edticos en la central el\u00e9ctrica para asegurar la continuidad y calidad del servicio. Estos trabajos se llevar\u00e1n a cabo durante la madrugada del mi\u00e9rcoles 11 de septiembre, entre la 01:00 y 04:00 horas, con el fin de afectar a la menor cantidad posible de clientes.<\/p>\n<p style=\"text-align: justify;\">Francisco Pavez, jefe de zona de Edelaysen, coment\u00f3: \u201cHemos detectado una situaci\u00f3n que requiere atenci\u00f3n inmediata tras nuestro mantenimiento preventivo. Con esto, buscamos asegurar la confiabilidad de nuestro sistema el\u00e9ctrico, por lo que hemos programado estas labores en un horario que genere el menor impacto posible en la comunidad.\u201d<\/p>\n<p style=\"text-align: justify;\">Cabe destacar que esta situaci\u00f3n ya ha sido informada a la municipalidad de Puerto Ays\u00e9n, con el objetivo de coordinar acciones y minimizar cualquier inconveniente para los habitantes.<\/p>\n<p style=\"text-align: justify;\">La empresa agradece la comprensi\u00f3n y colaboraci\u00f3n de los usuarios durante este proceso, recordando la importancia de estos trabajos cr\u00edticos para mantener un suministro confiable y seguro. Se recomienda a los clientes tomar las precauciones necesarias durante el corte programado.<\/p>\n<p style=\"text-align: justify;\">As\u00ed mismo, ante consultas, los clientes pueden contactarse a la l\u00ednea gratuita 800 600 803 o mediante los canales de atenci\u00f3n con los que cuenta la el\u00e9ctrica como p\u00e1gina web <a href=\"http:\/\/www.edelaysen.cl\">www.edelaysen.cl<\/a> \u00a0y aplicaci\u00f3n m\u00f3vil.<\/p>\n<\/div><\/section><\/div><div  style='height:50px' class='hr hr-invisible   avia-builder-el-6  el_after_av_one_full  el_before_av_social_share '><span class='hr-inner ' ><span class='hr-inner-style'><\/span><\/span><\/div><\/p>\n<div  class='av-social-sharing-box  avia-builder-el-7  el_after_av_hr  el_before_av_hr  '><div class='av-share-box'><h5 class='av-share-link-description av-no-toc '>Compartir esta noticia<\/h5><ul class='av-share-box-list noLightbox'><li class='av-share-link av-social-link-facebook' ><a target=\"_blank\" aria-label=\"Compartir en Facebook\" href='https:\/\/www.facebook.com\/sharer.php?u=https:\/\/radiorevelacionfm.cl\/?p=46094&#038;t=Empresa%20El%C3%A9ctrica%20realizar%C3%A1%20trabajos%20de%20emergencia%20en%20Puerto%20Ays%C3%A9n%20la%20madrugada%20del%20mi%C3%A9rcoles' aria-hidden='false' data-av_icon='\ue8f3' data-av_iconfont='entypo-fontello' title='' data-avia-related-tooltip='Compartir en Facebook' rel=\"noopener\"><span class='avia_hidden_link_text'>Compartir en Facebook<\/span><\/a><\/li><li class='av-share-link av-social-link-twitter' ><a target=\"_blank\" aria-label=\"Compartir en Twitter\" href='https:\/\/twitter.com\/share?text=Empresa%20El%C3%A9ctrica%20realizar%C3%A1%20trabajos%20de%20emergencia%20en%20Puerto%20Ays%C3%A9n%20la%20madrugada%20del%20mi%C3%A9rcoles&#038;url=https:\/\/radiorevelacionfm.cl\/?p=46094' aria-hidden='false' data-av_icon='\ue8f1' data-av_iconfont='entypo-fontello' title='' data-avia-related-tooltip='Compartir en Twitter' rel=\"noopener\"><span class='avia_hidden_link_text'>Compartir en Twitter<\/span><\/a><\/li><li class='av-share-link av-social-link-whatsapp' ><a target=\"_blank\" aria-label=\"Compartir en Whatsapp\" href='https:\/\/api.whatsapp.com\/send?text=https:\/\/radiorevelacionfm.cl\/?p=46094' aria-hidden='false' data-av_icon='\uf232' data-av_iconfont='entypo-fontello' title='' data-avia-related-tooltip='Compartir en Whatsapp' rel=\"noopener\"><span class='avia_hidden_link_text'>Compartir en Whatsapp<\/span><\/a><\/li><li class='av-share-link av-social-link-linkedin' ><a target=\"_blank\" aria-label=\"Compartir en LinkedIn\" href='https:\/\/linkedin.com\/shareArticle?mini=true&#038;title=Empresa%20El%C3%A9ctrica%20realizar%C3%A1%20trabajos%20de%20emergencia%20en%20Puerto%20Ays%C3%A9n%20la%20madrugada%20del%20mi%C3%A9rcoles&#038;url=https:\/\/radiorevelacionfm.cl\/?p=46094' aria-hidden='false' data-av_icon='\ue8fc' data-av_iconfont='entypo-fontello' title='' data-avia-related-tooltip='Compartir en LinkedIn' rel=\"noopener\"><span class='avia_hidden_link_text'>Compartir en LinkedIn<\/span><\/a><\/li><li class='av-share-link av-social-link-mail' ><a  aria-label=\"Compartir por correo\" href='mailto:?subject=Empresa%20El%C3%A9ctrica%20realizar%C3%A1%20trabajos%20de%20emergencia%20en%20Puerto%20Ays%C3%A9n%20la%20madrugada%20del%20mi%C3%A9rcoles&#038;body=https:\/\/radiorevelacionfm.cl\/?p=46094' aria-hidden='false' data-av_icon='\ue805' data-av_iconfont='entypo-fontello' title='' data-avia-related-tooltip='Compartir por correo'><span class='avia_hidden_link_text'>Compartir por correo<\/span><\/a><\/li><\/ul><\/div><\/div>\n<div  style='height:50px' class='hr hr-invisible   avia-builder-el-8  el_after_av_social_share  el_before_av_comments_list '><span class='hr-inner ' ><span class='hr-inner-style'><\/span><\/span><\/div>\n<div  class='av-buildercomment  av-blog-meta-html-info-disabled av-blog-meta-tag-disabled  '><\/div>\n","protected":false},"excerpt":{"rendered":"","protected":false},"author":1,"featured_media":46095,"comment_status":"open","ping_status":"open","sticky":false,"template":"","format":"standard","meta":{"footnotes":""},"categories":[38],"tags":[],"class_list":["post-46094","post","type-post","status-publish","format-standard","has-post-thumbnail","hentry","category-regional"],"jetpack_featured_media_url":"https:\/\/radiorevelacionfm.cl\/wp-content\/uploads\/2024\/09\/central-puerto-aysen-1-1_optimized-1.jpeg","_links":{"self":[{"href":"https:\/\/radiorevelacionfm.cl\/index.php?rest_route=\/wp\/v2\/posts\/46094","targetHints":{"allow":["GET"]}}],"collection":[{"href":"https:\/\/radiorevelacionfm.cl\/index.php?rest_route=\/wp\/v2\/posts"}],"about":[{"href":"https:\/\/radiorevelacionfm.cl\/index.php?rest_route=\/wp\/v2\/types\/post"}],"author":[{"embeddable":true,"href":"https:\/\/radiorevelacionfm.cl\/index.php?rest_route=\/wp\/v2\/users\/1"}],"replies":[{"embeddable":true,"href":"https:\/\/radiorevelacionfm.cl\/index.php?rest_route=%2Fwp%2Fv2%2Fcomments&post=46094"}],"version-history":[{"count":1,"href":"https:\/\/radiorevelacionfm.cl\/index.php?rest_route=\/wp\/v2\/posts\/46094\/revisions"}],"predecessor-version":[{"id":46096,"href":"https:\/\/radiorevelacionfm.cl\/index.php?rest_route=\/wp\/v2\/posts\/46094\/revisions\/46096"}],"wp:featuredmedia":[{"embeddable":true,"href":"https:\/\/radiorevelacionfm.cl\/index.php?rest_route=\/wp\/v2\/media\/46095"}],"wp:attachment":[{"href":"https:\/\/radiorevelacionfm.cl\/index.php?rest_route=%2Fwp%2Fv2%2Fmedia&parent=46094"}],"wp:term":[{"taxonomy":"category","embeddable":true,"href":"https:\/\/radiorevelacionfm.cl\/index.php?rest_route=%2Fwp%2Fv2%2Fcategories&post=46094"},{"taxonomy":"post_tag","embeddable":true,"href":"https:\/\/radiorevelacionfm.cl\/index.php?rest_route=%2Fwp%2Fv2%2Ftags&post=46094"}],"curies":[{"name":"wp","href":"https:\/\/api.w.org\/{rel}","templated":true}]}}