{"id":46088,"date":"2024-09-10T20:28:25","date_gmt":"2024-09-10T23:28:25","guid":{"rendered":"https:\/\/radiorevelacionfm.cl\/?p=46088"},"modified":"2024-09-10T20:28:25","modified_gmt":"2024-09-10T23:28:25","slug":"en-nirehuao-vecinos-y-servicios-publicos-conformaron-primera-mesa-territorial-para-fortalecer-su-tejido-social","status":"publish","type":"post","link":"https:\/\/radiorevelacionfm.cl\/?p=46088","title":{"rendered":"En \u00d1irehuao: Vecinos y servicios p\u00fablicos conformaron primera Mesa Territorial para fortalecer su tejido social"},"content":{"rendered":"<div class=\"flex_column av_one_full  flex_column_div av-zero-column-padding first  avia-builder-el-0  el_before_av_one_full  avia-builder-el-first  \" style='border-radius:0px; '><div  class='avia-image-container  av-styling-    avia-builder-el-1  avia-builder-el-no-sibling  avia-align-center '  itemprop=\"image\" itemscope=\"itemscope\" itemtype=\"https:\/\/schema.org\/ImageObject\"  ><div class='avia-image-container-inner'><div class='avia-image-overlay-wrap'><img decoding=\"async\" class='wp-image-46089 avia-img-lazy-loading-not-46089 avia_image' src=\"https:\/\/radiorevelacionfm.cl\/wp-content\/uploads\/2024\/09\/Nirehuao1-1-1.jpeg\" alt='' title='\u00d1irehuao1 (1) (1)' height=\"600\" width=\"1067\"  itemprop=\"thumbnailUrl\" srcset=\"https:\/\/radiorevelacionfm.cl\/wp-content\/uploads\/2024\/09\/Nirehuao1-1-1.jpeg 1067w, https:\/\/radiorevelacionfm.cl\/wp-content\/uploads\/2024\/09\/Nirehuao1-1-1-300x169.jpeg 300w, https:\/\/radiorevelacionfm.cl\/wp-content\/uploads\/2024\/09\/Nirehuao1-1-1-1030x579.jpeg 1030w, https:\/\/radiorevelacionfm.cl\/wp-content\/uploads\/2024\/09\/Nirehuao1-1-1-768x432.jpeg 768w, https:\/\/radiorevelacionfm.cl\/wp-content\/uploads\/2024\/09\/Nirehuao1-1-1-705x396.jpeg 705w, https:\/\/radiorevelacionfm.cl\/wp-content\/uploads\/2024\/09\/Nirehuao1-1-1-450x253.jpeg 450w, https:\/\/radiorevelacionfm.cl\/wp-content\/uploads\/2024\/09\/Nirehuao1-1-1-600x337.jpeg 600w\" sizes=\"(max-width: 1067px) 100vw, 1067px\" \/><\/div><\/div><\/div><\/div><div class=\"flex_column av_one_full  flex_column_div av-zero-column-padding first  avia-builder-el-2  el_after_av_one_full  el_before_av_one_full  column-top-margin\" style='border-radius:0px; '><section class=\"av_textblock_section \"  itemscope=\"itemscope\" itemtype=\"https:\/\/schema.org\/BlogPosting\" itemprop=\"blogPost\" ><div class='avia_textblock  '   itemprop=\"text\" ><p style=\"text-align: center;\"><strong><span style=\"font-size: 18pt;\">En \u00d1irehuao: Vecinos y servicios p\u00fablicos conformaron primera Mesa Territorial para fortalecer su tejido social<\/span><\/strong><\/p>\n<div id=\"gtx-trans\" style=\"position: absolute; left: -50px; top: 4.31534px;\">\n<div class=\"gtx-trans-icon\"><\/div>\n<\/div>\n<\/div><\/section><\/div><div class=\"flex_column av_one_full  flex_column_div av-zero-column-padding first  avia-builder-el-4  el_after_av_one_full  el_before_av_hr  column-top-margin\" style='border-radius:0px; '><section class=\"av_textblock_section \"  itemscope=\"itemscope\" itemtype=\"https:\/\/schema.org\/BlogPosting\" itemprop=\"blogPost\" ><div class='avia_textblock  '   itemprop=\"text\" ><p style=\"text-align: justify;\">El pasado viernes 06 de septiembre, con la participaci\u00f3n de diversos servicios p\u00fablicos, se llev\u00f3 a cabo la constituci\u00f3n de la Primera Mesa Territorial de la localidad de Villa \u00d1irehuao. La iniciativa forma parte del programa Acci\u00f3n Local de FOSIS y en ella intervinieron: Senama, Segegob, Departamento de Salud Rural, Seremi de Medio Ambiente, SENDA, INDAP y vecinos del sector.<\/p>\n<p style=\"text-align: justify;\">El principal objetivo de esta instancia es aumentar las capacidades sociocomunitarias de las comunidades que pertenecen a barrios vulnerables, fortalecer el tejido social de los territorios vulnerables mediante el capital social comunitario y la participaci\u00f3n ciudadana, contribuir al fortalecimiento de la gobernanza local de los territorios vulnerables, para una oferta p\u00fablica privada local m\u00e1s pertinente y coordinada, y elaborar e implementar participativamente un Plan de Desarrollo Local (PDL) en los territorios vulnerables, que contengan iniciativas con enfoque de desarrollo local.<\/p>\n<p style=\"text-align: justify;\">\u201cEstamos muy contentos porque la comunidad recibi\u00f3 en su sede a autoridades de distintos servicios e instituciones p\u00fablicas y tambi\u00e9n privadas, quienes plantearon lo que se ha estado trabajando desde el inicio de este programa, tem\u00e1ticas que se han identificado como necesidades y problemas y las soluciones y ofertas que tienen los servicios para poder dar respuesta a estas problem\u00e1ticas. Vamos a iniciar pr\u00f3ximamente nuestro plan de trabajo para poder ir concretando acciones para ir gestionando con los diversos servicios y las distintas \u00e1reas el trabajo que vamos a seguir realizando durante todo este a\u00f1o\u201d, se\u00f1al\u00f3 Mar\u00eda Fernanda Leiva, directora de FOSIS, quien lider\u00f3 la Mesa de Trabajo.<\/p>\n<p style=\"text-align: justify;\">Eduardo D\u00edaz, vecino de la localidad de \u00d1irehuao, destac\u00f3: \u201cEstamos contentos de tener autoridades ac\u00e1 para ir abordando nuestros problemas. Este programa de desarrollo de Acci\u00f3n Local, para nosotros es muy importante porque podemos canalizar nuestras necesidades, nuestras inquietudes y poder lograr cosas. Reunirnos con la gente, con las autoridades, para hacer llegar las inquietudes. Creo que en esta oportunidad hizo falta que viniera la municipalidad de Coyhaique y el SERVIU, porque siempre hay requerimientos que van enfocados a estas instituciones\u201d.<\/p>\n<p style=\"text-align: justify;\">Para el Gobierno del Presidente Gabriel Boric es tremendamente relevante estar en terreno, en los territorios, incentivar el emprendimiento, poder reactivar las ventas y que las familias puedan aumentar sus ingresos y mejorar su calidad de vida.<\/p>\n<p style=\"text-align: justify;\">Samuel Navarro, seremi de Gobierno (s), enfatiz\u00f3: \u201cEstuvimos en la localidad de \u00d1irehuao participando\u00a0 con nuestra Divisi\u00f3n de Organizaciones Sociales en esta Primera mesa de Territorial del programa Acci\u00f3n Local de Fosis, en la que\u00a0 informamos y aclaramos dudas con respecto a nuestra oferta de capacitaci\u00f3n a trav\u00e9s de Escuelas de Formaci\u00f3n para dirigencias y, tambi\u00e9n hicimos entrega del bolet\u00edn Chile Avanzando y de la Gu\u00eda Pr\u00e1ctica para la Dirigencia Social\u201d.<\/p>\n<p style=\"text-align: justify;\">En tanto, Yoal D\u00edaz, seremi de Medio Ambiente y representante del Gabinete Regional en la reuni\u00f3n, enfatiz\u00f3: \u201cHoy, en esta convocatoria estamos muy contentos, primero por la participaci\u00f3n, una gran convocatoria de la gente de \u00d1irehuao y eso tambi\u00e9n habla del inter\u00e9s que hay de ser parte de estos procesos. Como gobierno del Presidente Gabriel Boric, estamos presentes, en representaci\u00f3n del Gabinete para escuchar las distintas visiones de este trabajo, que es un diagn\u00f3stico que nos permita buscar los distintos canales para abordar las distintas problem\u00e1ticas, pero adem\u00e1s de eso ver lo que ya tiene la localidad. Tenemos brechas que tenemos que trabajar en conjunto y eso es lo que nos mandat\u00f3 el Presidente, estar en los territorios, ser parte de las soluciones m\u00e1s all\u00e1 de buscar c\u00f3mo logramos destrabar las distintas dificultades que aparecen. As\u00ed que vamos a seguir trabajando con la gente, como ministerio del Medio Ambiente, en pos de la gente, Coyhaique rural tiene un trabajo importante y es algo que vamos a seguir fortaleciendo y esperamos tambi\u00e9n que sigan floreciendo como lo han hecho hasta ahora\u201d.<\/p>\n<p style=\"text-align: justify;\">El Programa Acci\u00f3n Local, trabaja desde un enfoque territorial, en pertinencia y coherencia con las necesidades y capacidades presentes en los territorios y considera procesos de participaci\u00f3n. Promueve una forma de intervenir la pobreza desde el fortalecimiento del capital social comunitario, la participaci\u00f3n ciudadana y la gobernanza local. Se enmarca por lo tanto en un enfoque de derechos y reconoce a cada persona como sujeto de derecho y actor central en su proceso de desarrollo. Contempla dos componentes denominados Fortalecimiento de Capacidades Locales, Financiamiento de Iniciativas Locales y Fortalecimiento de Alianzas P\u00fablicos \u2013 Privadas.<\/p>\n<\/div><\/section><\/div><div  style='height:50px' class='hr hr-invisible   avia-builder-el-6  el_after_av_one_full  el_before_av_social_share '><span class='hr-inner ' ><span class='hr-inner-style'><\/span><\/span><\/div><\/p>\n<div  class='av-social-sharing-box  avia-builder-el-7  el_after_av_hr  el_before_av_hr  '><div class='av-share-box'><h5 class='av-share-link-description av-no-toc '>Compartir esta noticia<\/h5><ul class='av-share-box-list noLightbox'><li class='av-share-link av-social-link-facebook' ><a target=\"_blank\" aria-label=\"Compartir en Facebook\" href='https:\/\/www.facebook.com\/sharer.php?u=https:\/\/radiorevelacionfm.cl\/?p=46088&#038;t=En%20%C3%91irehuao%3A%20Vecinos%20y%20servicios%20p%C3%BAblicos%20conformaron%20primera%20Mesa%20Territorial%20para%20fortalecer%20su%20tejido%20social' aria-hidden='false' data-av_icon='\ue8f3' data-av_iconfont='entypo-fontello' title='' data-avia-related-tooltip='Compartir en Facebook' rel=\"noopener\"><span class='avia_hidden_link_text'>Compartir en Facebook<\/span><\/a><\/li><li class='av-share-link av-social-link-twitter' ><a target=\"_blank\" aria-label=\"Compartir en Twitter\" href='https:\/\/twitter.com\/share?text=En%20%C3%91irehuao%3A%20Vecinos%20y%20servicios%20p%C3%BAblicos%20conformaron%20primera%20Mesa%20Territorial%20para%20fortalecer%20su%20tejido%20social&#038;url=https:\/\/radiorevelacionfm.cl\/?p=46088' aria-hidden='false' data-av_icon='\ue8f1' data-av_iconfont='entypo-fontello' title='' data-avia-related-tooltip='Compartir en Twitter' rel=\"noopener\"><span class='avia_hidden_link_text'>Compartir en Twitter<\/span><\/a><\/li><li class='av-share-link av-social-link-whatsapp' ><a target=\"_blank\" aria-label=\"Compartir en Whatsapp\" href='https:\/\/api.whatsapp.com\/send?text=https:\/\/radiorevelacionfm.cl\/?p=46088' aria-hidden='false' data-av_icon='\uf232' data-av_iconfont='entypo-fontello' title='' data-avia-related-tooltip='Compartir en Whatsapp' rel=\"noopener\"><span class='avia_hidden_link_text'>Compartir en Whatsapp<\/span><\/a><\/li><li class='av-share-link av-social-link-linkedin' ><a target=\"_blank\" aria-label=\"Compartir en LinkedIn\" href='https:\/\/linkedin.com\/shareArticle?mini=true&#038;title=En%20%C3%91irehuao%3A%20Vecinos%20y%20servicios%20p%C3%BAblicos%20conformaron%20primera%20Mesa%20Territorial%20para%20fortalecer%20su%20tejido%20social&#038;url=https:\/\/radiorevelacionfm.cl\/?p=46088' aria-hidden='false' data-av_icon='\ue8fc' data-av_iconfont='entypo-fontello' title='' data-avia-related-tooltip='Compartir en LinkedIn' rel=\"noopener\"><span class='avia_hidden_link_text'>Compartir en LinkedIn<\/span><\/a><\/li><li class='av-share-link av-social-link-mail' ><a  aria-label=\"Compartir por correo\" href='mailto:?subject=En%20%C3%91irehuao%3A%20Vecinos%20y%20servicios%20p%C3%BAblicos%20conformaron%20primera%20Mesa%20Territorial%20para%20fortalecer%20su%20tejido%20social&#038;body=https:\/\/radiorevelacionfm.cl\/?p=46088' aria-hidden='false' data-av_icon='\ue805' data-av_iconfont='entypo-fontello' title='' data-avia-related-tooltip='Compartir por correo'><span class='avia_hidden_link_text'>Compartir por correo<\/span><\/a><\/li><\/ul><\/div><\/div>\n<div  style='height:50px' class='hr hr-invisible   avia-builder-el-8  el_after_av_social_share  el_before_av_comments_list '><span class='hr-inner ' ><span class='hr-inner-style'><\/span><\/span><\/div>\n<div  class='av-buildercomment  av-blog-meta-html-info-disabled av-blog-meta-tag-disabled  '><\/div>\n","protected":false},"excerpt":{"rendered":"","protected":false},"author":1,"featured_media":46089,"comment_status":"open","ping_status":"open","sticky":false,"template":"","format":"standard","meta":{"footnotes":""},"categories":[38],"tags":[],"class_list":["post-46088","post","type-post","status-publish","format-standard","has-post-thumbnail","hentry","category-regional"],"jetpack_featured_media_url":"https:\/\/radiorevelacionfm.cl\/wp-content\/uploads\/2024\/09\/Nirehuao1-1-1.jpeg","_links":{"self":[{"href":"https:\/\/radiorevelacionfm.cl\/index.php?rest_route=\/wp\/v2\/posts\/46088","targetHints":{"allow":["GET"]}}],"collection":[{"href":"https:\/\/radiorevelacionfm.cl\/index.php?rest_route=\/wp\/v2\/posts"}],"about":[{"href":"https:\/\/radiorevelacionfm.cl\/index.php?rest_route=\/wp\/v2\/types\/post"}],"author":[{"embeddable":true,"href":"https:\/\/radiorevelacionfm.cl\/index.php?rest_route=\/wp\/v2\/users\/1"}],"replies":[{"embeddable":true,"href":"https:\/\/radiorevelacionfm.cl\/index.php?rest_route=%2Fwp%2Fv2%2Fcomments&post=46088"}],"version-history":[{"count":1,"href":"https:\/\/radiorevelacionfm.cl\/index.php?rest_route=\/wp\/v2\/posts\/46088\/revisions"}],"predecessor-version":[{"id":46090,"href":"https:\/\/radiorevelacionfm.cl\/index.php?rest_route=\/wp\/v2\/posts\/46088\/revisions\/46090"}],"wp:featuredmedia":[{"embeddable":true,"href":"https:\/\/radiorevelacionfm.cl\/index.php?rest_route=\/wp\/v2\/media\/46089"}],"wp:attachment":[{"href":"https:\/\/radiorevelacionfm.cl\/index.php?rest_route=%2Fwp%2Fv2%2Fmedia&parent=46088"}],"wp:term":[{"taxonomy":"category","embeddable":true,"href":"https:\/\/radiorevelacionfm.cl\/index.php?rest_route=%2Fwp%2Fv2%2Fcategories&post=46088"},{"taxonomy":"post_tag","embeddable":true,"href":"https:\/\/radiorevelacionfm.cl\/index.php?rest_route=%2Fwp%2Fv2%2Ftags&post=46088"}],"curies":[{"name":"wp","href":"https:\/\/api.w.org\/{rel}","templated":true}]}}