{"id":46085,"date":"2024-09-10T18:48:54","date_gmt":"2024-09-10T21:48:54","guid":{"rendered":"https:\/\/radiorevelacionfm.cl\/?p=46085"},"modified":"2024-09-10T18:48:54","modified_gmt":"2024-09-10T21:48:54","slug":"agentes-de-todo-aysen-fortaleceran-la-gestion-cultural-gracias-a-diplomado-de-la-universidad-los-lagos-y-culturas-aysen","status":"publish","type":"post","link":"https:\/\/radiorevelacionfm.cl\/?p=46085","title":{"rendered":"Agentes de todo Ays\u00e9n fortalecer\u00e1n la gesti\u00f3n cultural, gracias a diplomado de la Universidad Los Lagos y Culturas Ays\u00e9n"},"content":{"rendered":"<div class=\"flex_column av_one_full  flex_column_div av-zero-column-padding first  avia-builder-el-0  el_before_av_one_full  avia-builder-el-first  \" style='border-radius:0px; '><div  class='avia-image-container  av-styling-    avia-builder-el-1  avia-builder-el-no-sibling  avia-align-center '  itemprop=\"image\" itemscope=\"itemscope\" itemtype=\"https:\/\/schema.org\/ImageObject\"  ><div class='avia-image-container-inner'><div class='avia-image-overlay-wrap'><img decoding=\"async\" class='wp-image-46086 avia-img-lazy-loading-not-46086 avia_image' src=\"https:\/\/radiorevelacionfm.cl\/wp-content\/uploads\/2024\/09\/diplomado-gestion-1_optimized.jpeg\" alt='' title='diplomado-gestion-(1)_optimized' height=\"600\" width=\"800\"  itemprop=\"thumbnailUrl\" srcset=\"https:\/\/radiorevelacionfm.cl\/wp-content\/uploads\/2024\/09\/diplomado-gestion-1_optimized.jpeg 800w, https:\/\/radiorevelacionfm.cl\/wp-content\/uploads\/2024\/09\/diplomado-gestion-1_optimized-300x225.jpeg 300w, https:\/\/radiorevelacionfm.cl\/wp-content\/uploads\/2024\/09\/diplomado-gestion-1_optimized-768x576.jpeg 768w, https:\/\/radiorevelacionfm.cl\/wp-content\/uploads\/2024\/09\/diplomado-gestion-1_optimized-705x529.jpeg 705w, https:\/\/radiorevelacionfm.cl\/wp-content\/uploads\/2024\/09\/diplomado-gestion-1_optimized-450x338.jpeg 450w, https:\/\/radiorevelacionfm.cl\/wp-content\/uploads\/2024\/09\/diplomado-gestion-1_optimized-600x450.jpeg 600w\" sizes=\"(max-width: 800px) 100vw, 800px\" \/><\/div><\/div><\/div><\/div><div class=\"flex_column av_one_full  flex_column_div av-zero-column-padding first  avia-builder-el-2  el_after_av_one_full  el_before_av_one_full  column-top-margin\" style='border-radius:0px; '><section class=\"av_textblock_section \"  itemscope=\"itemscope\" itemtype=\"https:\/\/schema.org\/BlogPosting\" itemprop=\"blogPost\" ><div class='avia_textblock  '   itemprop=\"text\" ><p style=\"text-align: center;\"><span style=\"font-size: 18pt;\"><b>Agentes de todo Ays\u00e9n fortalecer\u00e1n la gesti\u00f3n cultural, gracias a diplomado de la Universidad Los Lagos y Culturas Ays\u00e9n<\/b><\/span><\/p>\n<div id=\"gtx-trans\" style=\"position: absolute; left: -50px; top: 4.31534px;\">\n<div class=\"gtx-trans-icon\"><\/div>\n<\/div>\n<\/div><\/section><\/div><div class=\"flex_column av_one_full  flex_column_div av-zero-column-padding first  avia-builder-el-4  el_after_av_one_full  el_before_av_hr  column-top-margin\" style='border-radius:0px; '><section class=\"av_textblock_section \"  itemscope=\"itemscope\" itemtype=\"https:\/\/schema.org\/BlogPosting\" itemprop=\"blogPost\" ><div class='avia_textblock  '   itemprop=\"text\" ><p style=\"text-align: justify;\">22 agentes culturales provenientes de nueve comunas de la Regi\u00f3n de Aysen participaron en la clase presencial del Diplomado de Gesti\u00f3n Cultural, Investigaci\u00f3n y Creaci\u00f3n que dicta la Universidad de los Lagos a integrantes de la Red de Activaci\u00f3n del Programa Red Cultura del Ministerio de las Culturas.<\/p>\n<p style=\"text-align: justify;\">\u00abDesde el Gobierno, estamos en una continua mejora y sabemos que ese impacto se va a notar en cada territorio donde estos 22 diplomados desenvuelvan sus herramientas y las habilidades adquiridas durante esta experiencia que podemos brindar gracias al trabajo conjunto de Red Cultura y la Universidad de Los Lagos\u00bb, dijo el Seremi de Culturas Ays\u00e9n, Felipe Quiroz.<\/p>\n<p style=\"text-align: justify;\">Los y las estudiantes que participan del diplomado provienen de las comunas de Tortel, Cochrane, O\u00b4Higgins, R\u00edo Ib\u00e1\u00f1ez, Chile Chico, Ays\u00e9n, Coyhaique, Cisnes y Guaitecas. Uno de los objetivos fundamentales de esta experiencia formativa es fortalecer las redes de gesti\u00f3n cultural en la Regi\u00f3n de Aysen y sostener un modelo de descentralizaci\u00f3n, cuyos contenidos alcancen a cada rinc\u00f3n del territorio.<\/p>\n<p style=\"text-align: justify;\">Daniel Rojas lleg\u00f3 desde Villa O&#8217;Higgins y valor\u00f3 enormemente el diplomado: \u00abEste Diplomado en Gesti\u00f3n Cultural me tiene muy contento y satisfecho. El s\u00e1bado tuvimos nuestra primera clase presencial y me pareci\u00f3 buen\u00edsima. De hecho, en la ma\u00f1ana tuvimos una clase h\u00edbrida con compa\u00f1eros de otras regiones y pudimos compartir varias vivencias, conceptos y conocimientos, los cuales me parecieron fant\u00e1sticos. Incluso, escuchar a mis propios compa\u00f1eros de aula; me siento superhonrado y afortunado de poder compartir con personajes como ellos. A muchos de ellos los admiro mucho\u00bb.<\/p>\n<p style=\"text-align: justify;\">El programa contempla tres instancias presenciales, dos en formato seminario y una en formato Clase Magistral de certificaci\u00f3n y cierre de programa, que tendr\u00e1 lugar en Coyhaique para los participantes de la Regi\u00f3n de Ays\u00e9n. Las fechas de realizaci\u00f3n y horarios ser\u00e1n acordados entre las partes, considerando que deben realizarse en los meses de septiembre y noviembre de 2024.<\/p>\n<p style=\"text-align: justify;\">La Ceremonia de Certificaci\u00f3n ocurrir\u00e1 el 20 de noviembre de 2024 en el Museo Regional de Ays\u00e9n, en el marco del Encuentro Macrozonal \u00abPatagonia, Enlazando Culturas\u00bb, que reunir\u00e1 en Coyhaique a representantes de las regiones de Magallanes, Los Lagos, Los R\u00edos, Metropolitana, Maule, Antofagasta, Atacama, Tarapac\u00e1, \u00d1uble y Arica y Parinacota.<\/p>\n<\/div><\/section><\/div><div  style='height:50px' class='hr hr-invisible   avia-builder-el-6  el_after_av_one_full  el_before_av_social_share '><span class='hr-inner ' ><span class='hr-inner-style'><\/span><\/span><\/div><\/p>\n<div  class='av-social-sharing-box  avia-builder-el-7  el_after_av_hr  el_before_av_hr  '><div class='av-share-box'><h5 class='av-share-link-description av-no-toc '>Compartir esta noticia<\/h5><ul class='av-share-box-list noLightbox'><li class='av-share-link av-social-link-facebook' ><a target=\"_blank\" aria-label=\"Compartir en Facebook\" href='https:\/\/www.facebook.com\/sharer.php?u=https:\/\/radiorevelacionfm.cl\/?p=46085&#038;t=Agentes%20de%20todo%20Ays%C3%A9n%20fortalecer%C3%A1n%20la%20gesti%C3%B3n%20cultural%2C%20gracias%20a%20diplomado%20de%20la%20Universidad%20Los%20Lagos%20y%20Culturas%20Ays%C3%A9n' aria-hidden='false' data-av_icon='\ue8f3' data-av_iconfont='entypo-fontello' title='' data-avia-related-tooltip='Compartir en Facebook' rel=\"noopener\"><span class='avia_hidden_link_text'>Compartir en Facebook<\/span><\/a><\/li><li class='av-share-link av-social-link-twitter' ><a target=\"_blank\" aria-label=\"Compartir en Twitter\" href='https:\/\/twitter.com\/share?text=Agentes%20de%20todo%20Ays%C3%A9n%20fortalecer%C3%A1n%20la%20gesti%C3%B3n%20cultural%2C%20gracias%20a%20diplomado%20de%20la%20Universidad%20Los%20Lagos%20y%20Culturas%20Ays%C3%A9n&#038;url=https:\/\/radiorevelacionfm.cl\/?p=46085' aria-hidden='false' data-av_icon='\ue8f1' data-av_iconfont='entypo-fontello' title='' data-avia-related-tooltip='Compartir en Twitter' rel=\"noopener\"><span class='avia_hidden_link_text'>Compartir en Twitter<\/span><\/a><\/li><li class='av-share-link av-social-link-whatsapp' ><a target=\"_blank\" aria-label=\"Compartir en Whatsapp\" href='https:\/\/api.whatsapp.com\/send?text=https:\/\/radiorevelacionfm.cl\/?p=46085' aria-hidden='false' data-av_icon='\uf232' data-av_iconfont='entypo-fontello' title='' data-avia-related-tooltip='Compartir en Whatsapp' rel=\"noopener\"><span class='avia_hidden_link_text'>Compartir en Whatsapp<\/span><\/a><\/li><li class='av-share-link av-social-link-linkedin' ><a target=\"_blank\" aria-label=\"Compartir en LinkedIn\" href='https:\/\/linkedin.com\/shareArticle?mini=true&#038;title=Agentes%20de%20todo%20Ays%C3%A9n%20fortalecer%C3%A1n%20la%20gesti%C3%B3n%20cultural%2C%20gracias%20a%20diplomado%20de%20la%20Universidad%20Los%20Lagos%20y%20Culturas%20Ays%C3%A9n&#038;url=https:\/\/radiorevelacionfm.cl\/?p=46085' aria-hidden='false' data-av_icon='\ue8fc' data-av_iconfont='entypo-fontello' title='' data-avia-related-tooltip='Compartir en LinkedIn' rel=\"noopener\"><span class='avia_hidden_link_text'>Compartir en LinkedIn<\/span><\/a><\/li><li class='av-share-link av-social-link-mail' ><a  aria-label=\"Compartir por correo\" href='mailto:?subject=Agentes%20de%20todo%20Ays%C3%A9n%20fortalecer%C3%A1n%20la%20gesti%C3%B3n%20cultural%2C%20gracias%20a%20diplomado%20de%20la%20Universidad%20Los%20Lagos%20y%20Culturas%20Ays%C3%A9n&#038;body=https:\/\/radiorevelacionfm.cl\/?p=46085' aria-hidden='false' data-av_icon='\ue805' data-av_iconfont='entypo-fontello' title='' data-avia-related-tooltip='Compartir por correo'><span class='avia_hidden_link_text'>Compartir por correo<\/span><\/a><\/li><\/ul><\/div><\/div>\n<div  style='height:50px' class='hr hr-invisible   avia-builder-el-8  el_after_av_social_share  el_before_av_comments_list '><span class='hr-inner ' ><span class='hr-inner-style'><\/span><\/span><\/div>\n<div  class='av-buildercomment  av-blog-meta-html-info-disabled av-blog-meta-tag-disabled  '><\/div>\n","protected":false},"excerpt":{"rendered":"","protected":false},"author":1,"featured_media":46086,"comment_status":"open","ping_status":"open","sticky":false,"template":"","format":"standard","meta":{"footnotes":""},"categories":[52],"tags":[],"class_list":["post-46085","post","type-post","status-publish","format-standard","has-post-thumbnail","hentry","category-cultura"],"jetpack_featured_media_url":"https:\/\/radiorevelacionfm.cl\/wp-content\/uploads\/2024\/09\/diplomado-gestion-1_optimized.jpeg","_links":{"self":[{"href":"https:\/\/radiorevelacionfm.cl\/index.php?rest_route=\/wp\/v2\/posts\/46085","targetHints":{"allow":["GET"]}}],"collection":[{"href":"https:\/\/radiorevelacionfm.cl\/index.php?rest_route=\/wp\/v2\/posts"}],"about":[{"href":"https:\/\/radiorevelacionfm.cl\/index.php?rest_route=\/wp\/v2\/types\/post"}],"author":[{"embeddable":true,"href":"https:\/\/radiorevelacionfm.cl\/index.php?rest_route=\/wp\/v2\/users\/1"}],"replies":[{"embeddable":true,"href":"https:\/\/radiorevelacionfm.cl\/index.php?rest_route=%2Fwp%2Fv2%2Fcomments&post=46085"}],"version-history":[{"count":1,"href":"https:\/\/radiorevelacionfm.cl\/index.php?rest_route=\/wp\/v2\/posts\/46085\/revisions"}],"predecessor-version":[{"id":46087,"href":"https:\/\/radiorevelacionfm.cl\/index.php?rest_route=\/wp\/v2\/posts\/46085\/revisions\/46087"}],"wp:featuredmedia":[{"embeddable":true,"href":"https:\/\/radiorevelacionfm.cl\/index.php?rest_route=\/wp\/v2\/media\/46086"}],"wp:attachment":[{"href":"https:\/\/radiorevelacionfm.cl\/index.php?rest_route=%2Fwp%2Fv2%2Fmedia&parent=46085"}],"wp:term":[{"taxonomy":"category","embeddable":true,"href":"https:\/\/radiorevelacionfm.cl\/index.php?rest_route=%2Fwp%2Fv2%2Fcategories&post=46085"},{"taxonomy":"post_tag","embeddable":true,"href":"https:\/\/radiorevelacionfm.cl\/index.php?rest_route=%2Fwp%2Fv2%2Ftags&post=46085"}],"curies":[{"name":"wp","href":"https:\/\/api.w.org\/{rel}","templated":true}]}}