{"id":46082,"date":"2024-09-10T15:46:19","date_gmt":"2024-09-10T18:46:19","guid":{"rendered":"https:\/\/radiorevelacionfm.cl\/?p=46082"},"modified":"2024-09-10T15:46:19","modified_gmt":"2024-09-10T18:46:19","slug":"minvu-cerro-exitoso-ciclo-de-dialogos-con-dirigentes-sociales-de-la-region","status":"publish","type":"post","link":"https:\/\/radiorevelacionfm.cl\/?p=46082","title":{"rendered":"Minvu cerr\u00f3 exitoso ciclo de di\u00e1logos con dirigentes sociales de la regi\u00f3n"},"content":{"rendered":"<div class=\"flex_column av_one_full  flex_column_div av-zero-column-padding first  avia-builder-el-0  el_before_av_one_full  avia-builder-el-first  \" style='border-radius:0px; '><div  class='avia-image-container  av-styling-    avia-builder-el-1  avia-builder-el-no-sibling  avia-align-center '  itemprop=\"image\" itemscope=\"itemscope\" itemtype=\"https:\/\/schema.org\/ImageObject\"  ><div class='avia-image-container-inner'><div class='avia-image-overlay-wrap'><img decoding=\"async\" class='wp-image-46083 avia-img-lazy-loading-not-46083 avia_image' src=\"https:\/\/radiorevelacionfm.cl\/wp-content\/uploads\/2024\/09\/foto-grupal-dialogo-balmaceda-1_optimized-1.jpg\" alt='' title='foto-grupal-di\u00e1logo-balmaceda-(1)_optimized (1)' height=\"600\" width=\"1089\"  itemprop=\"thumbnailUrl\" srcset=\"https:\/\/radiorevelacionfm.cl\/wp-content\/uploads\/2024\/09\/foto-grupal-dialogo-balmaceda-1_optimized-1.jpg 1089w, https:\/\/radiorevelacionfm.cl\/wp-content\/uploads\/2024\/09\/foto-grupal-dialogo-balmaceda-1_optimized-1-300x165.jpg 300w, https:\/\/radiorevelacionfm.cl\/wp-content\/uploads\/2024\/09\/foto-grupal-dialogo-balmaceda-1_optimized-1-1030x567.jpg 1030w, https:\/\/radiorevelacionfm.cl\/wp-content\/uploads\/2024\/09\/foto-grupal-dialogo-balmaceda-1_optimized-1-768x423.jpg 768w, https:\/\/radiorevelacionfm.cl\/wp-content\/uploads\/2024\/09\/foto-grupal-dialogo-balmaceda-1_optimized-1-705x388.jpg 705w, https:\/\/radiorevelacionfm.cl\/wp-content\/uploads\/2024\/09\/foto-grupal-dialogo-balmaceda-1_optimized-1-450x248.jpg 450w, https:\/\/radiorevelacionfm.cl\/wp-content\/uploads\/2024\/09\/foto-grupal-dialogo-balmaceda-1_optimized-1-600x331.jpg 600w\" sizes=\"(max-width: 1089px) 100vw, 1089px\" \/><\/div><\/div><\/div><\/div><div class=\"flex_column av_one_full  flex_column_div av-zero-column-padding first  avia-builder-el-2  el_after_av_one_full  el_before_av_one_full  column-top-margin\" style='border-radius:0px; '><section class=\"av_textblock_section \"  itemscope=\"itemscope\" itemtype=\"https:\/\/schema.org\/BlogPosting\" itemprop=\"blogPost\" ><div class='avia_textblock  '   itemprop=\"text\" ><p style=\"text-align: center;\"><span style=\"font-size: 18pt;\"><strong>Minvu cerr\u00f3 exitoso ciclo de di\u00e1logos con dirigentes sociales de la regi\u00f3n<\/strong><\/span><\/p>\n<div id=\"gtx-trans\" style=\"position: absolute; left: -50px; top: 4.31534px;\">\n<div class=\"gtx-trans-icon\"><\/div>\n<\/div>\n<\/div><\/section><\/div><div class=\"flex_column av_one_full  flex_column_div av-zero-column-padding first  avia-builder-el-4  el_after_av_one_full  el_before_av_hr  column-top-margin\" style='border-radius:0px; '><section class=\"av_textblock_section \"  itemscope=\"itemscope\" itemtype=\"https:\/\/schema.org\/BlogPosting\" itemprop=\"blogPost\" ><div class='avia_textblock  '   itemprop=\"text\" ><p style=\"text-align: justify;\">Con una activa y entusiasta participaci\u00f3n de dirigentes, funcionarios y autoridades se cerr\u00f3 durante la semana pasada el ciclo de di\u00e1logos organizados por la Seremi de Vivienda y el Serviu para escuchar y destacar, durante el mes de agosto, la labor de los hombres y mujeres que representan a la comunidad en las diferentes localidades de la regi\u00f3n de Ays\u00e9n.<\/p>\n<p style=\"text-align: justify;\">Los encuentros se enmarcaron en el \u201cMes de las Dirigencias\u201d, donde el\u00a0Ministerio de Vivienda\u00a0y Urbanismo (Minvu) pudo reconocer el rol que cumplen las organizaciones sociales de todo el pa\u00eds. Para ello se desarrollaron los \u201cDi\u00e1logos para la Confianza\u201d, que a nivel local tuvieron lugar en las provincias de Ays\u00e9n y Coyhaique, incluyendo ciudades y localidades como Coyhaique, Balmaceda, Lago Verde y Villa Ma\u00f1ihuales.<\/p>\n<p style=\"text-align: justify;\">La Seremi\u00a0de\u00a0Vivienda y Urbanismo, Paulina Ruz Delf\u00edn, destac\u00f3 la importancia de las reuniones realizadas, ya que permiten valorar la gesti\u00f3n, estrechar lazos y conocer de primera fuente las necesidades y expectativas en cada sector. \u201cA trav\u00e9s de estos di\u00e1logos, los y las dirigentes pueden compartir reflexiones y trazar hojas de ruta sobre distintas tem\u00e1ticas, como educaci\u00f3n, seguridad y vivienda, democracia, transparencia y probidad. Frente a esto, como Ministerio reafirmamos nuestro compromiso con las dirigencias sociales, no solamente pensando en comit\u00e9s de vivienda, sino que tambi\u00e9n en el Consejo de la Sociedad Civil (Cosoc), Uniones comunales, Juntas de vecinos, a fin de poder fortalecer nuestro tejido social, entendiendo que para realizar cambios estructurales necesitamos saber qu\u00e9 es lo que piensan y cu\u00e1les son sus necesidades\u201d, precis\u00f3.<\/p>\n<p style=\"text-align: justify;\">El Delegado Presidencial Regional, Rodrigo Araya, valor\u00f3 tambi\u00e9n los encuentros que fortalecen el di\u00e1logo para la elaboraci\u00f3n de buenas pol\u00edticas p\u00fablicas y con sentido de pertenencia. \u201cEn estas reuniones se abordan tem\u00e1ticas que van m\u00e1s all\u00e1 de la necesidad o no de vivienda, ya que tiene que ver con lo que implica generar barrios, barrios activos, podr\u00edamos decir democr\u00e1ticos, barrios donde se desenvuelven y donde crecen las familias de nuestro territorio. Estamos tambi\u00e9n en el mes de la puesta en valor del rol de los dirigentes sociales y por eso acompa\u00f1amos con un saludo afectuoso a todas las personas que realizan esta gran labor, tan importante y trascendental para tener una vida sana en los territorios\u201d, expres\u00f3.<\/p>\n<p style=\"text-align: justify;\">Por otra parte, algunos dirigentes como Marisol Almonacid, Presidenta de un comit\u00e9 de desarrollo de la poblaci\u00f3n Clotario Blest de Coyhaique, destacaron los encuentros y se comprometieron a seguir trabajando en conjunto para impulsar el desarrollo de sus comunidades. \u201cEs valioso. Me gustar\u00eda que se siga repitiendo no solo una vez al a\u00f1o, sino que tres, cuatro veces al a\u00f1o para sacar provecho y riqueza de las cosas que hablamos y conversamos. Eran comentarios muy valiosos con opiniones y apreciaciones muy similares que se deben tomar en cuenta\u201d, afirm\u00f3.<\/p>\n<p style=\"text-align: justify;\">De igual forma, la presidenta de la Junta de vecinos n\u00famero 13 de Balmaceda, Ang\u00e9lica Cifuentes, se mostr\u00f3 satisfecha con la oportunidad de compartir ideas y trabajar en conjunto. \u201cS\u00faper bueno, interesante, porque podemos compartir, intercambiar ideas y pensamientos de diferentes temas que nos competen en la localidad, m\u00e1s los problemas que tenemos ac\u00e1 y eso nos ayuda mucho porque el di\u00e1logo es importante para buscar soluciones\u201d, advirti\u00f3.<\/p>\n<p style=\"text-align: justify;\">Tambi\u00e9n, la Presidenta de la Junta de vecinos de Lago Verde, Jenny Uribe, destac\u00f3 el resultado de los di\u00e1logos en su comuna. \u201cSatisfecha, ya que es muy importante que las autoridades regionales nos puedan visitar, para que lleven nuestras necesidades y se vayan concretando los planes, por eso es un privilegio que puedan venir.\u00a0 As\u00ed que muy contentos, esperamos que todo esto de frutos, que salga humo blanco como se dice, porque la verdad es que tenemos muchas necesidades y a veces nos sentimos abandonados de parte de las autoridades regionales porque estamos tan lejos y es tan engorroso llegar aqu\u00ed. Pero es importante tenerlos ac\u00e1, porque es la \u00fanica forma de visibilizar las problem\u00e1ticas que hay en nuestra localidad\u201d, manifest\u00f3.<\/p>\n<p style=\"text-align: justify;\">Cabe recordar que el d\u00eda 7 de agosto de cada a\u00f1o se celebra el D\u00eda Nacional del Dirigente y la Dirigente Social, fecha en que se public\u00f3 la Ley de Juntas de Vecinos y dem\u00e1s Organizaciones Comunitarias, en 1968. Fue as\u00ed como este a\u00f1o el Minvu decidi\u00f3 extender durante todo el mes de agosto el valor y significado de esta fecha especial, poniendo as\u00ed en valor las dirigencias sociales y liderazgos comunitarios, que contribuyen d\u00eda a d\u00eda a la transformaci\u00f3n y al progreso de sus comunidades y entornos barriales.<\/p>\n<\/div><\/section><\/div><div  style='height:50px' class='hr hr-invisible   avia-builder-el-6  el_after_av_one_full  el_before_av_social_share '><span class='hr-inner ' ><span class='hr-inner-style'><\/span><\/span><\/div><\/p>\n<div  class='av-social-sharing-box  avia-builder-el-7  el_after_av_hr  el_before_av_hr  '><div class='av-share-box'><h5 class='av-share-link-description av-no-toc '>Compartir esta noticia<\/h5><ul class='av-share-box-list noLightbox'><li class='av-share-link av-social-link-facebook' ><a target=\"_blank\" aria-label=\"Compartir en Facebook\" href='https:\/\/www.facebook.com\/sharer.php?u=https:\/\/radiorevelacionfm.cl\/?p=46082&#038;t=Minvu%20cerr%C3%B3%20exitoso%20ciclo%20de%20di%C3%A1logos%20con%20dirigentes%20sociales%20de%20la%20regi%C3%B3n' aria-hidden='false' data-av_icon='\ue8f3' data-av_iconfont='entypo-fontello' title='' data-avia-related-tooltip='Compartir en Facebook' rel=\"noopener\"><span class='avia_hidden_link_text'>Compartir en Facebook<\/span><\/a><\/li><li class='av-share-link av-social-link-twitter' ><a target=\"_blank\" aria-label=\"Compartir en Twitter\" href='https:\/\/twitter.com\/share?text=Minvu%20cerr%C3%B3%20exitoso%20ciclo%20de%20di%C3%A1logos%20con%20dirigentes%20sociales%20de%20la%20regi%C3%B3n&#038;url=https:\/\/radiorevelacionfm.cl\/?p=46082' aria-hidden='false' data-av_icon='\ue8f1' data-av_iconfont='entypo-fontello' title='' data-avia-related-tooltip='Compartir en Twitter' rel=\"noopener\"><span class='avia_hidden_link_text'>Compartir en Twitter<\/span><\/a><\/li><li class='av-share-link av-social-link-whatsapp' ><a target=\"_blank\" aria-label=\"Compartir en Whatsapp\" href='https:\/\/api.whatsapp.com\/send?text=https:\/\/radiorevelacionfm.cl\/?p=46082' aria-hidden='false' data-av_icon='\uf232' data-av_iconfont='entypo-fontello' title='' data-avia-related-tooltip='Compartir en Whatsapp' rel=\"noopener\"><span class='avia_hidden_link_text'>Compartir en Whatsapp<\/span><\/a><\/li><li class='av-share-link av-social-link-linkedin' ><a target=\"_blank\" aria-label=\"Compartir en LinkedIn\" href='https:\/\/linkedin.com\/shareArticle?mini=true&#038;title=Minvu%20cerr%C3%B3%20exitoso%20ciclo%20de%20di%C3%A1logos%20con%20dirigentes%20sociales%20de%20la%20regi%C3%B3n&#038;url=https:\/\/radiorevelacionfm.cl\/?p=46082' aria-hidden='false' data-av_icon='\ue8fc' data-av_iconfont='entypo-fontello' title='' data-avia-related-tooltip='Compartir en LinkedIn' rel=\"noopener\"><span class='avia_hidden_link_text'>Compartir en LinkedIn<\/span><\/a><\/li><li class='av-share-link av-social-link-mail' ><a  aria-label=\"Compartir por correo\" href='mailto:?subject=Minvu%20cerr%C3%B3%20exitoso%20ciclo%20de%20di%C3%A1logos%20con%20dirigentes%20sociales%20de%20la%20regi%C3%B3n&#038;body=https:\/\/radiorevelacionfm.cl\/?p=46082' aria-hidden='false' data-av_icon='\ue805' data-av_iconfont='entypo-fontello' title='' data-avia-related-tooltip='Compartir por correo'><span class='avia_hidden_link_text'>Compartir por correo<\/span><\/a><\/li><\/ul><\/div><\/div>\n<div  style='height:50px' class='hr hr-invisible   avia-builder-el-8  el_after_av_social_share  el_before_av_comments_list '><span class='hr-inner ' ><span class='hr-inner-style'><\/span><\/span><\/div>\n<div  class='av-buildercomment  av-blog-meta-html-info-disabled av-blog-meta-tag-disabled  '><\/div>\n","protected":false},"excerpt":{"rendered":"","protected":false},"author":1,"featured_media":46083,"comment_status":"open","ping_status":"open","sticky":false,"template":"","format":"standard","meta":{"footnotes":""},"categories":[57],"tags":[],"class_list":["post-46082","post","type-post","status-publish","format-standard","has-post-thumbnail","hentry","category-vivienda"],"jetpack_featured_media_url":"https:\/\/radiorevelacionfm.cl\/wp-content\/uploads\/2024\/09\/foto-grupal-dialogo-balmaceda-1_optimized-1.jpg","_links":{"self":[{"href":"https:\/\/radiorevelacionfm.cl\/index.php?rest_route=\/wp\/v2\/posts\/46082","targetHints":{"allow":["GET"]}}],"collection":[{"href":"https:\/\/radiorevelacionfm.cl\/index.php?rest_route=\/wp\/v2\/posts"}],"about":[{"href":"https:\/\/radiorevelacionfm.cl\/index.php?rest_route=\/wp\/v2\/types\/post"}],"author":[{"embeddable":true,"href":"https:\/\/radiorevelacionfm.cl\/index.php?rest_route=\/wp\/v2\/users\/1"}],"replies":[{"embeddable":true,"href":"https:\/\/radiorevelacionfm.cl\/index.php?rest_route=%2Fwp%2Fv2%2Fcomments&post=46082"}],"version-history":[{"count":1,"href":"https:\/\/radiorevelacionfm.cl\/index.php?rest_route=\/wp\/v2\/posts\/46082\/revisions"}],"predecessor-version":[{"id":46084,"href":"https:\/\/radiorevelacionfm.cl\/index.php?rest_route=\/wp\/v2\/posts\/46082\/revisions\/46084"}],"wp:featuredmedia":[{"embeddable":true,"href":"https:\/\/radiorevelacionfm.cl\/index.php?rest_route=\/wp\/v2\/media\/46083"}],"wp:attachment":[{"href":"https:\/\/radiorevelacionfm.cl\/index.php?rest_route=%2Fwp%2Fv2%2Fmedia&parent=46082"}],"wp:term":[{"taxonomy":"category","embeddable":true,"href":"https:\/\/radiorevelacionfm.cl\/index.php?rest_route=%2Fwp%2Fv2%2Fcategories&post=46082"},{"taxonomy":"post_tag","embeddable":true,"href":"https:\/\/radiorevelacionfm.cl\/index.php?rest_route=%2Fwp%2Fv2%2Ftags&post=46082"}],"curies":[{"name":"wp","href":"https:\/\/api.w.org\/{rel}","templated":true}]}}