{"id":46077,"date":"2024-09-10T15:02:16","date_gmt":"2024-09-10T18:02:16","guid":{"rendered":"https:\/\/radiorevelacionfm.cl\/?p=46077"},"modified":"2024-09-10T15:02:16","modified_gmt":"2024-09-10T18:02:16","slug":"juzgado-de-chile-chico-recibe-la-visita-de-ninos-y-ninas-de-la-escuela-basica-de-la-ciudad","status":"publish","type":"post","link":"https:\/\/radiorevelacionfm.cl\/?p=46077","title":{"rendered":"Juzgado de Chile Chico recibe la visita de ni\u00f1os y ni\u00f1as de la escuela b\u00e1sica de la ciudad"},"content":{"rendered":"<div class=\"flex_column av_one_full  flex_column_div av-zero-column-padding first  avia-builder-el-0  el_before_av_one_full  avia-builder-el-first  \" style='border-radius:0px; '><div  class='avia-image-container  av-styling-    avia-builder-el-1  avia-builder-el-no-sibling  avia-align-center '  itemprop=\"image\" itemscope=\"itemscope\" itemtype=\"https:\/\/schema.org\/ImageObject\"  ><div class='avia-image-container-inner'><div class='avia-image-overlay-wrap'><img decoding=\"async\" class='wp-image-46078 avia-img-lazy-loading-not-46078 avia_image' src=\"https:\/\/radiorevelacionfm.cl\/wp-content\/uploads\/2024\/09\/foto-01-visita-1_optimized.jpg\" alt='' title='foto-01-visita - (1)_optimized' height=\"600\" width=\"919\"  itemprop=\"thumbnailUrl\" srcset=\"https:\/\/radiorevelacionfm.cl\/wp-content\/uploads\/2024\/09\/foto-01-visita-1_optimized.jpg 919w, https:\/\/radiorevelacionfm.cl\/wp-content\/uploads\/2024\/09\/foto-01-visita-1_optimized-300x196.jpg 300w, https:\/\/radiorevelacionfm.cl\/wp-content\/uploads\/2024\/09\/foto-01-visita-1_optimized-768x501.jpg 768w, https:\/\/radiorevelacionfm.cl\/wp-content\/uploads\/2024\/09\/foto-01-visita-1_optimized-705x460.jpg 705w, https:\/\/radiorevelacionfm.cl\/wp-content\/uploads\/2024\/09\/foto-01-visita-1_optimized-450x294.jpg 450w, https:\/\/radiorevelacionfm.cl\/wp-content\/uploads\/2024\/09\/foto-01-visita-1_optimized-600x392.jpg 600w\" sizes=\"(max-width: 919px) 100vw, 919px\" \/><\/div><\/div><\/div><\/div><div class=\"flex_column av_one_full  flex_column_div av-zero-column-padding first  avia-builder-el-2  el_after_av_one_full  el_before_av_one_full  column-top-margin\" style='border-radius:0px; '><section class=\"av_textblock_section \"  itemscope=\"itemscope\" itemtype=\"https:\/\/schema.org\/BlogPosting\" itemprop=\"blogPost\" ><div class='avia_textblock  '   itemprop=\"text\" ><p style=\"text-align: center;\"><span style=\"font-size: 18pt;\"><b>Juzgado de Chile Chico recibe la visita de ni\u00f1os y ni\u00f1as de la escuela b\u00e1sica de la ciudad<\/b><\/span><\/p>\n<div id=\"gtx-trans\" style=\"position: absolute; left: -50px; top: 4.31534px;\">\n<div class=\"gtx-trans-icon\"><\/div>\n<\/div>\n<\/div><\/section><\/div><div class=\"flex_column av_one_full  flex_column_div av-zero-column-padding first  avia-builder-el-4  el_after_av_one_full  el_before_av_hr  column-top-margin\" style='border-radius:0px; '><section class=\"av_textblock_section \"  itemscope=\"itemscope\" itemtype=\"https:\/\/schema.org\/BlogPosting\" itemprop=\"blogPost\" ><div class='avia_textblock  '   itemprop=\"text\" ><p class=\"v1MsoNormal\" style=\"text-align: justify;\">M\u00e1s de 40 ni\u00f1as y ni\u00f1os de primer a\u00f1o b\u00e1sico de la Escuela B\u00e1sica de Chile Chico visitaron la semana reci\u00e9n pasada las dependencias del juzgado mixto de la comuna. Instancia donde los estudiantes fueron recibidos por el magistrado Guillermo Frene Cand\u00eda y por funcionarios judiciales.<\/p>\n<p class=\"v1MsoNormal\" style=\"text-align: justify;\">La actividad de vinculaci\u00f3n permiti\u00f3 que los ni\u00f1os conocieran las funciones del tribunal, recorrieran las instalaciones y simularan ser jueces, abogados defensores y fiscales.<\/p>\n<p class=\"v1MsoNormal\" style=\"text-align: justify;\">\u00abPara nosotros como Poder Judicial es de suma importancia el poder tener contacto con nuestras comunidades locales, en especial cuando son ni\u00f1os y ni\u00f1as pues permiten que desde su visi\u00f3n puedan conocer y entender que es lo que se realiza en un juzgado o tribunal de la rep\u00fablica. Estamos muy contentos y esperamos poder continuar con esta pol\u00edtica de cercan\u00eda que adem\u00e1s permite transmitir informaci\u00f3n de car\u00e1cter c\u00edvica a nuestras comunidades estudiantiles\u00bb, sostuvo el magistrado Guillermo Frene.<\/p>\n<\/div><\/section><\/div><div  style='height:50px' class='hr hr-invisible   avia-builder-el-6  el_after_av_one_full  el_before_av_social_share '><span class='hr-inner ' ><span class='hr-inner-style'><\/span><\/span><\/div><\/p>\n<div  class='av-social-sharing-box  avia-builder-el-7  el_after_av_hr  el_before_av_hr  '><div class='av-share-box'><h5 class='av-share-link-description av-no-toc '>Compartir esta noticia<\/h5><ul class='av-share-box-list noLightbox'><li class='av-share-link av-social-link-facebook' ><a target=\"_blank\" aria-label=\"Compartir en Facebook\" href='https:\/\/www.facebook.com\/sharer.php?u=https:\/\/radiorevelacionfm.cl\/?p=46077&#038;t=Juzgado%20de%20Chile%20Chico%20recibe%20la%20visita%20de%20ni%C3%B1os%20y%20ni%C3%B1as%20de%20la%20escuela%20b%C3%A1sica%20de%20la%20ciudad' aria-hidden='false' data-av_icon='\ue8f3' data-av_iconfont='entypo-fontello' title='' data-avia-related-tooltip='Compartir en Facebook' rel=\"noopener\"><span class='avia_hidden_link_text'>Compartir en Facebook<\/span><\/a><\/li><li class='av-share-link av-social-link-twitter' ><a target=\"_blank\" aria-label=\"Compartir en Twitter\" href='https:\/\/twitter.com\/share?text=Juzgado%20de%20Chile%20Chico%20recibe%20la%20visita%20de%20ni%C3%B1os%20y%20ni%C3%B1as%20de%20la%20escuela%20b%C3%A1sica%20de%20la%20ciudad&#038;url=https:\/\/radiorevelacionfm.cl\/?p=46077' aria-hidden='false' data-av_icon='\ue8f1' data-av_iconfont='entypo-fontello' title='' data-avia-related-tooltip='Compartir en Twitter' rel=\"noopener\"><span class='avia_hidden_link_text'>Compartir en Twitter<\/span><\/a><\/li><li class='av-share-link av-social-link-whatsapp' ><a target=\"_blank\" aria-label=\"Compartir en Whatsapp\" href='https:\/\/api.whatsapp.com\/send?text=https:\/\/radiorevelacionfm.cl\/?p=46077' aria-hidden='false' data-av_icon='\uf232' data-av_iconfont='entypo-fontello' title='' data-avia-related-tooltip='Compartir en Whatsapp' rel=\"noopener\"><span class='avia_hidden_link_text'>Compartir en Whatsapp<\/span><\/a><\/li><li class='av-share-link av-social-link-linkedin' ><a target=\"_blank\" aria-label=\"Compartir en LinkedIn\" href='https:\/\/linkedin.com\/shareArticle?mini=true&#038;title=Juzgado%20de%20Chile%20Chico%20recibe%20la%20visita%20de%20ni%C3%B1os%20y%20ni%C3%B1as%20de%20la%20escuela%20b%C3%A1sica%20de%20la%20ciudad&#038;url=https:\/\/radiorevelacionfm.cl\/?p=46077' aria-hidden='false' data-av_icon='\ue8fc' data-av_iconfont='entypo-fontello' title='' data-avia-related-tooltip='Compartir en LinkedIn' rel=\"noopener\"><span class='avia_hidden_link_text'>Compartir en LinkedIn<\/span><\/a><\/li><li class='av-share-link av-social-link-mail' ><a  aria-label=\"Compartir por correo\" href='mailto:?subject=Juzgado%20de%20Chile%20Chico%20recibe%20la%20visita%20de%20ni%C3%B1os%20y%20ni%C3%B1as%20de%20la%20escuela%20b%C3%A1sica%20de%20la%20ciudad&#038;body=https:\/\/radiorevelacionfm.cl\/?p=46077' aria-hidden='false' data-av_icon='\ue805' data-av_iconfont='entypo-fontello' title='' data-avia-related-tooltip='Compartir por correo'><span class='avia_hidden_link_text'>Compartir por correo<\/span><\/a><\/li><\/ul><\/div><\/div>\n<div  style='height:50px' class='hr hr-invisible   avia-builder-el-8  el_after_av_social_share  el_before_av_comments_list '><span class='hr-inner ' ><span class='hr-inner-style'><\/span><\/span><\/div>\n<div  class='av-buildercomment  av-blog-meta-html-info-disabled av-blog-meta-tag-disabled  '><\/div>\n","protected":false},"excerpt":{"rendered":"","protected":false},"author":1,"featured_media":46078,"comment_status":"open","ping_status":"open","sticky":false,"template":"","format":"standard","meta":{"footnotes":""},"categories":[55],"tags":[],"class_list":["post-46077","post","type-post","status-publish","format-standard","has-post-thumbnail","hentry","category-justicia"],"jetpack_featured_media_url":"https:\/\/radiorevelacionfm.cl\/wp-content\/uploads\/2024\/09\/foto-01-visita-1_optimized.jpg","_links":{"self":[{"href":"https:\/\/radiorevelacionfm.cl\/index.php?rest_route=\/wp\/v2\/posts\/46077","targetHints":{"allow":["GET"]}}],"collection":[{"href":"https:\/\/radiorevelacionfm.cl\/index.php?rest_route=\/wp\/v2\/posts"}],"about":[{"href":"https:\/\/radiorevelacionfm.cl\/index.php?rest_route=\/wp\/v2\/types\/post"}],"author":[{"embeddable":true,"href":"https:\/\/radiorevelacionfm.cl\/index.php?rest_route=\/wp\/v2\/users\/1"}],"replies":[{"embeddable":true,"href":"https:\/\/radiorevelacionfm.cl\/index.php?rest_route=%2Fwp%2Fv2%2Fcomments&post=46077"}],"version-history":[{"count":1,"href":"https:\/\/radiorevelacionfm.cl\/index.php?rest_route=\/wp\/v2\/posts\/46077\/revisions"}],"predecessor-version":[{"id":46079,"href":"https:\/\/radiorevelacionfm.cl\/index.php?rest_route=\/wp\/v2\/posts\/46077\/revisions\/46079"}],"wp:featuredmedia":[{"embeddable":true,"href":"https:\/\/radiorevelacionfm.cl\/index.php?rest_route=\/wp\/v2\/media\/46078"}],"wp:attachment":[{"href":"https:\/\/radiorevelacionfm.cl\/index.php?rest_route=%2Fwp%2Fv2%2Fmedia&parent=46077"}],"wp:term":[{"taxonomy":"category","embeddable":true,"href":"https:\/\/radiorevelacionfm.cl\/index.php?rest_route=%2Fwp%2Fv2%2Fcategories&post=46077"},{"taxonomy":"post_tag","embeddable":true,"href":"https:\/\/radiorevelacionfm.cl\/index.php?rest_route=%2Fwp%2Fv2%2Ftags&post=46077"}],"curies":[{"name":"wp","href":"https:\/\/api.w.org\/{rel}","templated":true}]}}