{"id":4607,"date":"2021-05-28T10:36:16","date_gmt":"2021-05-28T13:36:16","guid":{"rendered":"https:\/\/radiorevelacionfm.cl\/?p=4607"},"modified":"2021-05-28T10:36:16","modified_gmt":"2021-05-28T13:36:16","slug":"a-pesar-de-la-pandemia-programa-quiero-mi-barrio-sigue-mejorando-la-vida-de-familias-ayseninas","status":"publish","type":"post","link":"https:\/\/radiorevelacionfm.cl\/?p=4607","title":{"rendered":"A pesar de la pandemia Programa Quiero mi Barrio sigue mejorando la vida de familias ayseninas"},"content":{"rendered":"<div class=\"flex_column av_one_full  flex_column_div av-zero-column-padding first  avia-builder-el-0  el_before_av_one_full  avia-builder-el-first  \" style='border-radius:0px; '><div  class='avia-image-container  av-styling-    avia-builder-el-1  avia-builder-el-no-sibling  avia-align-center '  itemprop=\"image\" itemscope=\"itemscope\" itemtype=\"https:\/\/schema.org\/ImageObject\"  ><div class='avia-image-container-inner'><div class='avia-image-overlay-wrap'><img decoding=\"async\" class='wp-image-0 avia-img-lazy-loading-not-0 avia_image' src=\"https:\/\/radiorevelacionfm.cl\/wp-content\/uploads\/2021\/05\/taller-mascarillas-barrio-ribera-sur-costanera-Puerto-Aysen-1-1.jpg\" alt='' title=''   itemprop=\"thumbnailUrl\"  \/><\/div><\/div><\/div><\/div><div class=\"flex_column av_one_full  flex_column_div av-zero-column-padding first  avia-builder-el-2  el_after_av_one_full  el_before_av_one_full  column-top-margin\" style='border-radius:0px; '><section class=\"av_textblock_section \"  itemscope=\"itemscope\" itemtype=\"https:\/\/schema.org\/BlogPosting\" itemprop=\"blogPost\" ><div class='avia_textblock  '   itemprop=\"text\" ><p style=\"text-align: center;\"><strong><span style=\"font-size: 18pt;\">A pesar de la pandemia Programa Quiero mi Barrio sigue mejorando la vida de familias ayseninas<\/span><\/strong><\/p>\n<div id=\"gtx-trans\" style=\"position: absolute; left: -50px; top: 4.31534px;\">\n<div class=\"gtx-trans-icon\"><\/div>\n<\/div>\n<\/div><\/section><\/div><div class=\"flex_column av_one_full  flex_column_div av-zero-column-padding first  avia-builder-el-4  el_after_av_one_full  el_before_av_hr  column-top-margin\" style='border-radius:0px; '><section class=\"av_textblock_section \"  itemscope=\"itemscope\" itemtype=\"https:\/\/schema.org\/BlogPosting\" itemprop=\"blogPost\" ><div class='avia_textblock  '   itemprop=\"text\" ><p style=\"text-align: justify;\">El \u201cQuiero Mi Barrio\u201d es uno de los programas emblem\u00e1ticos del Ministerio de Vivienda y uno de los m\u00e1s valorados y queridos por la comunidad, ya que se basa en la participaci\u00f3n directa de los vecinos\/as \u00a0en \u00a0la planificaci\u00f3n, ejecuci\u00f3n y la toma de decisiones respecto del presente y futuro de su sector.<\/p>\n<p style=\"text-align: justify;\">Y si bien la Pandemia ha impuesto grandes desaf\u00edos para dar continuidad al trabajo que se realiza en las comunas de Ays\u00e9n y Coyhaique, ya sea por los aforos reducidos y otras restricciones, lo cierto es que esta importante labor no ha cesado y por el contrario se ha potenciado y se sigue proyectando con nuevas intervenciones incluso fuera de las dos principales ciudades de la regi\u00f3n.<\/p>\n<p style=\"text-align: justify;\">Tal como explica Jessica Ojeda, Secretaria T\u00e9cnica del Programa, actualmente hay cinco Barrios que se est\u00e1n ejecutando (tres en Puerto Ays\u00e9n, uno en Ma\u00f1ihuales y uno en Coyhaique), todos en distintas fases de intervenci\u00f3n, lo que ha significado todo un desaf\u00edo para poder seguir en contacto con los vecinos\/as y continuar con los talleres de los Planes de Gesti\u00f3n Social. \u201cPor ejemplo, se han realizado talleres de Mascarillas, en donde las vecinas y vecinos de los Barrios Ribera Sur y Villa Espa\u00f1a de Puerto Ays\u00e9n se reun\u00edan cumpliendo todas las medidas sanitarias y de aforo, para confeccionar mascarillas de tela y despu\u00e9s repartirlas entre los habitantes de sus respectivos Barrios. Tambi\u00e9n en Puerto Ays\u00e9n, en el Barrio La Balsa, se est\u00e1 ejecutando un Taller de Telar, con clases presenciales y v\u00eda plataformas digitales. Al mismo tiempo, en el verano, se realizaron talleres de Kajak, para los ni\u00f1os\/as y adolescentes, adem\u00e1s de talleres de reciclado, y talleres virtuales de Yoga y comida saludable, entre otros\u201d, detall\u00f3.<\/p>\n<p style=\"text-align: justify;\">Otro cambio importante se ha dado con el trabajo comunitario, ya que las reuniones v\u00eda zoom para juntas de vecinos se han hecho comunes y el Quiero Mi Barrio, se adapt\u00f3 a las nuevas tecnolog\u00edas, potenciando los Fanpage de cada Barrio, el canal de Youtube, Instagram y todas las plataformas que permiten estar m\u00e1s cerca de las personas y seguir construyendo redes, para que las personas no se sientan tan solas y puedan seguir presentes, como las iniciativas para el d\u00eda del padre o Halloween, donde los ni\u00f1os\/as y adolescentes son activos participantes.<\/p>\n<p style=\"text-align: justify;\">La tarea no ha sido se sencilla, afirma la Secretaria Ejecutiva del Programa, pero se ha sacado adelante con gran colaboraci\u00f3n de vecinos y dirigentes. \u201cPara nosotros como Minvu Ays\u00e9n ha sido complejo realizar el acompa\u00f1amiento a los equipos profesionales de los Municipios de Ays\u00e9n y Coyhaique, ya que gran parte de nuestro trabajo se realiza en terreno, asistiendo a reuniones, de manera quincenal, o semanal. Estos encuentros son fundamentales cuando los barrios est\u00e1n reci\u00e9n comenzando, pero hemos tenido que \u00a0adaptarnos a reuniones por Zoom, con los equipos y los vecinos, y ah\u00ed hay que destacar el compromiso de las Duplas Barriales, que se las ingenian para seguir en contacto con los vecinos\/as y los ayudan aclarando dudas, o incluso solo escuchando o entregando una palabra de apoyo\u201d, precis\u00f3.<\/p>\n<p style=\"text-align: justify;\">Otro aspecto fundamental del programa son las Obras F\u00edsicas, que mejoran la vida de los vecinos\/as, construyendo por ejemplo Salas de Uso m\u00faltiple, multicanchas o Plazas Recreativas, entre otras, trabajo que no se ha detenido en Pandemia, ya que el Programa tambi\u00e9n ha tenido que adaptar las distintas plataformas digitales para realizar talleres de dise\u00f1o participativo, considerando los aportes de los vecinos. Es as\u00ed como en el mes de junio se comenzar\u00e1 con la ejecuci\u00f3n de dos obras en los Barrios Ribera Sur Costanera y Villa Espa\u00f1a (Sala de Uso M\u00faltiple\u00a0 Constantino Kalstrom y Plaza Recreativa Villa Espa\u00f1a).<\/p>\n<p style=\"text-align: justify;\">Tal como detalla Karen Carrasco, Arquitecto del Barrio Villa Espa\u00f1a, el trabajo de plan de gesti\u00f3n de obras tambi\u00e9n fue complejo. \u201cSe tuvo que adecuar la estrategia de trabajo con los vecinos en contexto de pandemia, una estrategia adoptada en conjunto con mi dupla barrial fue la elaboraci\u00f3n de tr\u00edpticos con material infogr\u00e1fico para dar a conocer las obras, el avance de los dise\u00f1os y preparar los talleres de dise\u00f1o\u00a0 participativo. Se entreg\u00f3 el material a trav\u00e9s de un puerta a puerta, con una encuesta, luego se sistematiz\u00f3 la informaci\u00f3n, y posteriormente nuevamente se sociabiliz\u00f3 el avance de las obras. Cuando ha sido posible, hemos realizado reuniones respetando el aforo y con todas las medidas sanitarias\u201d, comenta.<\/p>\n<p style=\"text-align: justify;\">En ese mismo sentido el Seremi de Vivienda, Diego Silva, destaca que durante este a\u00f1o se inici\u00f3 la intervenci\u00f3n en dos nuevos Barrios: Los Ma\u00f1\u00edos, de Villa Ma\u00f1ihuales y Barrio Quebrada La Cruz de Coyhaique, lo que en una primera etapa ha significado realizar ajustes a la metodolog\u00eda del Programa, para poder realizar las actividades con los vecinos\/as, c\u00f3mo los recorridos barriales\u00a0 y los talleres.\u00a0 \u201cEn el Minvu Ays\u00e9n no hemos parado y tal como ha dicho nuestro Ministro Felipe Ward seguimos trabajando con los vecinos\/as, adapt\u00e1ndonos a las nuevas necesidades, de manera virtual, respetando los aforos, acompa\u00f1ando a los profesionales que ejecutan los barrios en los municipios y fortaleciendo el trabajo comunitario, para este a\u00f1o. Los barrios nuevos est\u00e1n actualmente en proceso de autodiagn\u00f3stico\u00a0 y elaboraci\u00f3n de sus Planes Maestros, los cuales contienen las obras f\u00edsicas, que son priorizadas por los vecinos\/as, para su ejecuci\u00f3n en los a\u00f1os 2022-2023\u201d, explic\u00f3.<\/p>\n<p style=\"text-align: justify;\">Finalmente la autoridad hizo un llamado a los vecinos y dirigentes a seguir atentos, a estar informados y sobre todo a continuar participando en las diferentes instancias que mantiene el programa para seguir mejorando juntos sus barrios, su calidad de vida y su futuro.<\/p>\n<\/div><\/section><\/div><div  style='height:50px' class='hr hr-invisible   avia-builder-el-6  el_after_av_one_full  el_before_av_social_share '><span class='hr-inner ' ><span class='hr-inner-style'><\/span><\/span><\/div><\/p>\n<div  class='av-social-sharing-box  avia-builder-el-7  el_after_av_hr  el_before_av_hr  '><div class='av-share-box'><h5 class='av-share-link-description av-no-toc '>Compartir esta noticia<\/h5><ul class='av-share-box-list noLightbox'><li class='av-share-link av-social-link-facebook' ><a target=\"_blank\" aria-label=\"Compartir en Facebook\" href='https:\/\/www.facebook.com\/sharer.php?u=https:\/\/radiorevelacionfm.cl\/?p=4607&#038;t=A%20pesar%20de%20la%20pandemia%20Programa%20Quiero%20mi%20Barrio%20sigue%20mejorando%20la%20vida%20de%20familias%20ayseninas' aria-hidden='false' data-av_icon='\ue8f3' data-av_iconfont='entypo-fontello' title='' data-avia-related-tooltip='Compartir en Facebook' rel=\"noopener\"><span class='avia_hidden_link_text'>Compartir en Facebook<\/span><\/a><\/li><li class='av-share-link av-social-link-twitter' ><a target=\"_blank\" aria-label=\"Compartir en Twitter\" href='https:\/\/twitter.com\/share?text=A%20pesar%20de%20la%20pandemia%20Programa%20Quiero%20mi%20Barrio%20sigue%20mejorando%20la%20vida%20de%20familias%20ayseninas&#038;url=https:\/\/radiorevelacionfm.cl\/?p=4607' aria-hidden='false' data-av_icon='\ue8f1' data-av_iconfont='entypo-fontello' title='' data-avia-related-tooltip='Compartir en Twitter' rel=\"noopener\"><span class='avia_hidden_link_text'>Compartir en Twitter<\/span><\/a><\/li><li class='av-share-link av-social-link-whatsapp' ><a target=\"_blank\" aria-label=\"Compartir en Whatsapp\" href='https:\/\/api.whatsapp.com\/send?text=https:\/\/radiorevelacionfm.cl\/?p=4607' aria-hidden='false' data-av_icon='\uf232' data-av_iconfont='entypo-fontello' title='' data-avia-related-tooltip='Compartir en Whatsapp' rel=\"noopener\"><span class='avia_hidden_link_text'>Compartir en Whatsapp<\/span><\/a><\/li><li class='av-share-link av-social-link-linkedin' ><a target=\"_blank\" aria-label=\"Compartir en LinkedIn\" href='https:\/\/linkedin.com\/shareArticle?mini=true&#038;title=A%20pesar%20de%20la%20pandemia%20Programa%20Quiero%20mi%20Barrio%20sigue%20mejorando%20la%20vida%20de%20familias%20ayseninas&#038;url=https:\/\/radiorevelacionfm.cl\/?p=4607' aria-hidden='false' data-av_icon='\ue8fc' data-av_iconfont='entypo-fontello' title='' data-avia-related-tooltip='Compartir en LinkedIn' rel=\"noopener\"><span class='avia_hidden_link_text'>Compartir en LinkedIn<\/span><\/a><\/li><li class='av-share-link av-social-link-mail' ><a  aria-label=\"Compartir por correo\" href='mailto:?subject=A%20pesar%20de%20la%20pandemia%20Programa%20Quiero%20mi%20Barrio%20sigue%20mejorando%20la%20vida%20de%20familias%20ayseninas&#038;body=https:\/\/radiorevelacionfm.cl\/?p=4607' aria-hidden='false' data-av_icon='\ue805' data-av_iconfont='entypo-fontello' title='' data-avia-related-tooltip='Compartir por correo'><span class='avia_hidden_link_text'>Compartir por correo<\/span><\/a><\/li><\/ul><\/div><\/div>\n<div  style='height:50px' class='hr hr-invisible   avia-builder-el-8  el_after_av_social_share  el_before_av_comments_list '><span class='hr-inner ' ><span class='hr-inner-style'><\/span><\/span><\/div>\n<div  class='av-buildercomment  av-blog-meta-html-info-disabled av-blog-meta-tag-disabled  '><\/div>\n","protected":false},"excerpt":{"rendered":"","protected":false},"author":1,"featured_media":0,"comment_status":"open","ping_status":"open","sticky":false,"template":"","format":"standard","meta":{"footnotes":""},"categories":[57],"tags":[],"class_list":["post-4607","post","type-post","status-publish","format-standard","hentry","category-vivienda"],"jetpack_featured_media_url":"","_links":{"self":[{"href":"https:\/\/radiorevelacionfm.cl\/index.php?rest_route=\/wp\/v2\/posts\/4607","targetHints":{"allow":["GET"]}}],"collection":[{"href":"https:\/\/radiorevelacionfm.cl\/index.php?rest_route=\/wp\/v2\/posts"}],"about":[{"href":"https:\/\/radiorevelacionfm.cl\/index.php?rest_route=\/wp\/v2\/types\/post"}],"author":[{"embeddable":true,"href":"https:\/\/radiorevelacionfm.cl\/index.php?rest_route=\/wp\/v2\/users\/1"}],"replies":[{"embeddable":true,"href":"https:\/\/radiorevelacionfm.cl\/index.php?rest_route=%2Fwp%2Fv2%2Fcomments&post=4607"}],"version-history":[{"count":1,"href":"https:\/\/radiorevelacionfm.cl\/index.php?rest_route=\/wp\/v2\/posts\/4607\/revisions"}],"predecessor-version":[{"id":4609,"href":"https:\/\/radiorevelacionfm.cl\/index.php?rest_route=\/wp\/v2\/posts\/4607\/revisions\/4609"}],"wp:attachment":[{"href":"https:\/\/radiorevelacionfm.cl\/index.php?rest_route=%2Fwp%2Fv2%2Fmedia&parent=4607"}],"wp:term":[{"taxonomy":"category","embeddable":true,"href":"https:\/\/radiorevelacionfm.cl\/index.php?rest_route=%2Fwp%2Fv2%2Fcategories&post=4607"},{"taxonomy":"post_tag","embeddable":true,"href":"https:\/\/radiorevelacionfm.cl\/index.php?rest_route=%2Fwp%2Fv2%2Ftags&post=4607"}],"curies":[{"name":"wp","href":"https:\/\/api.w.org\/{rel}","templated":true}]}}