{"id":46069,"date":"2024-09-10T12:16:57","date_gmt":"2024-09-10T15:16:57","guid":{"rendered":"https:\/\/radiorevelacionfm.cl\/?p=46069"},"modified":"2024-09-10T12:16:57","modified_gmt":"2024-09-10T15:16:57","slug":"corte-de-apelaciones-de-coyhaique-rinde-homenaje-a-juan-soto-quiroz-tras-47-anos-como-juez-de-policia-local","status":"publish","type":"post","link":"https:\/\/radiorevelacionfm.cl\/?p=46069","title":{"rendered":"Corte de Apelaciones de Coyhaique rinde homenaje a Juan Soto Quiroz tras 47 a\u00f1os como juez de polic\u00eda local"},"content":{"rendered":"<div class=\"flex_column av_one_full  flex_column_div av-zero-column-padding first  avia-builder-el-0  el_before_av_one_full  avia-builder-el-first  \" style='border-radius:0px; '><div  class='avia-image-container  av-styling-    avia-builder-el-1  avia-builder-el-no-sibling  avia-align-center '  itemprop=\"image\" itemscope=\"itemscope\" itemtype=\"https:\/\/schema.org\/ImageObject\"  ><div class='avia-image-container-inner'><div class='avia-image-overlay-wrap'><img decoding=\"async\" class='wp-image-46070 avia-img-lazy-loading-not-46070 avia_image' src=\"https:\/\/radiorevelacionfm.cl\/wp-content\/uploads\/2024\/09\/Foto-01-pleno-1-1.jpg\" alt='' title='Foto 01 pleno (1) (1)' height=\"600\" width=\"818\"  itemprop=\"thumbnailUrl\" srcset=\"https:\/\/radiorevelacionfm.cl\/wp-content\/uploads\/2024\/09\/Foto-01-pleno-1-1.jpg 818w, https:\/\/radiorevelacionfm.cl\/wp-content\/uploads\/2024\/09\/Foto-01-pleno-1-1-300x220.jpg 300w, https:\/\/radiorevelacionfm.cl\/wp-content\/uploads\/2024\/09\/Foto-01-pleno-1-1-768x563.jpg 768w, https:\/\/radiorevelacionfm.cl\/wp-content\/uploads\/2024\/09\/Foto-01-pleno-1-1-705x517.jpg 705w, https:\/\/radiorevelacionfm.cl\/wp-content\/uploads\/2024\/09\/Foto-01-pleno-1-1-450x330.jpg 450w, https:\/\/radiorevelacionfm.cl\/wp-content\/uploads\/2024\/09\/Foto-01-pleno-1-1-600x440.jpg 600w\" sizes=\"(max-width: 818px) 100vw, 818px\" \/><\/div><\/div><\/div><\/div><div class=\"flex_column av_one_full  flex_column_div av-zero-column-padding first  avia-builder-el-2  el_after_av_one_full  el_before_av_one_full  column-top-margin\" style='border-radius:0px; '><section class=\"av_textblock_section \"  itemscope=\"itemscope\" itemtype=\"https:\/\/schema.org\/BlogPosting\" itemprop=\"blogPost\" ><div class='avia_textblock  '   itemprop=\"text\" ><p style=\"text-align: center;\"><span style=\"font-size: 18pt;\"><b>Corte de Apelaciones de Coyhaique rinde homenaje a Juan Soto Quiroz tras 47 a\u00f1os como juez de polic\u00eda local<\/b><\/span><\/p>\n<div id=\"gtx-trans\" style=\"position: absolute; left: -50px; top: 4.31534px;\">\n<div class=\"gtx-trans-icon\"><\/div>\n<\/div>\n<\/div><\/section><\/div><div class=\"flex_column av_one_full  flex_column_div av-zero-column-padding first  avia-builder-el-4  el_after_av_one_full  el_before_av_hr  column-top-margin\" style='border-radius:0px; '><section class=\"av_textblock_section \"  itemscope=\"itemscope\" itemtype=\"https:\/\/schema.org\/BlogPosting\" itemprop=\"blogPost\" ><div class='avia_textblock  '   itemprop=\"text\" ><p class=\"v1MsoNormal\" style=\"text-align: justify;\">El pleno de la Corte de Apelaciones de la Corte de Coyhaique rindi\u00f3 ayer -lunes 9 de septiembre- un sentido homenaje al abogado Juan Bautista Soto Quiroz, quien tras 47 a\u00f1os a cargo del Juzgado de Polic\u00eda Local de la capital regional se acoge a retiro.<\/p>\n<p class=\"v1MsoNormal\" style=\"text-align: justify;\">En la instancia, el presidente del tribunal de alzada, ministro Luis Aedo Mora, expres\u00f3 que \u00aben el t\u00e9rmino de sus funciones es un honor para nosotros poder relevar su trayectoria y su contribuci\u00f3n a la comunidad regional. Un hombre sencillo, con una conducta \u00edntegra y con un prop\u00f3sito genuino para resolver los conflictos jurisdiccionales. Le deseamos los mejores parabienes para todo lo que viene de aqu\u00ed en adelante\u00bb.<\/p>\n<p class=\"v1MsoNormal\" style=\"text-align: justify;\">En tanto, el ministro Pedro Castro sostuvo en la ceremonia que \u00abdespedimos y rendimos homenaje a un grande que se nos va de la judicatura, que dej\u00f3 un enorme legado y un profundo afecto arraigado y merecido de quienes tuvimos el placer de compartir con \u00e9l. Sentimos su alejamiento, pero coincidimos que es necesario que disponga del tiempo prudente para dedicarlo a su familia. Nuestro cari\u00f1oso saludo y con mucho afecto te deseamos que te vaya bien\u00bb.<\/p>\n<p class=\"v1MsoNormal\" style=\"text-align: justify;\">Recordar que, con 29 a\u00f1os, Juan Soto Quiroz jur\u00f3 como juez de polic\u00eda local de Coyhaique, ejerciendo de forma ininterrumpida el cargo por 47 a\u00f1os. En el ejercicio de sus funciones mantuvo competencia en los territorios de las comunas de Coyhaique, R\u00edo Ib\u00e1\u00f1ez, Cochrane, Tortel, O&#8217;Higgins y Chile Chico hasta el a\u00f1o 2013, \u00e9poca en la que fueron instalados los Juzgados de Polic\u00eda Local R\u00edo Ib\u00e1\u00f1ez y Chile Chico.<\/p>\n<p class=\"v1MsoNormal\" style=\"text-align: justify;\">Asimismo, y en varios per\u00edodos fue abogado integrante de la Corte de Apelaciones, siendo parte de la primera terna de abogados que estuvieron presentes en la instalaci\u00f3n del tribunal de alzada en 1987.<\/p>\n<\/div><\/section><\/div><div  style='height:50px' class='hr hr-invisible   avia-builder-el-6  el_after_av_one_full  el_before_av_social_share '><span class='hr-inner ' ><span class='hr-inner-style'><\/span><\/span><\/div><\/p>\n<div  class='av-social-sharing-box  avia-builder-el-7  el_after_av_hr  el_before_av_hr  '><div class='av-share-box'><h5 class='av-share-link-description av-no-toc '>Compartir esta noticia<\/h5><ul class='av-share-box-list noLightbox'><li class='av-share-link av-social-link-facebook' ><a target=\"_blank\" aria-label=\"Compartir en Facebook\" href='https:\/\/www.facebook.com\/sharer.php?u=https:\/\/radiorevelacionfm.cl\/?p=46069&#038;t=Corte%20de%20Apelaciones%20de%20Coyhaique%20rinde%20homenaje%20a%20Juan%20Soto%20Quiroz%20tras%2047%20a%C3%B1os%20como%20juez%20de%20polic%C3%ADa%20local' aria-hidden='false' data-av_icon='\ue8f3' data-av_iconfont='entypo-fontello' title='' data-avia-related-tooltip='Compartir en Facebook' rel=\"noopener\"><span class='avia_hidden_link_text'>Compartir en Facebook<\/span><\/a><\/li><li class='av-share-link av-social-link-twitter' ><a target=\"_blank\" aria-label=\"Compartir en Twitter\" href='https:\/\/twitter.com\/share?text=Corte%20de%20Apelaciones%20de%20Coyhaique%20rinde%20homenaje%20a%20Juan%20Soto%20Quiroz%20tras%2047%20a%C3%B1os%20como%20juez%20de%20polic%C3%ADa%20local&#038;url=https:\/\/radiorevelacionfm.cl\/?p=46069' aria-hidden='false' data-av_icon='\ue8f1' data-av_iconfont='entypo-fontello' title='' data-avia-related-tooltip='Compartir en Twitter' rel=\"noopener\"><span class='avia_hidden_link_text'>Compartir en Twitter<\/span><\/a><\/li><li class='av-share-link av-social-link-whatsapp' ><a target=\"_blank\" aria-label=\"Compartir en Whatsapp\" href='https:\/\/api.whatsapp.com\/send?text=https:\/\/radiorevelacionfm.cl\/?p=46069' aria-hidden='false' data-av_icon='\uf232' data-av_iconfont='entypo-fontello' title='' data-avia-related-tooltip='Compartir en Whatsapp' rel=\"noopener\"><span class='avia_hidden_link_text'>Compartir en Whatsapp<\/span><\/a><\/li><li class='av-share-link av-social-link-linkedin' ><a target=\"_blank\" aria-label=\"Compartir en LinkedIn\" href='https:\/\/linkedin.com\/shareArticle?mini=true&#038;title=Corte%20de%20Apelaciones%20de%20Coyhaique%20rinde%20homenaje%20a%20Juan%20Soto%20Quiroz%20tras%2047%20a%C3%B1os%20como%20juez%20de%20polic%C3%ADa%20local&#038;url=https:\/\/radiorevelacionfm.cl\/?p=46069' aria-hidden='false' data-av_icon='\ue8fc' data-av_iconfont='entypo-fontello' title='' data-avia-related-tooltip='Compartir en LinkedIn' rel=\"noopener\"><span class='avia_hidden_link_text'>Compartir en LinkedIn<\/span><\/a><\/li><li class='av-share-link av-social-link-mail' ><a  aria-label=\"Compartir por correo\" href='mailto:?subject=Corte%20de%20Apelaciones%20de%20Coyhaique%20rinde%20homenaje%20a%20Juan%20Soto%20Quiroz%20tras%2047%20a%C3%B1os%20como%20juez%20de%20polic%C3%ADa%20local&#038;body=https:\/\/radiorevelacionfm.cl\/?p=46069' aria-hidden='false' data-av_icon='\ue805' data-av_iconfont='entypo-fontello' title='' data-avia-related-tooltip='Compartir por correo'><span class='avia_hidden_link_text'>Compartir por correo<\/span><\/a><\/li><\/ul><\/div><\/div>\n<div  style='height:50px' class='hr hr-invisible   avia-builder-el-8  el_after_av_social_share  el_before_av_comments_list '><span class='hr-inner ' ><span class='hr-inner-style'><\/span><\/span><\/div>\n<div  class='av-buildercomment  av-blog-meta-html-info-disabled av-blog-meta-tag-disabled  '><\/div>\n","protected":false},"excerpt":{"rendered":"","protected":false},"author":1,"featured_media":46070,"comment_status":"open","ping_status":"open","sticky":false,"template":"","format":"standard","meta":{"footnotes":""},"categories":[55],"tags":[],"class_list":["post-46069","post","type-post","status-publish","format-standard","has-post-thumbnail","hentry","category-justicia"],"jetpack_featured_media_url":"https:\/\/radiorevelacionfm.cl\/wp-content\/uploads\/2024\/09\/Foto-01-pleno-1-1.jpg","_links":{"self":[{"href":"https:\/\/radiorevelacionfm.cl\/index.php?rest_route=\/wp\/v2\/posts\/46069","targetHints":{"allow":["GET"]}}],"collection":[{"href":"https:\/\/radiorevelacionfm.cl\/index.php?rest_route=\/wp\/v2\/posts"}],"about":[{"href":"https:\/\/radiorevelacionfm.cl\/index.php?rest_route=\/wp\/v2\/types\/post"}],"author":[{"embeddable":true,"href":"https:\/\/radiorevelacionfm.cl\/index.php?rest_route=\/wp\/v2\/users\/1"}],"replies":[{"embeddable":true,"href":"https:\/\/radiorevelacionfm.cl\/index.php?rest_route=%2Fwp%2Fv2%2Fcomments&post=46069"}],"version-history":[{"count":1,"href":"https:\/\/radiorevelacionfm.cl\/index.php?rest_route=\/wp\/v2\/posts\/46069\/revisions"}],"predecessor-version":[{"id":46071,"href":"https:\/\/radiorevelacionfm.cl\/index.php?rest_route=\/wp\/v2\/posts\/46069\/revisions\/46071"}],"wp:featuredmedia":[{"embeddable":true,"href":"https:\/\/radiorevelacionfm.cl\/index.php?rest_route=\/wp\/v2\/media\/46070"}],"wp:attachment":[{"href":"https:\/\/radiorevelacionfm.cl\/index.php?rest_route=%2Fwp%2Fv2%2Fmedia&parent=46069"}],"wp:term":[{"taxonomy":"category","embeddable":true,"href":"https:\/\/radiorevelacionfm.cl\/index.php?rest_route=%2Fwp%2Fv2%2Fcategories&post=46069"},{"taxonomy":"post_tag","embeddable":true,"href":"https:\/\/radiorevelacionfm.cl\/index.php?rest_route=%2Fwp%2Fv2%2Ftags&post=46069"}],"curies":[{"name":"wp","href":"https:\/\/api.w.org\/{rel}","templated":true}]}}