{"id":46066,"date":"2024-09-10T10:28:55","date_gmt":"2024-09-10T13:28:55","guid":{"rendered":"https:\/\/radiorevelacionfm.cl\/?p=46066"},"modified":"2024-09-10T10:28:55","modified_gmt":"2024-09-10T13:28:55","slug":"anuncian-ampliacion-de-plazo-de-postulacion-al-recambio-de-calefactores","status":"publish","type":"post","link":"https:\/\/radiorevelacionfm.cl\/?p=46066","title":{"rendered":"Anuncian ampliaci\u00f3n de plazo de postulaci\u00f3n al Recambio de Calefactores"},"content":{"rendered":"<div class=\"flex_column av_one_full  flex_column_div av-zero-column-padding first  avia-builder-el-0  el_before_av_one_full  avia-builder-el-first  \" style='border-radius:0px; '><div  class='avia-image-container  av-styling-    avia-builder-el-1  avia-builder-el-no-sibling  avia-align-center '  itemprop=\"image\" itemscope=\"itemscope\" itemtype=\"https:\/\/schema.org\/ImageObject\"  ><div class='avia-image-container-inner'><div class='avia-image-overlay-wrap'><img decoding=\"async\" class='wp-image-46067 avia-img-lazy-loading-not-46067 avia_image' src=\"https:\/\/radiorevelacionfm.cl\/wp-content\/uploads\/2024\/09\/1-2024-09-10t102627_optimized.312-1.jpg\" alt='' title='1 - -2024-09-10t102627_optimized.312-(1)' height=\"600\" width=\"1067\"  itemprop=\"thumbnailUrl\" srcset=\"https:\/\/radiorevelacionfm.cl\/wp-content\/uploads\/2024\/09\/1-2024-09-10t102627_optimized.312-1.jpg 1067w, https:\/\/radiorevelacionfm.cl\/wp-content\/uploads\/2024\/09\/1-2024-09-10t102627_optimized.312-1-300x169.jpg 300w, https:\/\/radiorevelacionfm.cl\/wp-content\/uploads\/2024\/09\/1-2024-09-10t102627_optimized.312-1-1030x579.jpg 1030w, https:\/\/radiorevelacionfm.cl\/wp-content\/uploads\/2024\/09\/1-2024-09-10t102627_optimized.312-1-768x432.jpg 768w, https:\/\/radiorevelacionfm.cl\/wp-content\/uploads\/2024\/09\/1-2024-09-10t102627_optimized.312-1-705x396.jpg 705w, https:\/\/radiorevelacionfm.cl\/wp-content\/uploads\/2024\/09\/1-2024-09-10t102627_optimized.312-1-450x253.jpg 450w, https:\/\/radiorevelacionfm.cl\/wp-content\/uploads\/2024\/09\/1-2024-09-10t102627_optimized.312-1-600x337.jpg 600w\" sizes=\"(max-width: 1067px) 100vw, 1067px\" \/><\/div><\/div><\/div><\/div><div class=\"flex_column av_one_full  flex_column_div av-zero-column-padding first  avia-builder-el-2  el_after_av_one_full  el_before_av_one_full  column-top-margin\" style='border-radius:0px; '><section class=\"av_textblock_section \"  itemscope=\"itemscope\" itemtype=\"https:\/\/schema.org\/BlogPosting\" itemprop=\"blogPost\" ><div class='avia_textblock  '   itemprop=\"text\" ><p style=\"text-align: center;\"><span style=\"font-size: 18pt;\"><strong>Anuncian ampliaci\u00f3n de plazo de postulaci\u00f3n al Recambio de Calefactores<\/strong><\/span><\/p>\n<div id=\"gtx-trans\" style=\"position: absolute; left: -50px; top: 4.31534px;\">\n<div class=\"gtx-trans-icon\"><\/div>\n<\/div>\n<\/div><\/section><\/div><div class=\"flex_column av_one_full  flex_column_div av-zero-column-padding first  avia-builder-el-4  el_after_av_one_full  el_before_av_hr  column-top-margin\" style='border-radius:0px; '><section class=\"av_textblock_section \"  itemscope=\"itemscope\" itemtype=\"https:\/\/schema.org\/BlogPosting\" itemprop=\"blogPost\" ><div class='avia_textblock  '   itemprop=\"text\" ><p style=\"text-align: justify;\"><em>Hasta el 16 septiembre las familias de la zona saturada de Coyhaique podr\u00e1n postular para cambiar su artefacto a le\u00f1a por uno a pellet. <\/em><\/p>\n<p style=\"text-align: justify;\">El Seremi del Medio Ambiente, Yoal D\u00edaz anunci\u00f3 la ampliaci\u00f3n del plazo para postular al programa de recambio de calefactores hasta el d\u00eda lunes 16 de septiembre inclusive, invitando a las familias de Coyhaique a sumarse durante la recta final del segundo llamado en la l\u00ednea pellet \u201cAtenci\u00f3n vecinos y vecinas de la ciudad de Coyhaique, tenemos buenas noticias, ampliamos el plazo para postular al segundo llamado del recambio de calefactores en la l\u00ednea pellet, recuerde que vamos a estar desplegados en distintos puntos de la ciudad. La invitaci\u00f3n es a sumarse a este beneficio ambiental, necesitamos la colaboraci\u00f3n de todos y todas, esto es salud y por supuesto, calidad de vida, s\u00famate al recambio de calefactores 2024\u201d, recalc\u00f3 la autoridad ambiental indicando que las y los interesados pueden postular en la p\u00e1gina web calefactores.mma.gob.cl y quienes necesiten asistencia podr\u00e1n acercarse a postular en la oficina del programa de recambio de calefactores, ubicada en Err\u00e1zuriz 514, Coyhaique.<\/p>\n<p style=\"text-align: justify;\">Adem\u00e1s, durante la \u00faltima semana de postulaci\u00f3n, el equipo de recambio estar\u00e1 adem\u00e1s recibiendo postulaciones desde el lunes 9 al viernes 13 en el supermercado Unimarc en el bloque 17:00 a 19:00 hrs; el d\u00eda martes 10 en la Junta de Vecinos Villa Patagonia de 15:00 a 17:00 hrs; y el s\u00e1bado 14 de septiembre de 10:00 a 12:00 hrs. en feria las quintas.<\/p>\n<p style=\"text-align: justify;\">El programa de recambio de calefactores implementado por la Seremi del Medio Ambiente y financiado por el Gobierno Regional de Ays\u00e9n y su Consejo, busca reducir las emisiones de contaminantes de la combusti\u00f3n residencial a le\u00f1a. El programa cuenta con m\u00e1s de 900 cupos para que coyhaiquinos y coyhaiquinas recambien su antiguo calefactor y\/o cocina a le\u00f1a para ser chatarrizado y as\u00ed disminuir las fuentes de emisiones contaminantes en la zona.<\/p>\n<p style=\"text-align: justify;\"><strong>Los requisitos<\/strong><\/p>\n<p style=\"text-align: justify;\">Desde la SEREMI recalcaron que quienes quieran ser parte del programa de recambio de calefactores deber\u00e1n cumplir con los requisitos excluyentes: El domicilio del postulante debe encontrarse dentro del pol\u00edgono del \u00e1rea saturada de Coyhaique; \u00e9l o la postulante debe ser propietario\/a del artefacto a le\u00f1a; as\u00ed tambi\u00e9n el artefacto a recambiar debe ser a le\u00f1a: cocina, salamandra, hechizo, calefactor c\u00e1mara simple con templador o sin templador y estar instalado en la vivienda. Tampoco podr\u00e1n postular personas que hayan sido beneficiarias anteriormente o que cuenten con un integrante del grupo familiar declarado que haya sido beneficiado por el programa.<\/p>\n<p style=\"text-align: justify;\">Finalmente el Seremi Yoal D\u00edaz, record\u00f3 a la comunidad que el programa de recambio es un beneficio ambiental, por tanto no requiere el registro social de hogares, invitando nuevamente a sumarse a la iniciativa en la plataforma online o bien presentando su c\u00e9dula de identidad en la oficina del recambio o los diversos puntos itinerantes.<\/p>\n<\/div><\/section><\/div><div  style='height:50px' class='hr hr-invisible   avia-builder-el-6  el_after_av_one_full  el_before_av_social_share '><span class='hr-inner ' ><span class='hr-inner-style'><\/span><\/span><\/div><\/p>\n<div  class='av-social-sharing-box  avia-builder-el-7  el_after_av_hr  el_before_av_hr  '><div class='av-share-box'><h5 class='av-share-link-description av-no-toc '>Compartir esta noticia<\/h5><ul class='av-share-box-list noLightbox'><li class='av-share-link av-social-link-facebook' ><a target=\"_blank\" aria-label=\"Compartir en Facebook\" href='https:\/\/www.facebook.com\/sharer.php?u=https:\/\/radiorevelacionfm.cl\/?p=46066&#038;t=Anuncian%20ampliaci%C3%B3n%20de%20plazo%20de%20postulaci%C3%B3n%20al%20Recambio%20de%20Calefactores' aria-hidden='false' data-av_icon='\ue8f3' data-av_iconfont='entypo-fontello' title='' data-avia-related-tooltip='Compartir en Facebook' rel=\"noopener\"><span class='avia_hidden_link_text'>Compartir en Facebook<\/span><\/a><\/li><li class='av-share-link av-social-link-twitter' ><a target=\"_blank\" aria-label=\"Compartir en Twitter\" href='https:\/\/twitter.com\/share?text=Anuncian%20ampliaci%C3%B3n%20de%20plazo%20de%20postulaci%C3%B3n%20al%20Recambio%20de%20Calefactores&#038;url=https:\/\/radiorevelacionfm.cl\/?p=46066' aria-hidden='false' data-av_icon='\ue8f1' data-av_iconfont='entypo-fontello' title='' data-avia-related-tooltip='Compartir en Twitter' rel=\"noopener\"><span class='avia_hidden_link_text'>Compartir en Twitter<\/span><\/a><\/li><li class='av-share-link av-social-link-whatsapp' ><a target=\"_blank\" aria-label=\"Compartir en Whatsapp\" href='https:\/\/api.whatsapp.com\/send?text=https:\/\/radiorevelacionfm.cl\/?p=46066' aria-hidden='false' data-av_icon='\uf232' data-av_iconfont='entypo-fontello' title='' data-avia-related-tooltip='Compartir en Whatsapp' rel=\"noopener\"><span class='avia_hidden_link_text'>Compartir en Whatsapp<\/span><\/a><\/li><li class='av-share-link av-social-link-linkedin' ><a target=\"_blank\" aria-label=\"Compartir en LinkedIn\" href='https:\/\/linkedin.com\/shareArticle?mini=true&#038;title=Anuncian%20ampliaci%C3%B3n%20de%20plazo%20de%20postulaci%C3%B3n%20al%20Recambio%20de%20Calefactores&#038;url=https:\/\/radiorevelacionfm.cl\/?p=46066' aria-hidden='false' data-av_icon='\ue8fc' data-av_iconfont='entypo-fontello' title='' data-avia-related-tooltip='Compartir en LinkedIn' rel=\"noopener\"><span class='avia_hidden_link_text'>Compartir en LinkedIn<\/span><\/a><\/li><li class='av-share-link av-social-link-mail' ><a  aria-label=\"Compartir por correo\" href='mailto:?subject=Anuncian%20ampliaci%C3%B3n%20de%20plazo%20de%20postulaci%C3%B3n%20al%20Recambio%20de%20Calefactores&#038;body=https:\/\/radiorevelacionfm.cl\/?p=46066' aria-hidden='false' data-av_icon='\ue805' data-av_iconfont='entypo-fontello' title='' data-avia-related-tooltip='Compartir por correo'><span class='avia_hidden_link_text'>Compartir por correo<\/span><\/a><\/li><\/ul><\/div><\/div>\n<div  style='height:50px' class='hr hr-invisible   avia-builder-el-8  el_after_av_social_share  el_before_av_comments_list '><span class='hr-inner ' ><span class='hr-inner-style'><\/span><\/span><\/div>\n<div  class='av-buildercomment  av-blog-meta-html-info-disabled av-blog-meta-tag-disabled  '><\/div>\n","protected":false},"excerpt":{"rendered":"","protected":false},"author":1,"featured_media":46067,"comment_status":"open","ping_status":"open","sticky":false,"template":"","format":"standard","meta":{"footnotes":""},"categories":[39],"tags":[],"class_list":["post-46066","post","type-post","status-publish","format-standard","has-post-thumbnail","hentry","category-medio-ambiente"],"jetpack_featured_media_url":"https:\/\/radiorevelacionfm.cl\/wp-content\/uploads\/2024\/09\/1-2024-09-10t102627_optimized.312-1.jpg","_links":{"self":[{"href":"https:\/\/radiorevelacionfm.cl\/index.php?rest_route=\/wp\/v2\/posts\/46066","targetHints":{"allow":["GET"]}}],"collection":[{"href":"https:\/\/radiorevelacionfm.cl\/index.php?rest_route=\/wp\/v2\/posts"}],"about":[{"href":"https:\/\/radiorevelacionfm.cl\/index.php?rest_route=\/wp\/v2\/types\/post"}],"author":[{"embeddable":true,"href":"https:\/\/radiorevelacionfm.cl\/index.php?rest_route=\/wp\/v2\/users\/1"}],"replies":[{"embeddable":true,"href":"https:\/\/radiorevelacionfm.cl\/index.php?rest_route=%2Fwp%2Fv2%2Fcomments&post=46066"}],"version-history":[{"count":1,"href":"https:\/\/radiorevelacionfm.cl\/index.php?rest_route=\/wp\/v2\/posts\/46066\/revisions"}],"predecessor-version":[{"id":46068,"href":"https:\/\/radiorevelacionfm.cl\/index.php?rest_route=\/wp\/v2\/posts\/46066\/revisions\/46068"}],"wp:featuredmedia":[{"embeddable":true,"href":"https:\/\/radiorevelacionfm.cl\/index.php?rest_route=\/wp\/v2\/media\/46067"}],"wp:attachment":[{"href":"https:\/\/radiorevelacionfm.cl\/index.php?rest_route=%2Fwp%2Fv2%2Fmedia&parent=46066"}],"wp:term":[{"taxonomy":"category","embeddable":true,"href":"https:\/\/radiorevelacionfm.cl\/index.php?rest_route=%2Fwp%2Fv2%2Fcategories&post=46066"},{"taxonomy":"post_tag","embeddable":true,"href":"https:\/\/radiorevelacionfm.cl\/index.php?rest_route=%2Fwp%2Fv2%2Ftags&post=46066"}],"curies":[{"name":"wp","href":"https:\/\/api.w.org\/{rel}","templated":true}]}}