{"id":46058,"date":"2024-09-11T11:16:36","date_gmt":"2024-09-11T14:16:36","guid":{"rendered":"https:\/\/radiorevelacionfm.cl\/?p=46058"},"modified":"2024-09-11T11:16:36","modified_gmt":"2024-09-11T14:16:36","slug":"senador-sandoval-en-la-region-necesitamos-desarrollo-crecimiento-y-certezas","status":"publish","type":"post","link":"https:\/\/radiorevelacionfm.cl\/?p=46058","title":{"rendered":"Senador Sandoval: \u201cEn la regi\u00f3n necesitamos desarrollo, crecimiento y certezas\u201d"},"content":{"rendered":"<div class=\"flex_column av_one_full  flex_column_div av-zero-column-padding first  avia-builder-el-0  el_before_av_one_full  avia-builder-el-first  \" style='border-radius:0px; '><div  class='avia-image-container  av-styling-    avia-builder-el-1  avia-builder-el-no-sibling  avia-align-center '  itemprop=\"image\" itemscope=\"itemscope\" itemtype=\"https:\/\/schema.org\/ImageObject\"  ><div class='avia-image-container-inner'><div class='avia-image-overlay-wrap'><img decoding=\"async\" class='wp-image-46060 avia-img-lazy-loading-not-46060 avia_image' src=\"https:\/\/radiorevelacionfm.cl\/wp-content\/uploads\/2024\/09\/nuevo-barco-friosur-1-1.jpeg\" alt='' title='nuevo barco friosur (1) (1)' height=\"600\" width=\"899\"  itemprop=\"thumbnailUrl\" srcset=\"https:\/\/radiorevelacionfm.cl\/wp-content\/uploads\/2024\/09\/nuevo-barco-friosur-1-1.jpeg 899w, https:\/\/radiorevelacionfm.cl\/wp-content\/uploads\/2024\/09\/nuevo-barco-friosur-1-1-300x200.jpeg 300w, https:\/\/radiorevelacionfm.cl\/wp-content\/uploads\/2024\/09\/nuevo-barco-friosur-1-1-768x513.jpeg 768w, https:\/\/radiorevelacionfm.cl\/wp-content\/uploads\/2024\/09\/nuevo-barco-friosur-1-1-705x471.jpeg 705w, https:\/\/radiorevelacionfm.cl\/wp-content\/uploads\/2024\/09\/nuevo-barco-friosur-1-1-450x300.jpeg 450w, https:\/\/radiorevelacionfm.cl\/wp-content\/uploads\/2024\/09\/nuevo-barco-friosur-1-1-600x400.jpeg 600w\" sizes=\"(max-width: 899px) 100vw, 899px\" \/><\/div><\/div><\/div><\/div><div class=\"flex_column av_one_full  flex_column_div av-zero-column-padding first  avia-builder-el-2  el_after_av_one_full  el_before_av_one_full  column-top-margin\" style='border-radius:0px; '><section class=\"av_textblock_section \"  itemscope=\"itemscope\" itemtype=\"https:\/\/schema.org\/BlogPosting\" itemprop=\"blogPost\" ><div class='avia_textblock  '   itemprop=\"text\" ><p style=\"text-align: center;\"><strong><span style=\"font-size: 18pt;\">Senador Sandoval: \u201cEn la regi\u00f3n necesitamos desarrollo, crecimiento y certezas\u201d <\/span><\/strong><\/p>\n<div id=\"gtx-trans\" style=\"position: absolute; left: -50px; top: 4.31534px;\">\n<div class=\"gtx-trans-icon\"><\/div>\n<\/div>\n<\/div><\/section><\/div><div class=\"flex_column av_one_full  flex_column_div av-zero-column-padding first  avia-builder-el-4  el_after_av_one_full  el_before_av_hr  column-top-margin\" style='border-radius:0px; '><section class=\"av_textblock_section \"  itemscope=\"itemscope\" itemtype=\"https:\/\/schema.org\/BlogPosting\" itemprop=\"blogPost\" ><div class='avia_textblock  '   itemprop=\"text\" ><p style=\"text-align: justify;\"><em>As\u00ed lo se\u00f1al\u00f3 el parlamentario, luego de participar en los \u00faltimos d\u00edas en la ceremonia donde pesquera FRIOSUR present\u00f3 una nueva embarcaci\u00f3n para potenciar sus faenas en la zona, lo que fue destacado por Sandoval.<\/em><\/p>\n<p style=\"text-align: justify;\">\u201cEn la regi\u00f3n necesitamos desarrollo, crecimiento y certezas\u201d. As\u00ed lo se\u00f1al\u00f3 el senador David Sandoval, luego de participar en los \u00faltimos d\u00edas en la ceremonia donde la empresa Friosur present\u00f3 su primer Reporte de Sostenibilidad e incorpor\u00f3 a su flota el tercer barco, PAM Friosur XI, para potenciar sus faenas pesqueras en la zona.<\/p>\n<p style=\"text-align: justify;\">Al respecto, el parlamentario destac\u00f3 que la empresa \u201ces la que se est\u00e1 metiendo la mano al bolsillo para generar desarrollo, inversi\u00f3n y crecimiento; tienen una planta espectacular, acaban de incorporar un nuevo barco hielero para las faenas de pesca y toda una tecnolog\u00eda asociada\u201d.<\/p>\n<p style=\"text-align: justify;\">Por lo mismo, dijo \u201cla regi\u00f3n no va a crecer con el bono, con el subsidio, con la franquicia\u201d, sino que por el contrario lo que se necesita es m\u00e1s desarrollo, enfatizando que Ays\u00e9n lleva muchas d\u00e9cadas con un bajo nivel de crecimiento \u201cy eso nos est\u00e1 condenando\u201d.<\/p>\n<p style=\"text-align: justify;\">\u201cLa regi\u00f3n tiene que entender que no le podemos poner candado porque algunos pocos quisieran que aqu\u00ed no se hicieran nada, as\u00ed como tampoco estamos porque se haga cualquier cosa. Aqu\u00ed hay que ser inteligentes, hoy hay conocimiento e informaci\u00f3n, hay que respetar nuestro patrimonio ambiental, etc.\u201d, agreg\u00f3.<\/p>\n<p style=\"text-align: justify;\">En esa l\u00ednea, el presidente del directorio de Friosur, Jos\u00e9 Luis del R\u00edo, quien encabez\u00f3 el acto desarrollado en dependencias de EMPORCHA a fines de la semana pasada y que cont\u00f3 con la presencia de autoridades nacionales, regionales y locales, adem\u00e1s de directivos y trabajadores de la empresa, entre otros, se\u00f1al\u00f3 que es fundamental \u201cpoder propiciar y promover de todas las formas posibles m\u00e1s ahorro y m\u00e1s inversi\u00f3n regional\u201d.<\/p>\n<p style=\"text-align: justify;\">Por lo mismo, se\u00f1al\u00f3 que es muy importante \u201cque haya otros empresarios medianos, peque\u00f1os y grandes que inviertan y conf\u00eden en Ays\u00e9n\u201d, recalcando que \u201ces fundamental invertir m\u00e1s, pues si no hay inversi\u00f3n no hay crecimiento\u201d. \u201cNecesitamos m\u00e1s trabajo y mejor futuro para todos los habitantes de Ays\u00e9n\u201d, concluy\u00f3.<\/p>\n<p style=\"text-align: justify;\">Finalmente, el senador Sandoval insisti\u00f3 en que es clave para el desarrollo de la regi\u00f3n, poder generar un \u201cgran pacto\u201d que permita a todos los actores vinculados poder generar una visi\u00f3n com\u00fan sobre lo que necesita Ays\u00e9n en las pr\u00f3ximas d\u00e9cadas.<\/p>\n<\/div><\/section><\/div><div  style='height:50px' class='hr hr-invisible   avia-builder-el-6  el_after_av_one_full  el_before_av_social_share '><span class='hr-inner ' ><span class='hr-inner-style'><\/span><\/span><\/div><\/p>\n<div  class='av-social-sharing-box  avia-builder-el-7  el_after_av_hr  el_before_av_hr  '><div class='av-share-box'><h5 class='av-share-link-description av-no-toc '>Compartir esta noticia<\/h5><ul class='av-share-box-list noLightbox'><li class='av-share-link av-social-link-facebook' ><a target=\"_blank\" aria-label=\"Compartir en Facebook\" href='https:\/\/www.facebook.com\/sharer.php?u=https:\/\/radiorevelacionfm.cl\/?p=46058&#038;t=Senador%20Sandoval%3A%20%E2%80%9CEn%20la%20regi%C3%B3n%20necesitamos%20desarrollo%2C%20crecimiento%20y%20certezas%E2%80%9D' aria-hidden='false' data-av_icon='\ue8f3' data-av_iconfont='entypo-fontello' title='' data-avia-related-tooltip='Compartir en Facebook' rel=\"noopener\"><span class='avia_hidden_link_text'>Compartir en Facebook<\/span><\/a><\/li><li class='av-share-link av-social-link-twitter' ><a target=\"_blank\" aria-label=\"Compartir en Twitter\" href='https:\/\/twitter.com\/share?text=Senador%20Sandoval%3A%20%E2%80%9CEn%20la%20regi%C3%B3n%20necesitamos%20desarrollo%2C%20crecimiento%20y%20certezas%E2%80%9D&#038;url=https:\/\/radiorevelacionfm.cl\/?p=46058' aria-hidden='false' data-av_icon='\ue8f1' data-av_iconfont='entypo-fontello' title='' data-avia-related-tooltip='Compartir en Twitter' rel=\"noopener\"><span class='avia_hidden_link_text'>Compartir en Twitter<\/span><\/a><\/li><li class='av-share-link av-social-link-whatsapp' ><a target=\"_blank\" aria-label=\"Compartir en Whatsapp\" href='https:\/\/api.whatsapp.com\/send?text=https:\/\/radiorevelacionfm.cl\/?p=46058' aria-hidden='false' data-av_icon='\uf232' data-av_iconfont='entypo-fontello' title='' data-avia-related-tooltip='Compartir en Whatsapp' rel=\"noopener\"><span class='avia_hidden_link_text'>Compartir en Whatsapp<\/span><\/a><\/li><li class='av-share-link av-social-link-linkedin' ><a target=\"_blank\" aria-label=\"Compartir en LinkedIn\" href='https:\/\/linkedin.com\/shareArticle?mini=true&#038;title=Senador%20Sandoval%3A%20%E2%80%9CEn%20la%20regi%C3%B3n%20necesitamos%20desarrollo%2C%20crecimiento%20y%20certezas%E2%80%9D&#038;url=https:\/\/radiorevelacionfm.cl\/?p=46058' aria-hidden='false' data-av_icon='\ue8fc' data-av_iconfont='entypo-fontello' title='' data-avia-related-tooltip='Compartir en LinkedIn' rel=\"noopener\"><span class='avia_hidden_link_text'>Compartir en LinkedIn<\/span><\/a><\/li><li class='av-share-link av-social-link-mail' ><a  aria-label=\"Compartir por correo\" href='mailto:?subject=Senador%20Sandoval%3A%20%E2%80%9CEn%20la%20regi%C3%B3n%20necesitamos%20desarrollo%2C%20crecimiento%20y%20certezas%E2%80%9D&#038;body=https:\/\/radiorevelacionfm.cl\/?p=46058' aria-hidden='false' data-av_icon='\ue805' data-av_iconfont='entypo-fontello' title='' data-avia-related-tooltip='Compartir por correo'><span class='avia_hidden_link_text'>Compartir por correo<\/span><\/a><\/li><\/ul><\/div><\/div>\n<div  style='height:50px' class='hr hr-invisible   avia-builder-el-8  el_after_av_social_share  el_before_av_comments_list '><span class='hr-inner ' ><span class='hr-inner-style'><\/span><\/span><\/div>\n<div  class='av-buildercomment  av-blog-meta-html-info-disabled av-blog-meta-tag-disabled  '><\/div>\n","protected":false},"excerpt":{"rendered":"","protected":false},"author":1,"featured_media":46060,"comment_status":"open","ping_status":"open","sticky":false,"template":"","format":"standard","meta":{"footnotes":""},"categories":[35],"tags":[],"class_list":["post-46058","post","type-post","status-publish","format-standard","has-post-thumbnail","hentry","category-politica"],"jetpack_featured_media_url":"https:\/\/radiorevelacionfm.cl\/wp-content\/uploads\/2024\/09\/nuevo-barco-friosur-1-1.jpeg","_links":{"self":[{"href":"https:\/\/radiorevelacionfm.cl\/index.php?rest_route=\/wp\/v2\/posts\/46058","targetHints":{"allow":["GET"]}}],"collection":[{"href":"https:\/\/radiorevelacionfm.cl\/index.php?rest_route=\/wp\/v2\/posts"}],"about":[{"href":"https:\/\/radiorevelacionfm.cl\/index.php?rest_route=\/wp\/v2\/types\/post"}],"author":[{"embeddable":true,"href":"https:\/\/radiorevelacionfm.cl\/index.php?rest_route=\/wp\/v2\/users\/1"}],"replies":[{"embeddable":true,"href":"https:\/\/radiorevelacionfm.cl\/index.php?rest_route=%2Fwp%2Fv2%2Fcomments&post=46058"}],"version-history":[{"count":1,"href":"https:\/\/radiorevelacionfm.cl\/index.php?rest_route=\/wp\/v2\/posts\/46058\/revisions"}],"predecessor-version":[{"id":46061,"href":"https:\/\/radiorevelacionfm.cl\/index.php?rest_route=\/wp\/v2\/posts\/46058\/revisions\/46061"}],"wp:featuredmedia":[{"embeddable":true,"href":"https:\/\/radiorevelacionfm.cl\/index.php?rest_route=\/wp\/v2\/media\/46060"}],"wp:attachment":[{"href":"https:\/\/radiorevelacionfm.cl\/index.php?rest_route=%2Fwp%2Fv2%2Fmedia&parent=46058"}],"wp:term":[{"taxonomy":"category","embeddable":true,"href":"https:\/\/radiorevelacionfm.cl\/index.php?rest_route=%2Fwp%2Fv2%2Fcategories&post=46058"},{"taxonomy":"post_tag","embeddable":true,"href":"https:\/\/radiorevelacionfm.cl\/index.php?rest_route=%2Fwp%2Fv2%2Ftags&post=46058"}],"curies":[{"name":"wp","href":"https:\/\/api.w.org\/{rel}","templated":true}]}}