{"id":46055,"date":"2024-09-10T10:05:05","date_gmt":"2024-09-10T13:05:05","guid":{"rendered":"https:\/\/radiorevelacionfm.cl\/?p=46055"},"modified":"2024-09-10T10:05:05","modified_gmt":"2024-09-10T13:05:05","slug":"funcionarios-del-sector-justicia-se-capacitan-en-ley-karin","status":"publish","type":"post","link":"https:\/\/radiorevelacionfm.cl\/?p=46055","title":{"rendered":"Funcionarios del sector Justicia se capacitan en Ley Karin"},"content":{"rendered":"<div class=\"flex_column av_one_full  flex_column_div av-zero-column-padding first  avia-builder-el-0  el_before_av_one_full  avia-builder-el-first  \" style='border-radius:0px; '><div  class='avia-image-container  av-styling-    avia-builder-el-1  avia-builder-el-no-sibling  avia-align-center '  itemprop=\"image\" itemscope=\"itemscope\" itemtype=\"https:\/\/schema.org\/ImageObject\"  ><div class='avia-image-container-inner'><div class='avia-image-overlay-wrap'><img decoding=\"async\" class='wp-image-46056 avia-img-lazy-loading-not-46056 avia_image' src=\"https:\/\/radiorevelacionfm.cl\/wp-content\/uploads\/2024\/09\/charla-1-1-1.jpg\" alt='' title='charla 1 (1) (1)' height=\"600\" width=\"800\"  itemprop=\"thumbnailUrl\" srcset=\"https:\/\/radiorevelacionfm.cl\/wp-content\/uploads\/2024\/09\/charla-1-1-1.jpg 800w, https:\/\/radiorevelacionfm.cl\/wp-content\/uploads\/2024\/09\/charla-1-1-1-300x225.jpg 300w, https:\/\/radiorevelacionfm.cl\/wp-content\/uploads\/2024\/09\/charla-1-1-1-768x576.jpg 768w, https:\/\/radiorevelacionfm.cl\/wp-content\/uploads\/2024\/09\/charla-1-1-1-705x529.jpg 705w, https:\/\/radiorevelacionfm.cl\/wp-content\/uploads\/2024\/09\/charla-1-1-1-450x338.jpg 450w, https:\/\/radiorevelacionfm.cl\/wp-content\/uploads\/2024\/09\/charla-1-1-1-600x450.jpg 600w\" sizes=\"(max-width: 800px) 100vw, 800px\" \/><\/div><\/div><\/div><\/div><div class=\"flex_column av_one_full  flex_column_div av-zero-column-padding first  avia-builder-el-2  el_after_av_one_full  el_before_av_one_full  column-top-margin\" style='border-radius:0px; '><section class=\"av_textblock_section \"  itemscope=\"itemscope\" itemtype=\"https:\/\/schema.org\/BlogPosting\" itemprop=\"blogPost\" ><div class='avia_textblock  '   itemprop=\"text\" ><p style=\"text-align: center;\"><span style=\"font-size: 18pt;\"><strong>Funcionarios del sector Justicia se capacitan en Ley Karin <\/strong><\/span><\/p>\n<div id=\"gtx-trans\" style=\"position: absolute; left: -50px; top: 4.31534px;\">\n<div class=\"gtx-trans-icon\"><\/div>\n<\/div>\n<\/div><\/section><\/div><div class=\"flex_column av_one_full  flex_column_div av-zero-column-padding first  avia-builder-el-4  el_after_av_one_full  el_before_av_hr  column-top-margin\" style='border-radius:0px; '><section class=\"av_textblock_section \"  itemscope=\"itemscope\" itemtype=\"https:\/\/schema.org\/BlogPosting\" itemprop=\"blogPost\" ><div class='avia_textblock  '   itemprop=\"text\" ><p style=\"text-align: justify;\"><em>Dicha charla ten\u00eda como objetivo profundizar en aspectos esenciales de esta nueva normativa legal, que busca generar espacios laborales seguros, promoviendo la prevenci\u00f3n y el resguardo del personal.<\/em><\/p>\n<p style=\"text-align: justify;\">M\u00e1s de 50 funcionarios de los distintos servicios del sector Justicia participaron de una charla explicativa sobre la Ley 21.643 o denominada Ley Karin, actividad encabezada por el Seremi de Justicia y Derechos Humanos Samuel Navarro Castro y se enmarca en la agenda de g\u00e9nero impulsada por la secretar\u00eda regional ministerial de Justicia y Derechos Humanos en la regi\u00f3n de Ays\u00e9n.<\/p>\n<p style=\"text-align: justify;\">Cabe mencionar que la actividad consisti\u00f3 en una presentaci\u00f3n de la ley por parte del abogado jefe de la Defensor\u00eda Laboral de la Corporaci\u00f3n de Asistencia Judicial Claudio Vera, para posteriormente dar espacio a una ronda de preguntas realizadas por los participantes.<\/p>\n<p style=\"text-align: justify;\">Respecto a los aspectos abordados, el abogado Claudio Vera explic\u00f3 que \u201cel objetivo de la presentaci\u00f3n era entregar el marco que establece la ley 21.643, las nuevas conceptualizaciones que se dan por ella en virtud de los ejes que trae desde el Convenio 190 de la OIT, relativos al cambio del concepto reiterado de acoso laboral que se elimina, conceptos nuevos como son la violencia en el trabajo tambi\u00e9n respecto de las obligaciones que tiene el empleador de los protocolos de prevenci\u00f3n, las instituciones que se relacionan para la aplicaci\u00f3n de la ley tambi\u00e9n, indicar cuales son las obligaciones de los organismos administradores de la ley 16.744 al respecto y cuales son las obligaciones un poco de prevenir que es el foco de la ley, no solamente sancionar sino que prevenir que estas situaciones de acoso ocurran, este fue el objetivo principal de la presentaci\u00f3n y tambi\u00e9n establecer que existe la igualdad, es decir la ley es aplicable tanto para el mundo privado como el p\u00fablico y las instituciones de orden y seguridad\u201d concluy\u00f3.<\/p>\n<p style=\"text-align: justify;\">Es importante se\u00f1alar que la Ley 21.643 m\u00e1s conocida como\u00a0Ley Karin, modifica el C\u00f3digo del Trabajo y otros cuerpos legales con el objetivo de prevenir, investigar y sancionar el acoso laboral, sexual y la violencia en el trabajo, tanto en el sector privado como en el p\u00fablico. Adem\u00e1s, establece, como obligaci\u00f3n de las empresas y de los \u00f3rganos del Estado, un protocolo de prevenci\u00f3n del acoso laboral o sexual y de la violencia en el trabajo.<\/p>\n<p style=\"text-align: justify;\">En cuanto a la relevancia que posee el abordar esta tem\u00e1tica con funcionarios de los distintos servicios del sector Justicia, el seremi Samuel Navarro Castro explic\u00f3 que \u201cnos parece muy importante ir profundizando en los conceptos contenidos en la ley 21.643 tambi\u00e9n llamada Ley Karin para los efectos que los funcionarios y funcionarias de la cartera de Justicia de sus distintos servicios p\u00fablicos relacionados y dependientes puedan contar con el conocimiento, las herramientas, con orientaciones en materia de prevenci\u00f3n de violencia en el trabajo, prevenci\u00f3n de acoso laboral y sexual, creemos que esta ley que dispuso el presidente de la rep\u00fablica Gabriel Boric viene a cambiar importantemente este \u00e1mbito de las relaciones personales, relaciones laborales, creemos que va a ser un proceso gradual y por eso hay que trabajar intensamente a todo lo relativo a la promoci\u00f3n, a la prevenci\u00f3n y en su caso a la sanci\u00f3n oportuna de conductas que no se adhieren con relaciones laborales sanas y correctas para el buen desarrollo de la funci\u00f3n p\u00fablica\u201d.<\/p>\n<p style=\"text-align: justify;\">Finalmente, uno de los encargados de g\u00e9nero en la Defensor\u00eda Penal P\u00fablica y participante de la charla, el abogado Cristian Cajas se refiri\u00f3 a la actividad se\u00f1alando que \u201cesta ma\u00f1ana hemos sido convocados a participar como funcionarios p\u00fablicos en una capacitaci\u00f3n de la denominada Ley Karin, donde hemos tenido la oportunidad de revisar nuevos conceptos como el acoso laboral, el acoso sexual, la violencia en el trabajo, revisar las nuevas obligaciones de los servicios p\u00fablicos en estas materias y particularmente comprender el sentido principal de esta ley es la prevenci\u00f3n esto es que todos nosotros como funcionarios p\u00fablicos podamos contribuir a que nuestros espacios laborales se respeten los derechos de todos y todas, agradecemos la invitaci\u00f3n y capacitaci\u00f3n realizada por el seremi de Justicia y Derechos Humanos de nuestra regi\u00f3n\u201d.<\/p>\n<\/div><\/section><\/div><div  style='height:50px' class='hr hr-invisible   avia-builder-el-6  el_after_av_one_full  el_before_av_social_share '><span class='hr-inner ' ><span class='hr-inner-style'><\/span><\/span><\/div><\/p>\n<div  class='av-social-sharing-box  avia-builder-el-7  el_after_av_hr  el_before_av_hr  '><div class='av-share-box'><h5 class='av-share-link-description av-no-toc '>Compartir esta noticia<\/h5><ul class='av-share-box-list noLightbox'><li class='av-share-link av-social-link-facebook' ><a target=\"_blank\" aria-label=\"Compartir en Facebook\" href='https:\/\/www.facebook.com\/sharer.php?u=https:\/\/radiorevelacionfm.cl\/?p=46055&#038;t=Funcionarios%20del%20sector%20Justicia%20se%20capacitan%20en%20Ley%20Karin' aria-hidden='false' data-av_icon='\ue8f3' data-av_iconfont='entypo-fontello' title='' data-avia-related-tooltip='Compartir en Facebook' rel=\"noopener\"><span class='avia_hidden_link_text'>Compartir en Facebook<\/span><\/a><\/li><li class='av-share-link av-social-link-twitter' ><a target=\"_blank\" aria-label=\"Compartir en Twitter\" href='https:\/\/twitter.com\/share?text=Funcionarios%20del%20sector%20Justicia%20se%20capacitan%20en%20Ley%20Karin&#038;url=https:\/\/radiorevelacionfm.cl\/?p=46055' aria-hidden='false' data-av_icon='\ue8f1' data-av_iconfont='entypo-fontello' title='' data-avia-related-tooltip='Compartir en Twitter' rel=\"noopener\"><span class='avia_hidden_link_text'>Compartir en Twitter<\/span><\/a><\/li><li class='av-share-link av-social-link-whatsapp' ><a target=\"_blank\" aria-label=\"Compartir en Whatsapp\" href='https:\/\/api.whatsapp.com\/send?text=https:\/\/radiorevelacionfm.cl\/?p=46055' aria-hidden='false' data-av_icon='\uf232' data-av_iconfont='entypo-fontello' title='' data-avia-related-tooltip='Compartir en Whatsapp' rel=\"noopener\"><span class='avia_hidden_link_text'>Compartir en Whatsapp<\/span><\/a><\/li><li class='av-share-link av-social-link-linkedin' ><a target=\"_blank\" aria-label=\"Compartir en LinkedIn\" href='https:\/\/linkedin.com\/shareArticle?mini=true&#038;title=Funcionarios%20del%20sector%20Justicia%20se%20capacitan%20en%20Ley%20Karin&#038;url=https:\/\/radiorevelacionfm.cl\/?p=46055' aria-hidden='false' data-av_icon='\ue8fc' data-av_iconfont='entypo-fontello' title='' data-avia-related-tooltip='Compartir en LinkedIn' rel=\"noopener\"><span class='avia_hidden_link_text'>Compartir en LinkedIn<\/span><\/a><\/li><li class='av-share-link av-social-link-mail' ><a  aria-label=\"Compartir por correo\" href='mailto:?subject=Funcionarios%20del%20sector%20Justicia%20se%20capacitan%20en%20Ley%20Karin&#038;body=https:\/\/radiorevelacionfm.cl\/?p=46055' aria-hidden='false' data-av_icon='\ue805' data-av_iconfont='entypo-fontello' title='' data-avia-related-tooltip='Compartir por correo'><span class='avia_hidden_link_text'>Compartir por correo<\/span><\/a><\/li><\/ul><\/div><\/div>\n<div  style='height:50px' class='hr hr-invisible   avia-builder-el-8  el_after_av_social_share  el_before_av_comments_list '><span class='hr-inner ' ><span class='hr-inner-style'><\/span><\/span><\/div>\n<div  class='av-buildercomment  av-blog-meta-html-info-disabled av-blog-meta-tag-disabled  '><\/div>\n","protected":false},"excerpt":{"rendered":"","protected":false},"author":1,"featured_media":46056,"comment_status":"open","ping_status":"open","sticky":false,"template":"","format":"standard","meta":{"footnotes":""},"categories":[55],"tags":[],"class_list":["post-46055","post","type-post","status-publish","format-standard","has-post-thumbnail","hentry","category-justicia"],"jetpack_featured_media_url":"https:\/\/radiorevelacionfm.cl\/wp-content\/uploads\/2024\/09\/charla-1-1-1.jpg","_links":{"self":[{"href":"https:\/\/radiorevelacionfm.cl\/index.php?rest_route=\/wp\/v2\/posts\/46055","targetHints":{"allow":["GET"]}}],"collection":[{"href":"https:\/\/radiorevelacionfm.cl\/index.php?rest_route=\/wp\/v2\/posts"}],"about":[{"href":"https:\/\/radiorevelacionfm.cl\/index.php?rest_route=\/wp\/v2\/types\/post"}],"author":[{"embeddable":true,"href":"https:\/\/radiorevelacionfm.cl\/index.php?rest_route=\/wp\/v2\/users\/1"}],"replies":[{"embeddable":true,"href":"https:\/\/radiorevelacionfm.cl\/index.php?rest_route=%2Fwp%2Fv2%2Fcomments&post=46055"}],"version-history":[{"count":1,"href":"https:\/\/radiorevelacionfm.cl\/index.php?rest_route=\/wp\/v2\/posts\/46055\/revisions"}],"predecessor-version":[{"id":46057,"href":"https:\/\/radiorevelacionfm.cl\/index.php?rest_route=\/wp\/v2\/posts\/46055\/revisions\/46057"}],"wp:featuredmedia":[{"embeddable":true,"href":"https:\/\/radiorevelacionfm.cl\/index.php?rest_route=\/wp\/v2\/media\/46056"}],"wp:attachment":[{"href":"https:\/\/radiorevelacionfm.cl\/index.php?rest_route=%2Fwp%2Fv2%2Fmedia&parent=46055"}],"wp:term":[{"taxonomy":"category","embeddable":true,"href":"https:\/\/radiorevelacionfm.cl\/index.php?rest_route=%2Fwp%2Fv2%2Fcategories&post=46055"},{"taxonomy":"post_tag","embeddable":true,"href":"https:\/\/radiorevelacionfm.cl\/index.php?rest_route=%2Fwp%2Fv2%2Ftags&post=46055"}],"curies":[{"name":"wp","href":"https:\/\/api.w.org\/{rel}","templated":true}]}}