{"id":46052,"date":"2024-09-09T18:43:54","date_gmt":"2024-09-09T21:43:54","guid":{"rendered":"https:\/\/radiorevelacionfm.cl\/?p=46052"},"modified":"2024-09-09T18:43:54","modified_gmt":"2024-09-09T21:43:54","slug":"nueva-posta-de-la-tapera-comienza-a-recibir-el-equipamiento-para-su-entrada-en-operaciones","status":"publish","type":"post","link":"https:\/\/radiorevelacionfm.cl\/?p=46052","title":{"rendered":"Nueva Posta de La Tapera comienza a recibir el equipamiento para su entrada en operaciones"},"content":{"rendered":"<div class=\"flex_column av_one_full  flex_column_div av-zero-column-padding first  avia-builder-el-0  el_before_av_one_full  avia-builder-el-first  \" style='border-radius:0px; '><div  class='avia-image-container  av-styling-    avia-builder-el-1  avia-builder-el-no-sibling  avia-align-center '  itemprop=\"image\" itemscope=\"itemscope\" itemtype=\"https:\/\/schema.org\/ImageObject\"  ><div class='avia-image-container-inner'><div class='avia-image-overlay-wrap'><img decoding=\"async\" class='wp-image-46053 avia-img-lazy-loading-not-46053 avia_image' src=\"https:\/\/radiorevelacionfm.cl\/wp-content\/uploads\/2024\/09\/psr-la-tapera-2-1_optimized.jpeg\" alt='' title='psr-la-tapera-(2)-(1)_optimized' height=\"600\" width=\"800\"  itemprop=\"thumbnailUrl\" srcset=\"https:\/\/radiorevelacionfm.cl\/wp-content\/uploads\/2024\/09\/psr-la-tapera-2-1_optimized.jpeg 800w, https:\/\/radiorevelacionfm.cl\/wp-content\/uploads\/2024\/09\/psr-la-tapera-2-1_optimized-300x225.jpeg 300w, https:\/\/radiorevelacionfm.cl\/wp-content\/uploads\/2024\/09\/psr-la-tapera-2-1_optimized-768x576.jpeg 768w, https:\/\/radiorevelacionfm.cl\/wp-content\/uploads\/2024\/09\/psr-la-tapera-2-1_optimized-705x529.jpeg 705w, https:\/\/radiorevelacionfm.cl\/wp-content\/uploads\/2024\/09\/psr-la-tapera-2-1_optimized-450x338.jpeg 450w, https:\/\/radiorevelacionfm.cl\/wp-content\/uploads\/2024\/09\/psr-la-tapera-2-1_optimized-600x450.jpeg 600w\" sizes=\"(max-width: 800px) 100vw, 800px\" \/><\/div><\/div><\/div><\/div><div class=\"flex_column av_one_full  flex_column_div av-zero-column-padding first  avia-builder-el-2  el_after_av_one_full  el_before_av_one_full  column-top-margin\" style='border-radius:0px; '><section class=\"av_textblock_section \"  itemscope=\"itemscope\" itemtype=\"https:\/\/schema.org\/BlogPosting\" itemprop=\"blogPost\" ><div class='avia_textblock  '   itemprop=\"text\" ><p style=\"text-align: center;\"><strong><span style=\"font-size: 18pt;\">Nueva Posta de La Tapera comienza a recibir el equipamiento para su entrada en operaciones<\/span><\/strong><\/p>\n<div id=\"gtx-trans\" style=\"position: absolute; left: -50px; top: 4.31534px;\">\n<div class=\"gtx-trans-icon\"><\/div>\n<\/div>\n<\/div><\/section><\/div><div class=\"flex_column av_one_full  flex_column_div av-zero-column-padding first  avia-builder-el-4  el_after_av_one_full  el_before_av_hr  column-top-margin\" style='border-radius:0px; '><section class=\"av_textblock_section \"  itemscope=\"itemscope\" itemtype=\"https:\/\/schema.org\/BlogPosting\" itemprop=\"blogPost\" ><div class='avia_textblock  '   itemprop=\"text\" ><p style=\"font-weight: 400; text-align: justify;\">Una visita a las obras de la posta de Villa La Tapera realizaron autoridades regionales y la comunidad local, en el marco del Gobierno en Terreno que se llev\u00f3 a cabo en esa localidad fundada en 1970 y distante a unos 200 kil\u00f3metros de Coyhaique.<\/p>\n<p style=\"font-weight: 400; text-align: justify;\">La instancia fue encabezada por el director del Servicio de Salud, Juan Pablo Bravo, quien destac\u00f3 esta nueva infraestructura. \u201cEst\u00e1 llegando el equipamiento, paulatinamente se entregar\u00e1 la autorizaci\u00f3n sanitaria para prontamente estar operando esta posta que va a venir a beneficiar directamente a los vecinos y vecinas de La Tapera y tambi\u00e9n a nuestros funcionarios, a los TENS de la posta y agradecer al SLEP y al municipio por facilitar espacios para funcionar transitoriamente mientras se realizaban las obras\u201d.<\/p>\n<p style=\"font-weight: 400; text-align: justify;\">En agosto pasado se realiz\u00f3 la recepci\u00f3n de obras y en estos momentos se encuentra en pleno proceso la instalaci\u00f3n de los equipos que ser\u00e1n el soporte tecnol\u00f3gico de este establecimiento de salud. \u201cPara la gobernadora y el Consejo Regional es una obra muy importante, la APS, Atenci\u00f3n Primaria de Salud es relevante para toda la regi\u00f3n y sus habitantes y poder llegar con la calidad de esta posta, en infraestructura y atenci\u00f3n es muy importante, se va disminuyendo las brechas de acceso a la salud para los pobladores de La Tapera\u201d, destac\u00f3 Teresita Fuentes, quien habl\u00f3 en representaci\u00f3n de la gobernadora regional, Andrea Mac\u00edas.<\/p>\n<p style=\"font-weight: 400; text-align: justify;\">Se trata de m\u00e1s de mil millones de pesos y sobre 400 metros cuadrados de construcciones que beneficiar\u00e1n directamente a unos 200 habitantes.<\/p>\n<p style=\"font-weight: 400; text-align: justify;\">Por su parte, el delegado presidencial, Rodrigo Araya, agradeci\u00f3 los esfuerzos de la comunidad por sacar adelante este proyecto y a la empresa que se hizo cargo de esta obra, que tuvo una serie de inconvenientes para poder concretarse.<\/p>\n<p style=\"font-weight: 400; text-align: justify;\">\u201cEs algo maravilloso en todas las comunas lo que se est\u00e1 haciendo, es maravilloso para mi y para toda la comunidad\u201d, precis\u00f3 Blanca Foitzick, vecina de La Tapera.<\/p>\n<p style=\"font-weight: 400; text-align: justify;\">La visita tambi\u00e9n cont\u00f3 con la participaci\u00f3n del alcalde de Lago Verde, Nelson Opazo y diversas autoridades desplegadas en terreno, todas las cuales coincidieron en la relevancia que tiene esta obra para la comunidad de Villa La Tapera.<\/p>\n<p style=\"font-weight: 400; text-align: justify;\">La suma del equipamiento y equipos es de unos 130 millones de pesos, que entregar\u00e1n una atenci\u00f3n de calidad a las personas que a diario se atienden en este establecimiento. \u201cNo es f\u00e1cil realizar un trabajo con condiciones limitadas y para nosotros todo es un gran avance y que est\u00e9 la opci\u00f3n de mejorar la calidad de la salud para las personas de esta localidad y las condiciones para los funcionarios, y quiero agradecer a la comunidad porque siempre est\u00e1n disponibles para trabajar con nosotros\u201d, se\u00f1al\u00f3 la TENS de la Posta y secretaria de la Asociaci\u00f3n de Param\u00e9dicos Rurales, Roxana Quijada.<\/p>\n<\/div><\/section><\/div><div  style='height:50px' class='hr hr-invisible   avia-builder-el-6  el_after_av_one_full  el_before_av_social_share '><span class='hr-inner ' ><span class='hr-inner-style'><\/span><\/span><\/div><\/p>\n<div  class='av-social-sharing-box  avia-builder-el-7  el_after_av_hr  el_before_av_hr  '><div class='av-share-box'><h5 class='av-share-link-description av-no-toc '>Compartir esta noticia<\/h5><ul class='av-share-box-list noLightbox'><li class='av-share-link av-social-link-facebook' ><a target=\"_blank\" aria-label=\"Compartir en Facebook\" href='https:\/\/www.facebook.com\/sharer.php?u=https:\/\/radiorevelacionfm.cl\/?p=46052&#038;t=Nueva%20Posta%20de%20La%20Tapera%20comienza%20a%20recibir%20el%20equipamiento%20para%20su%20entrada%20en%20operaciones' aria-hidden='false' data-av_icon='\ue8f3' data-av_iconfont='entypo-fontello' title='' data-avia-related-tooltip='Compartir en Facebook' rel=\"noopener\"><span class='avia_hidden_link_text'>Compartir en Facebook<\/span><\/a><\/li><li class='av-share-link av-social-link-twitter' ><a target=\"_blank\" aria-label=\"Compartir en Twitter\" href='https:\/\/twitter.com\/share?text=Nueva%20Posta%20de%20La%20Tapera%20comienza%20a%20recibir%20el%20equipamiento%20para%20su%20entrada%20en%20operaciones&#038;url=https:\/\/radiorevelacionfm.cl\/?p=46052' aria-hidden='false' data-av_icon='\ue8f1' data-av_iconfont='entypo-fontello' title='' data-avia-related-tooltip='Compartir en Twitter' rel=\"noopener\"><span class='avia_hidden_link_text'>Compartir en Twitter<\/span><\/a><\/li><li class='av-share-link av-social-link-whatsapp' ><a target=\"_blank\" aria-label=\"Compartir en Whatsapp\" href='https:\/\/api.whatsapp.com\/send?text=https:\/\/radiorevelacionfm.cl\/?p=46052' aria-hidden='false' data-av_icon='\uf232' data-av_iconfont='entypo-fontello' title='' data-avia-related-tooltip='Compartir en Whatsapp' rel=\"noopener\"><span class='avia_hidden_link_text'>Compartir en Whatsapp<\/span><\/a><\/li><li class='av-share-link av-social-link-linkedin' ><a target=\"_blank\" aria-label=\"Compartir en LinkedIn\" href='https:\/\/linkedin.com\/shareArticle?mini=true&#038;title=Nueva%20Posta%20de%20La%20Tapera%20comienza%20a%20recibir%20el%20equipamiento%20para%20su%20entrada%20en%20operaciones&#038;url=https:\/\/radiorevelacionfm.cl\/?p=46052' aria-hidden='false' data-av_icon='\ue8fc' data-av_iconfont='entypo-fontello' title='' data-avia-related-tooltip='Compartir en LinkedIn' rel=\"noopener\"><span class='avia_hidden_link_text'>Compartir en LinkedIn<\/span><\/a><\/li><li class='av-share-link av-social-link-mail' ><a  aria-label=\"Compartir por correo\" href='mailto:?subject=Nueva%20Posta%20de%20La%20Tapera%20comienza%20a%20recibir%20el%20equipamiento%20para%20su%20entrada%20en%20operaciones&#038;body=https:\/\/radiorevelacionfm.cl\/?p=46052' aria-hidden='false' data-av_icon='\ue805' data-av_iconfont='entypo-fontello' title='' data-avia-related-tooltip='Compartir por correo'><span class='avia_hidden_link_text'>Compartir por correo<\/span><\/a><\/li><\/ul><\/div><\/div>\n<div  style='height:50px' class='hr hr-invisible   avia-builder-el-8  el_after_av_social_share  el_before_av_comments_list '><span class='hr-inner ' ><span class='hr-inner-style'><\/span><\/span><\/div>\n<div  class='av-buildercomment  av-blog-meta-html-info-disabled av-blog-meta-tag-disabled  '><\/div>\n","protected":false},"excerpt":{"rendered":"","protected":false},"author":1,"featured_media":46053,"comment_status":"open","ping_status":"open","sticky":false,"template":"","format":"standard","meta":{"footnotes":""},"categories":[46],"tags":[],"class_list":["post-46052","post","type-post","status-publish","format-standard","has-post-thumbnail","hentry","category-salud"],"jetpack_featured_media_url":"https:\/\/radiorevelacionfm.cl\/wp-content\/uploads\/2024\/09\/psr-la-tapera-2-1_optimized.jpeg","_links":{"self":[{"href":"https:\/\/radiorevelacionfm.cl\/index.php?rest_route=\/wp\/v2\/posts\/46052","targetHints":{"allow":["GET"]}}],"collection":[{"href":"https:\/\/radiorevelacionfm.cl\/index.php?rest_route=\/wp\/v2\/posts"}],"about":[{"href":"https:\/\/radiorevelacionfm.cl\/index.php?rest_route=\/wp\/v2\/types\/post"}],"author":[{"embeddable":true,"href":"https:\/\/radiorevelacionfm.cl\/index.php?rest_route=\/wp\/v2\/users\/1"}],"replies":[{"embeddable":true,"href":"https:\/\/radiorevelacionfm.cl\/index.php?rest_route=%2Fwp%2Fv2%2Fcomments&post=46052"}],"version-history":[{"count":1,"href":"https:\/\/radiorevelacionfm.cl\/index.php?rest_route=\/wp\/v2\/posts\/46052\/revisions"}],"predecessor-version":[{"id":46054,"href":"https:\/\/radiorevelacionfm.cl\/index.php?rest_route=\/wp\/v2\/posts\/46052\/revisions\/46054"}],"wp:featuredmedia":[{"embeddable":true,"href":"https:\/\/radiorevelacionfm.cl\/index.php?rest_route=\/wp\/v2\/media\/46053"}],"wp:attachment":[{"href":"https:\/\/radiorevelacionfm.cl\/index.php?rest_route=%2Fwp%2Fv2%2Fmedia&parent=46052"}],"wp:term":[{"taxonomy":"category","embeddable":true,"href":"https:\/\/radiorevelacionfm.cl\/index.php?rest_route=%2Fwp%2Fv2%2Fcategories&post=46052"},{"taxonomy":"post_tag","embeddable":true,"href":"https:\/\/radiorevelacionfm.cl\/index.php?rest_route=%2Fwp%2Fv2%2Ftags&post=46052"}],"curies":[{"name":"wp","href":"https:\/\/api.w.org\/{rel}","templated":true}]}}