{"id":46049,"date":"2024-09-09T17:29:06","date_gmt":"2024-09-09T20:29:06","guid":{"rendered":"https:\/\/radiorevelacionfm.cl\/?p=46049"},"modified":"2024-09-09T21:25:10","modified_gmt":"2024-09-10T00:25:10","slug":"alumnos-de-la-escuela-de-guadal-limpiaron-graffitis-en-monumento-las-cuevas-de-marmol","status":"publish","type":"post","link":"https:\/\/radiorevelacionfm.cl\/?p=46049","title":{"rendered":"Alumnos de la escuela de Guadal limpiaron graffitis en monumento Cavernas de M\u00e1rmol"},"content":{"rendered":"<div class=\"flex_column av_one_full  flex_column_div av-zero-column-padding first  avia-builder-el-0  el_before_av_one_full  avia-builder-el-first  \" style='border-radius:0px; '><div  class='avia-image-container  av-styling-    avia-builder-el-1  avia-builder-el-no-sibling  avia-align-center '  itemprop=\"image\" itemscope=\"itemscope\" itemtype=\"https:\/\/schema.org\/ImageObject\"  ><div class='avia-image-container-inner'><div class='avia-image-overlay-wrap'><img decoding=\"async\" class='wp-image-46050 avia-img-lazy-loading-not-46050 avia_image' src=\"https:\/\/radiorevelacionfm.cl\/wp-content\/uploads\/2024\/09\/ea368cbb-d818-4f45-aec9-8ab4712be481-1-1.jpg\" alt='' title='ea368cbb-d818-4f45-aec9-8ab4712be481 (1) (1)' height=\"600\" width=\"1299\"  itemprop=\"thumbnailUrl\" srcset=\"https:\/\/radiorevelacionfm.cl\/wp-content\/uploads\/2024\/09\/ea368cbb-d818-4f45-aec9-8ab4712be481-1-1.jpg 1299w, https:\/\/radiorevelacionfm.cl\/wp-content\/uploads\/2024\/09\/ea368cbb-d818-4f45-aec9-8ab4712be481-1-1-300x139.jpg 300w, https:\/\/radiorevelacionfm.cl\/wp-content\/uploads\/2024\/09\/ea368cbb-d818-4f45-aec9-8ab4712be481-1-1-1030x476.jpg 1030w, https:\/\/radiorevelacionfm.cl\/wp-content\/uploads\/2024\/09\/ea368cbb-d818-4f45-aec9-8ab4712be481-1-1-768x355.jpg 768w, https:\/\/radiorevelacionfm.cl\/wp-content\/uploads\/2024\/09\/ea368cbb-d818-4f45-aec9-8ab4712be481-1-1-705x326.jpg 705w, https:\/\/radiorevelacionfm.cl\/wp-content\/uploads\/2024\/09\/ea368cbb-d818-4f45-aec9-8ab4712be481-1-1-450x208.jpg 450w, https:\/\/radiorevelacionfm.cl\/wp-content\/uploads\/2024\/09\/ea368cbb-d818-4f45-aec9-8ab4712be481-1-1-600x277.jpg 600w\" sizes=\"(max-width: 1299px) 100vw, 1299px\" \/><\/div><\/div><\/div><\/div>\n<div class=\"flex_column av_one_full  flex_column_div av-zero-column-padding first  avia-builder-el-2  el_after_av_one_full  el_before_av_one_full  column-top-margin\" style='border-radius:0px; '><section class=\"av_textblock_section \"  itemscope=\"itemscope\" itemtype=\"https:\/\/schema.org\/BlogPosting\" itemprop=\"blogPost\" ><div class='avia_textblock  '   itemprop=\"text\" ><p style=\"text-align: center;\"><strong><span style=\"font-size: 18pt;\">Alumnos de la escuela de Guadal limpiaron graffitis en monumento Cavernas de M\u00e1rmol <\/span><\/strong><\/p>\n<div id=\"gtx-trans\" style=\"position: absolute; left: -50px; top: 4.31534px;\">\n<div class=\"gtx-trans-icon\"><\/div>\n<\/div>\n<\/div><\/section><\/div><div class=\"flex_column av_one_full  flex_column_div av-zero-column-padding first  avia-builder-el-4  el_after_av_one_full  el_before_av_hr  column-top-margin\" style='border-radius:0px; '><section class=\"av_textblock_section \"  itemscope=\"itemscope\" itemtype=\"https:\/\/schema.org\/BlogPosting\" itemprop=\"blogPost\" ><div class='avia_textblock  '   itemprop=\"text\" ><p style=\"text-align: justify;\"><em>La acci\u00f3n se realiz\u00f3 gracias a una alianza entre la \u00a0asociaci\u00f3n gremial \u201cMineros Artesanales Pirqueros de Puerto Guadal\u201d y la escuela Bernardo O\u2019Higgins.<\/em><\/p>\n<p style=\"text-align: justify;\">Cuidar el entorno natural es uno de los objetivos primordiales de la escuela Bernardo O\u2019Higgins, por ello, a fines de agosto un grupo de estudiantes de ense\u00f1anza b\u00e1sica junto a los docentes del establecimiento educacional fueron parte de la limpieza de un graffiti que hace m\u00e1s de 15 a\u00f1os estuvo plasmado en las Cuevas de M\u00e1rmol de Puerto R\u00edo Tranquilo.<\/p>\n<p style=\"text-align: justify;\">La asociaci\u00f3n gremial \u201cMineros Artesanales Pirqueros de Puerto Guadal\u201d a trav\u00e9s de su directiva facilit\u00f3 herramientas y gui\u00f3 al grupo de estudiantes y profesores para poder realizar la tarea de limpieza.<\/p>\n<p style=\"text-align: justify;\">Karin Schulz, secretaria de la asociaci\u00f3n gremial de \u201cMineros Artesanales Pirqueros\u201d se\u00f1al\u00f3 que \u201ccomo asociaci\u00f3n gremial estamos siempre atentos al patrimonio geol\u00f3gico que tenemos en la cuenca del lago General Carrera,\u00a0 por ello, decidimos como Asociaci\u00f3n\u00a0 aportar con nuestros implementos y conocimiento del territorio a la escuela Bernardo O\u2019Higgins y en particular al grupo de alumnos y profesores que acudieron a las Cuevas de M\u00e1rmol a realizar esta gran labor\u201d.<\/p>\n<p style=\"text-align: justify;\">\u201cSe destaca mucho la motivaci\u00f3n de los estudiantes\u00a0 por terminar el trabajo y aportar arduamente. Muchos manifestaron inter\u00e9s en aprender t\u00e9cnicas de trabajo en piedra con la agrupaci\u00f3n lo que nos pone felices de saber que los j\u00f3venes Guadal unos se guiar\u00e1n alg\u00fan d\u00eda con estos oficios\u201d. Dijo Karin Schulz.<\/p>\n<p style=\"text-align: justify;\">Por su parte, la directora de la Escuela Bernardo O\u2019Higgins de Guadal, Cecilia Rosas, expres\u00f3 que \u201cel sello de nuestra escuela es el cuidado del medio ambiente, dentro del programa de estudio tenemos una asignatura que se llama taller medio ambiental y considerando eso, siempre hemos realizado salidas pedag\u00f3gicas que tienen que ver con el cuidado del medio ambiente\u201d.<\/p>\n<p style=\"text-align: justify;\">La asociaci\u00f3n gremial \u201cMineros Artesanales Pirqueros\u201d de Puerto Guadal, es parte el proyecto FNDR \u201cTransferencia Fortalecimiento y Fomento Productivo Minero Artesanal de Rocas Ornamentales de la regi\u00f3n de Ays\u00e9n, ejecutado por la Secretaria Regional Ministerial de Miner\u00eda Ays\u00e9n.<\/p>\n<p style=\"text-align: justify;\">El seremi de Miner\u00eda, Juan V\u00e1squez, destac\u00f3 el compromiso de la asociaci\u00f3n gremial con la comunidad \u201cQueremos enfatizar en el compromiso de la Escuela Libertador Bernardo O&#8217;Higgins de Guadal y sus estudiantes como guardianes de sus patrimonios geol\u00f3gicos, un valor que comparten con la Asociaci\u00f3n Gremial &#8216;Los Pirquineros&#8217; de Puerto Guadal. Al ser una minera artesanal, comparten el respeto por el medio ambiente, lo que demuestra c\u00f3mo el trabajo conjunto moviliza a la comunidad en torno al cuidado de nuestro patrimonio natural, como las Cavernas de M\u00e1rmol. Este trabajo colaborativo refleja un profundo compromiso comunitario. Solo nos resta reiterar las felicitaciones por esta admirable labor\u201d.<\/p>\n<\/div><\/section><\/div><\/p>\n<div  style='height:50px' class='hr hr-invisible   avia-builder-el-6  el_after_av_one_full  el_before_av_social_share '><span class='hr-inner ' ><span class='hr-inner-style'><\/span><\/span><\/div>\n<div  class='av-social-sharing-box  avia-builder-el-7  el_after_av_hr  el_before_av_hr  '><div class='av-share-box'><h5 class='av-share-link-description av-no-toc '>Compartir esta noticia<\/h5><ul class='av-share-box-list noLightbox'><li class='av-share-link av-social-link-facebook' ><a target=\"_blank\" aria-label=\"Compartir en Facebook\" href='https:\/\/www.facebook.com\/sharer.php?u=https:\/\/radiorevelacionfm.cl\/?p=46049&#038;t=Alumnos%20de%20la%20escuela%20de%20Guadal%20limpiaron%20graffitis%20en%20monumento%20Cavernas%20de%20M%C3%A1rmol' aria-hidden='false' data-av_icon='\ue8f3' data-av_iconfont='entypo-fontello' title='' data-avia-related-tooltip='Compartir en Facebook' rel=\"noopener\"><span class='avia_hidden_link_text'>Compartir en Facebook<\/span><\/a><\/li><li class='av-share-link av-social-link-twitter' ><a target=\"_blank\" aria-label=\"Compartir en Twitter\" href='https:\/\/twitter.com\/share?text=Alumnos%20de%20la%20escuela%20de%20Guadal%20limpiaron%20graffitis%20en%20monumento%20Cavernas%20de%20M%C3%A1rmol&#038;url=https:\/\/radiorevelacionfm.cl\/?p=46049' aria-hidden='false' data-av_icon='\ue8f1' data-av_iconfont='entypo-fontello' title='' data-avia-related-tooltip='Compartir en Twitter' rel=\"noopener\"><span class='avia_hidden_link_text'>Compartir en Twitter<\/span><\/a><\/li><li class='av-share-link av-social-link-whatsapp' ><a target=\"_blank\" aria-label=\"Compartir en Whatsapp\" href='https:\/\/api.whatsapp.com\/send?text=https:\/\/radiorevelacionfm.cl\/?p=46049' aria-hidden='false' data-av_icon='\uf232' data-av_iconfont='entypo-fontello' title='' data-avia-related-tooltip='Compartir en Whatsapp' rel=\"noopener\"><span class='avia_hidden_link_text'>Compartir en Whatsapp<\/span><\/a><\/li><li class='av-share-link av-social-link-linkedin' ><a target=\"_blank\" aria-label=\"Compartir en LinkedIn\" href='https:\/\/linkedin.com\/shareArticle?mini=true&#038;title=Alumnos%20de%20la%20escuela%20de%20Guadal%20limpiaron%20graffitis%20en%20monumento%20Cavernas%20de%20M%C3%A1rmol&#038;url=https:\/\/radiorevelacionfm.cl\/?p=46049' aria-hidden='false' data-av_icon='\ue8fc' data-av_iconfont='entypo-fontello' title='' data-avia-related-tooltip='Compartir en LinkedIn' rel=\"noopener\"><span class='avia_hidden_link_text'>Compartir en LinkedIn<\/span><\/a><\/li><li class='av-share-link av-social-link-mail' ><a  aria-label=\"Compartir por correo\" href='mailto:?subject=Alumnos%20de%20la%20escuela%20de%20Guadal%20limpiaron%20graffitis%20en%20monumento%20Cavernas%20de%20M%C3%A1rmol&#038;body=https:\/\/radiorevelacionfm.cl\/?p=46049' aria-hidden='false' data-av_icon='\ue805' data-av_iconfont='entypo-fontello' title='' data-avia-related-tooltip='Compartir por correo'><span class='avia_hidden_link_text'>Compartir por correo<\/span><\/a><\/li><\/ul><\/div><\/div>\n<div  style='height:50px' class='hr hr-invisible   avia-builder-el-8  el_after_av_social_share  el_before_av_comments_list '><span class='hr-inner ' ><span class='hr-inner-style'><\/span><\/span><\/div>\n<div  class='av-buildercomment  av-blog-meta-html-info-disabled av-blog-meta-tag-disabled  '><\/div>\n","protected":false},"excerpt":{"rendered":"","protected":false},"author":1,"featured_media":46050,"comment_status":"open","ping_status":"open","sticky":false,"template":"","format":"standard","meta":{"footnotes":""},"categories":[38],"tags":[],"class_list":["post-46049","post","type-post","status-publish","format-standard","has-post-thumbnail","hentry","category-regional"],"jetpack_featured_media_url":"https:\/\/radiorevelacionfm.cl\/wp-content\/uploads\/2024\/09\/ea368cbb-d818-4f45-aec9-8ab4712be481-1-1.jpg","_links":{"self":[{"href":"https:\/\/radiorevelacionfm.cl\/index.php?rest_route=\/wp\/v2\/posts\/46049","targetHints":{"allow":["GET"]}}],"collection":[{"href":"https:\/\/radiorevelacionfm.cl\/index.php?rest_route=\/wp\/v2\/posts"}],"about":[{"href":"https:\/\/radiorevelacionfm.cl\/index.php?rest_route=\/wp\/v2\/types\/post"}],"author":[{"embeddable":true,"href":"https:\/\/radiorevelacionfm.cl\/index.php?rest_route=\/wp\/v2\/users\/1"}],"replies":[{"embeddable":true,"href":"https:\/\/radiorevelacionfm.cl\/index.php?rest_route=%2Fwp%2Fv2%2Fcomments&post=46049"}],"version-history":[{"count":3,"href":"https:\/\/radiorevelacionfm.cl\/index.php?rest_route=\/wp\/v2\/posts\/46049\/revisions"}],"predecessor-version":[{"id":46065,"href":"https:\/\/radiorevelacionfm.cl\/index.php?rest_route=\/wp\/v2\/posts\/46049\/revisions\/46065"}],"wp:featuredmedia":[{"embeddable":true,"href":"https:\/\/radiorevelacionfm.cl\/index.php?rest_route=\/wp\/v2\/media\/46050"}],"wp:attachment":[{"href":"https:\/\/radiorevelacionfm.cl\/index.php?rest_route=%2Fwp%2Fv2%2Fmedia&parent=46049"}],"wp:term":[{"taxonomy":"category","embeddable":true,"href":"https:\/\/radiorevelacionfm.cl\/index.php?rest_route=%2Fwp%2Fv2%2Fcategories&post=46049"},{"taxonomy":"post_tag","embeddable":true,"href":"https:\/\/radiorevelacionfm.cl\/index.php?rest_route=%2Fwp%2Fv2%2Ftags&post=46049"}],"curies":[{"name":"wp","href":"https:\/\/api.w.org\/{rel}","templated":true}]}}