{"id":46046,"date":"2024-09-09T17:07:03","date_gmt":"2024-09-09T20:07:03","guid":{"rendered":"https:\/\/radiorevelacionfm.cl\/?p=46046"},"modified":"2024-09-09T17:07:03","modified_gmt":"2024-09-09T20:07:03","slug":"informan-ampliacion-de-recorrido-de-colectivos-linea-n3-de-puerto-aysen","status":"publish","type":"post","link":"https:\/\/radiorevelacionfm.cl\/?p=46046","title":{"rendered":"Informan ampliaci\u00f3n de recorrido de colectivos l\u00ednea N\u00b03 de Puerto Ays\u00e9n"},"content":{"rendered":"<div class=\"flex_column av_one_full  flex_column_div av-zero-column-padding first  avia-builder-el-0  el_before_av_one_full  avia-builder-el-first  \" style='border-radius:0px; '><div  class='avia-image-container  av-styling-    avia-builder-el-1  avia-builder-el-no-sibling  avia-align-center '  itemprop=\"image\" itemscope=\"itemscope\" itemtype=\"https:\/\/schema.org\/ImageObject\"  ><div class='avia-image-container-inner'><div class='avia-image-overlay-wrap'><img decoding=\"async\" class='wp-image-46047 avia-img-lazy-loading-not-46047 avia_image' src=\"https:\/\/radiorevelacionfm.cl\/wp-content\/uploads\/2024\/09\/dsc_8525-2_optimized.jpg\" alt='' title='dsc_8525-(2)_optimized' height=\"600\" width=\"903\"  itemprop=\"thumbnailUrl\" srcset=\"https:\/\/radiorevelacionfm.cl\/wp-content\/uploads\/2024\/09\/dsc_8525-2_optimized.jpg 903w, https:\/\/radiorevelacionfm.cl\/wp-content\/uploads\/2024\/09\/dsc_8525-2_optimized-300x199.jpg 300w, https:\/\/radiorevelacionfm.cl\/wp-content\/uploads\/2024\/09\/dsc_8525-2_optimized-768x510.jpg 768w, https:\/\/radiorevelacionfm.cl\/wp-content\/uploads\/2024\/09\/dsc_8525-2_optimized-705x468.jpg 705w, https:\/\/radiorevelacionfm.cl\/wp-content\/uploads\/2024\/09\/dsc_8525-2_optimized-450x299.jpg 450w, https:\/\/radiorevelacionfm.cl\/wp-content\/uploads\/2024\/09\/dsc_8525-2_optimized-600x399.jpg 600w\" sizes=\"(max-width: 903px) 100vw, 903px\" \/><\/div><\/div><\/div><\/div><div class=\"flex_column av_one_full  flex_column_div av-zero-column-padding first  avia-builder-el-2  el_after_av_one_full  el_before_av_one_full  column-top-margin\" style='border-radius:0px; '><section class=\"av_textblock_section \"  itemscope=\"itemscope\" itemtype=\"https:\/\/schema.org\/BlogPosting\" itemprop=\"blogPost\" ><div class='avia_textblock  '   itemprop=\"text\" ><p style=\"text-align: center;\"><strong><span style=\"font-size: 18pt;\">Informan ampliaci\u00f3n de recorrido de colectivos l\u00ednea N\u00b03 de Puerto Ays\u00e9n<\/span><\/strong><\/p>\n<div id=\"gtx-trans\" style=\"position: absolute; left: -50px; top: 4.31534px;\">\n<div class=\"gtx-trans-icon\"><\/div>\n<\/div>\n<\/div><\/section><\/div><div class=\"flex_column av_one_full  flex_column_div av-zero-column-padding first  avia-builder-el-4  el_after_av_one_full  el_before_av_hr  column-top-margin\" style='border-radius:0px; '><section class=\"av_textblock_section \"  itemscope=\"itemscope\" itemtype=\"https:\/\/schema.org\/BlogPosting\" itemprop=\"blogPost\" ><div class='avia_textblock  '   itemprop=\"text\" ><p style=\"font-weight: 400; text-align: justify;\"><em>Mediante esta medida se atender\u00e1 a sectores residenciales que actualmente no cuentan con recorridos de transporte p\u00fablico, tales como Villa Espa\u00f1a, Villa Chilo\u00e9, poblaci\u00f3n Jorge Ibar, Villa Ays\u00e9n y Villa Amuy\u00e9n.<\/em><\/p>\n<p style=\"font-weight: 400; text-align: justify;\">En una reuni\u00f3n ampliada el seremiTT Hans Zimmermann dio a conocer una esperada noticia\u00a0 para vecinas y vecinos de la Villa Espa\u00f1a, Villa Chilo\u00e9, Villa Ays\u00e9n y\u00a0 Poblaci\u00f3n Jorge lbar y Villa Amuy\u00e9n, sectores que hasta la fecha no contaban con un servicio de transporte p\u00fablico. La carencia de estos servicios, ha afectado negativamente a los residentes de esta extensa y populosa \u00e1rea de Puerto Ays\u00e9n, en donde muchos de ellos han debido incurrir en mayores gastos de movilizaci\u00f3n o incluso trasladarse a pie, a pesar de la lluvia y el fr\u00edo, condiciones clim\u00e1ticas caracter\u00edsticas de la ciudad.<\/p>\n<p style=\"font-weight: 400; text-align: justify;\">El seremi acot\u00f3 que, si bien la normativa permite que las l\u00edneas de taxis colectivos definan en forma aut\u00f3noma sus recorridos, sin intervenci\u00f3n del ministerio de Transportes y Telecomunicaciones; gracias a una serie de conversaciones sostenidas desde el a\u00f1o pasado y la voluntad de los transportistas, se pudo llegar a un acuerdo y formalizar un trazado con mayor cobertura, tan solicitado por la comunidad.<\/p>\n<p style=\"font-weight: 400; text-align: justify;\">\u201cHemos podido dar cuenta de las gestiones que hemos realizado como Ministerio de Transportes en la regi\u00f3n, junto con el gremio de taxis colectivos, donde hemos alcanzado un acuerdo para ampliar los recorridos. Esto es una demanda hist\u00f3rica del sector y hoy d\u00eda nos encontramos en un pie de acuerdo con la l\u00ednea N\u00b0 3 de taxis colectivos, lo que va a beneficiar a muchos vecinos y vecinas que viven en este sector y que tienen profundas necesidades de movilidad hacia el resto de la ciudad de Puerto Ays\u00e9n\u201d, declar\u00f3 Zimmermann.<\/p>\n<p style=\"font-weight: 400; text-align: justify;\">Desde la comunidad del sector, la dirigenta social Adriana Lira se refiri\u00f3 a las dificultades vividas por sus vecinas y vecinos, situaci\u00f3n que se complejiz\u00f3 con la implementaci\u00f3n de la nueva Villa Amuy\u00e9n, y sus 204 nuevas viviendas. \u201cEs un gran aliciente lo que nos informa el seremi, porque nos est\u00e1 dando la instancia de que prontamente podamos tener un recorrido m\u00e1s fluido en nuestro sector. Adem\u00e1s que tambi\u00e9n lo que se est\u00e1 viendo es que la poblaci\u00f3n en Ays\u00e9n est\u00e1 creciendo demasiado y tambi\u00e9n tiene que estar incluido lo que es la locomoci\u00f3n, porque si no va a seguir existiendo el problema de que en algunos sectores no va a haber c\u00f3mo movilizarse.\u201d, expres\u00f3 la vecina.<\/p>\n<p style=\"font-weight: 400; text-align: justify;\">A partir de este acuerdo, la l\u00ednea N\u00b03 debe realizar el cambio en las tarjetas de recorrido de cada veh\u00edculo, por lo que se espera que la ampliaci\u00f3n del trazado se haga efectiva previo a las Fiestas Patrias.<\/p>\n<\/div><\/section><\/div><div  style='height:50px' class='hr hr-invisible   avia-builder-el-6  el_after_av_one_full  el_before_av_social_share '><span class='hr-inner ' ><span class='hr-inner-style'><\/span><\/span><\/div><\/p>\n<div  class='av-social-sharing-box  avia-builder-el-7  el_after_av_hr  el_before_av_hr  '><div class='av-share-box'><h5 class='av-share-link-description av-no-toc '>Compartir esta noticia<\/h5><ul class='av-share-box-list noLightbox'><li class='av-share-link av-social-link-facebook' ><a target=\"_blank\" aria-label=\"Compartir en Facebook\" href='https:\/\/www.facebook.com\/sharer.php?u=https:\/\/radiorevelacionfm.cl\/?p=46046&#038;t=Informan%20ampliaci%C3%B3n%20de%20recorrido%20de%20colectivos%20l%C3%ADnea%20N%C2%B03%20de%20Puerto%20Ays%C3%A9n' aria-hidden='false' data-av_icon='\ue8f3' data-av_iconfont='entypo-fontello' title='' data-avia-related-tooltip='Compartir en Facebook' rel=\"noopener\"><span class='avia_hidden_link_text'>Compartir en Facebook<\/span><\/a><\/li><li class='av-share-link av-social-link-twitter' ><a target=\"_blank\" aria-label=\"Compartir en Twitter\" href='https:\/\/twitter.com\/share?text=Informan%20ampliaci%C3%B3n%20de%20recorrido%20de%20colectivos%20l%C3%ADnea%20N%C2%B03%20de%20Puerto%20Ays%C3%A9n&#038;url=https:\/\/radiorevelacionfm.cl\/?p=46046' aria-hidden='false' data-av_icon='\ue8f1' data-av_iconfont='entypo-fontello' title='' data-avia-related-tooltip='Compartir en Twitter' rel=\"noopener\"><span class='avia_hidden_link_text'>Compartir en Twitter<\/span><\/a><\/li><li class='av-share-link av-social-link-whatsapp' ><a target=\"_blank\" aria-label=\"Compartir en Whatsapp\" href='https:\/\/api.whatsapp.com\/send?text=https:\/\/radiorevelacionfm.cl\/?p=46046' aria-hidden='false' data-av_icon='\uf232' data-av_iconfont='entypo-fontello' title='' data-avia-related-tooltip='Compartir en Whatsapp' rel=\"noopener\"><span class='avia_hidden_link_text'>Compartir en Whatsapp<\/span><\/a><\/li><li class='av-share-link av-social-link-linkedin' ><a target=\"_blank\" aria-label=\"Compartir en LinkedIn\" href='https:\/\/linkedin.com\/shareArticle?mini=true&#038;title=Informan%20ampliaci%C3%B3n%20de%20recorrido%20de%20colectivos%20l%C3%ADnea%20N%C2%B03%20de%20Puerto%20Ays%C3%A9n&#038;url=https:\/\/radiorevelacionfm.cl\/?p=46046' aria-hidden='false' data-av_icon='\ue8fc' data-av_iconfont='entypo-fontello' title='' data-avia-related-tooltip='Compartir en LinkedIn' rel=\"noopener\"><span class='avia_hidden_link_text'>Compartir en LinkedIn<\/span><\/a><\/li><li class='av-share-link av-social-link-mail' ><a  aria-label=\"Compartir por correo\" href='mailto:?subject=Informan%20ampliaci%C3%B3n%20de%20recorrido%20de%20colectivos%20l%C3%ADnea%20N%C2%B03%20de%20Puerto%20Ays%C3%A9n&#038;body=https:\/\/radiorevelacionfm.cl\/?p=46046' aria-hidden='false' data-av_icon='\ue805' data-av_iconfont='entypo-fontello' title='' data-avia-related-tooltip='Compartir por correo'><span class='avia_hidden_link_text'>Compartir por correo<\/span><\/a><\/li><\/ul><\/div><\/div>\n<div  style='height:50px' class='hr hr-invisible   avia-builder-el-8  el_after_av_social_share  el_before_av_comments_list '><span class='hr-inner ' ><span class='hr-inner-style'><\/span><\/span><\/div>\n<div  class='av-buildercomment  av-blog-meta-html-info-disabled av-blog-meta-tag-disabled  '><\/div>\n","protected":false},"excerpt":{"rendered":"","protected":false},"author":1,"featured_media":46047,"comment_status":"open","ping_status":"open","sticky":false,"template":"","format":"standard","meta":{"footnotes":""},"categories":[59],"tags":[],"class_list":["post-46046","post","type-post","status-publish","format-standard","has-post-thumbnail","hentry","category-transporte"],"jetpack_featured_media_url":"https:\/\/radiorevelacionfm.cl\/wp-content\/uploads\/2024\/09\/dsc_8525-2_optimized.jpg","_links":{"self":[{"href":"https:\/\/radiorevelacionfm.cl\/index.php?rest_route=\/wp\/v2\/posts\/46046","targetHints":{"allow":["GET"]}}],"collection":[{"href":"https:\/\/radiorevelacionfm.cl\/index.php?rest_route=\/wp\/v2\/posts"}],"about":[{"href":"https:\/\/radiorevelacionfm.cl\/index.php?rest_route=\/wp\/v2\/types\/post"}],"author":[{"embeddable":true,"href":"https:\/\/radiorevelacionfm.cl\/index.php?rest_route=\/wp\/v2\/users\/1"}],"replies":[{"embeddable":true,"href":"https:\/\/radiorevelacionfm.cl\/index.php?rest_route=%2Fwp%2Fv2%2Fcomments&post=46046"}],"version-history":[{"count":1,"href":"https:\/\/radiorevelacionfm.cl\/index.php?rest_route=\/wp\/v2\/posts\/46046\/revisions"}],"predecessor-version":[{"id":46048,"href":"https:\/\/radiorevelacionfm.cl\/index.php?rest_route=\/wp\/v2\/posts\/46046\/revisions\/46048"}],"wp:featuredmedia":[{"embeddable":true,"href":"https:\/\/radiorevelacionfm.cl\/index.php?rest_route=\/wp\/v2\/media\/46047"}],"wp:attachment":[{"href":"https:\/\/radiorevelacionfm.cl\/index.php?rest_route=%2Fwp%2Fv2%2Fmedia&parent=46046"}],"wp:term":[{"taxonomy":"category","embeddable":true,"href":"https:\/\/radiorevelacionfm.cl\/index.php?rest_route=%2Fwp%2Fv2%2Fcategories&post=46046"},{"taxonomy":"post_tag","embeddable":true,"href":"https:\/\/radiorevelacionfm.cl\/index.php?rest_route=%2Fwp%2Fv2%2Ftags&post=46046"}],"curies":[{"name":"wp","href":"https:\/\/api.w.org\/{rel}","templated":true}]}}