{"id":4604,"date":"2021-05-28T10:26:55","date_gmt":"2021-05-28T13:26:55","guid":{"rendered":"https:\/\/radiorevelacionfm.cl\/?p=4604"},"modified":"2021-05-28T10:26:55","modified_gmt":"2021-05-28T13:26:55","slug":"destacan-aumento-de-un-300-en-proceso-de-vacunacion-e-implementacion-de-pase-de-movilidad","status":"publish","type":"post","link":"https:\/\/radiorevelacionfm.cl\/?p=4604","title":{"rendered":"Destacan aumento de un 300% en proceso de vacunaci\u00f3n e implementaci\u00f3n de Pase de Movilidad"},"content":{"rendered":"<div class=\"flex_column av_one_full  flex_column_div av-zero-column-padding first  avia-builder-el-0  el_before_av_one_full  avia-builder-el-first  \" style='border-radius:0px; '><div  class='avia-image-container  av-styling-    avia-builder-el-1  avia-builder-el-no-sibling  avia-align-center '  itemprop=\"image\" itemscope=\"itemscope\" itemtype=\"https:\/\/schema.org\/ImageObject\"  ><div class='avia-image-container-inner'><div class='avia-image-overlay-wrap'><img decoding=\"async\" class='wp-image-4605 avia-img-lazy-loading-not-4605 avia_image' src=\"https:\/\/radiorevelacionfm.cl\/wp-content\/uploads\/2021\/05\/FOTO-pase-movilidad-y-libertades-1-1.jpg\" alt='' title='FOTO pase movilidad y libertades (1) (1)' height=\"600\" width=\"900\"  itemprop=\"thumbnailUrl\" srcset=\"https:\/\/radiorevelacionfm.cl\/wp-content\/uploads\/2021\/05\/FOTO-pase-movilidad-y-libertades-1-1.jpg 900w, https:\/\/radiorevelacionfm.cl\/wp-content\/uploads\/2021\/05\/FOTO-pase-movilidad-y-libertades-1-1-300x200.jpg 300w, https:\/\/radiorevelacionfm.cl\/wp-content\/uploads\/2021\/05\/FOTO-pase-movilidad-y-libertades-1-1-768x512.jpg 768w, https:\/\/radiorevelacionfm.cl\/wp-content\/uploads\/2021\/05\/FOTO-pase-movilidad-y-libertades-1-1-705x470.jpg 705w, https:\/\/radiorevelacionfm.cl\/wp-content\/uploads\/2021\/05\/FOTO-pase-movilidad-y-libertades-1-1-600x400.jpg 600w\" sizes=\"(max-width: 900px) 100vw, 900px\" \/><\/div><\/div><\/div><\/div><div class=\"flex_column av_one_full  flex_column_div av-zero-column-padding first  avia-builder-el-2  el_after_av_one_full  el_before_av_one_full  column-top-margin\" style='border-radius:0px; '><section class=\"av_textblock_section \"  itemscope=\"itemscope\" itemtype=\"https:\/\/schema.org\/BlogPosting\" itemprop=\"blogPost\" ><div class='avia_textblock  '   itemprop=\"text\" ><p style=\"text-align: center;\"><strong><span style=\"font-size: 18pt;\">Destacan aumento de un 300% en proceso de vacunaci\u00f3n e implementaci\u00f3n de Pase de Movilidad<\/span><\/strong><\/p>\n<div id=\"gtx-trans\" style=\"position: absolute; left: -50px; top: 4.31534px;\">\n<div class=\"gtx-trans-icon\"><\/div>\n<\/div>\n<\/div><\/section><\/div><div class=\"flex_column av_one_full  flex_column_div av-zero-column-padding first  avia-builder-el-4  el_after_av_one_full  el_before_av_hr  column-top-margin\" style='border-radius:0px; '><section class=\"av_textblock_section \"  itemscope=\"itemscope\" itemtype=\"https:\/\/schema.org\/BlogPosting\" itemprop=\"blogPost\" ><div class='avia_textblock  '   itemprop=\"text\" ><p style=\"font-weight: 400; text-align: justify;\">Este mi\u00e9rcoles comenz\u00f3 a funcionar el Pase de Movilidad, iniciativa emanada por el gobierno, el cual permite a los ciudadanos del pa\u00eds desplazarse libremente en una comuna en cuarentena o transici\u00f3n (adem\u00e1s, de d\u00edas de semana y festivos), respetando todas las regulaciones y restricciones del Plan Paso a Paso del Ministerio de Salud, como tambi\u00e9n siguiendo las limitaciones de las actividades asociadas al lugar en que se encuentra la persona.<\/p>\n<p style=\"font-weight: 400; text-align: justify;\">El documento, que se obtiene a trav\u00e9s del sitio\u00a0<a href=\"http:\/\/mevacuno.gob.cl\/\" data-saferedirecturl=\"https:\/\/www.google.com\/url?q=http:\/\/mevacuno.gob.cl&amp;source=gmail&amp;ust=1622231985073000&amp;usg=AFQjCNEXckhkfc_wlYLwib_N0K8X3-JBNQ\">mevacuno.gob.cl<\/a>\u00a0(mediante correo electr\u00f3nico o con clave \u00fanica), despliega un c\u00f3digo QR que se puede portar de manera impresa o digital. Adem\u00e1s, el Pase de Movilidad tiene un car\u00e1cter de din\u00e1mico, puesto que se actualiza de acuerdo a la condici\u00f3n sanitaria del usuario, donde en la regi\u00f3n est\u00e1n facilitando el tr\u00e1mite de lunes a viernes en la\u00a0Gobernaci\u00f3n de Coyhaique\u00a0(Ej\u00e9rcito N\u00ba375 de 09:00 a 13:00 y 15:30 a 17:30 horas), en la\u00a0Serem\u00eda de Gobierno\u00a0(Ogana N\u00ba798, de 08:30 a 13:30 horas) y en el\u00a0Instituto Nacional de la Juventud\u00a0(Manuel Rodr\u00edguez N\u00ba239 de 09:00 a 20:00 horas).<\/p>\n<p style=\"font-weight: 400; text-align: justify;\">La\u00a0Intendenta de la Regi\u00f3n de Ays\u00e9n, Margarita Ossa,\u00a0destac\u00f3 el trabajo de diversos actores y servicios que han estado comprometidos en la lucha de esta pandemia, y que ahora, con la creaci\u00f3n del Pase de Movilidad, permitir\u00e1 a las personas mayor libertad a todos aquellos que han cumplido con sus segundas dosis de vacunaci\u00f3n.<\/p>\n<p style=\"font-weight: 400; text-align: justify;\">\u201cValoramos esta herramienta que est\u00e1 entregando el gobierno del Presidente Sebasti\u00e1n Pi\u00f1era a la ciudadan\u00eda, donde en la regi\u00f3n se ver\u00e1n beneficiados m\u00e1s de 43 mil personas que han cumplido con la vacunaci\u00f3n de sus segundas dosis. Los ayseninos han vivido meses complejos en t\u00e9rminos psicol\u00f3gicos y de aislamiento social, por lo que este Pase de Movilidad permitir\u00e1 una mayor libertad en los quehaceres diarios, acercar una luz de esperanza y brindar un alivio para todos aquellos que esperan los 14 d\u00edas luego de su segunda dosis de vacunaci\u00f3n\u201d,\u00a0enfatiz\u00f3 la primera autoridad regional.<\/p>\n<p style=\"font-weight: 400; text-align: justify;\">Asimismo, recalc\u00f3 la labor de la Seremi de Salud, del Servicio de Salud, la articulaci\u00f3n semanal con la Mesa Social de Covid-19, el despliegue en terreno por parte del Colegio M\u00e9dico de Ays\u00e9n, la colaboraci\u00f3n de las fuerzas de orden y seguridad y, por supuesto, el compromiso por parte de la ciudadan\u00eda.<\/p>\n<p style=\"font-weight: 400; text-align: justify;\">La\u00a0Secretaria Ministerial Regional de Salud, Alejandra Valdebenito,\u00a0detall\u00f3 c\u00f3mo ha ido aumentando la demanda de vacunaci\u00f3n producto de la creaci\u00f3n de este nuevo documento que es el Pase de Movilidad.<\/p>\n<p style=\"font-weight: 400; text-align: justify;\">\u201cEn la Regi\u00f3n de Ays\u00e9n ten\u00edamos un flujo aproximado de 700 dosis de vacunas diarias inoculadas a los grupos objetivos. Sin embargo, desde este lunes 24 hemos tenido un flujo acelerado, importante, tres veces m\u00e1s, donde estamos vacunando alrededor dos mil personas diarias, lo cual obviamente ha aumentado las coberturas en primeras dosis, principalmente, de grupos rezagados, personas que oscilaban entre los 50 y 60 a\u00f1os que era la poblaci\u00f3n objetivo a la que no est\u00e1bamos llegando\u201d,\u00a0actualiz\u00f3 la Seremi.<\/p>\n<p style=\"font-weight: 400; text-align: justify;\">Adem\u00e1s, la autoridad sanitaria inform\u00f3 que durante la tarde del jueves arribar\u00e1n a la regi\u00f3n 4.770 dosis, 3.600 de Sinovac y 1.170 de Pfizer.<\/p>\n<p style=\"font-weight: 400; text-align: justify;\"><strong>Pase de Movilidad: \u201cNo es un chipe libre\u201d<\/strong><\/p>\n<p style=\"font-weight: 400; text-align: justify;\">El\u00a0presidente del Colegio M\u00e9dico (COLMED) de Ays\u00e9n, Claudio Vallejos,\u00a0coment\u00f3 que el nuevo documento de Pase de Movilidad viene a entregar un grado de libertad para todos aquellos que han seguido el camino correcto sanitario que es vacunarse.<\/p>\n<p style=\"font-weight: 400; text-align: justify;\">\u201cEsto lo hemos conversado con la directiva y los colegas de la Regi\u00f3n de Ays\u00e9n y nosotros consideramos que este Pase de Movilidad primero, es bastante limitado, esto no es un chipe libre, esto no se trata de que la gente podr\u00e1 hacer lo que se le ocurra, la gente tiene que respetar las medidas que se han considerado para todos los pasos; y, adem\u00e1s, creo que es importante, a un a\u00f1o y medio de iniciado la pandemia, de que nosotros los ciudadanos asumamos nuestra responsabilidad\u201d,\u00a0dijo el m\u00e9dico cirujano.<\/p>\n<p style=\"font-weight: 400; text-align: justify;\">Asimismo, enfatiz\u00f3 que la regi\u00f3n tiene condiciones distintas a nivel nacional\u00a0\u201cen que la lejan\u00eda de los seres queridos es la t\u00f3nica. Y si hay algo que ha afectado la salud mental de la gente es no poder compartir con sus seres queridos, sus hijos, sus abuelos, juntarse un rato corto con un aforo correcto para cada paso. O sea, eso es un alivio fundamental y es necesario, porque no podemos mantener a la poblaci\u00f3n constantemente en restricci\u00f3n, tambi\u00e9n hay que darle libertades. Pero ojo, las libertades, una peque\u00f1a libertad demanda una gran responsabilidad\u201d.<\/p>\n<p style=\"font-weight: 400; text-align: justify;\">El presidente de COLMED Ays\u00e9n tambi\u00e9n se refiri\u00f3 a la Mesa Social que est\u00e1 integrada por sociedades cient\u00edficas, gremios, el presidente de los alcaldes, un representante del Gobierno Regional y personalidades del \u00e1rea de educaci\u00f3n.\u00a0\u201cPermite un di\u00e1logo transparente con la Intendencia, para conocer de primera mano la informaci\u00f3n; adem\u00e1s, nosotros poder expresar nuestra apreciaci\u00f3n sobre las indicaciones y aportar. Obviamente que como Colegio M\u00e9dico, y como todo di\u00e1logo, hemos pasado momentos de cr\u00edtica, momentos m\u00e1s \u00e1speros pero, en general, en la Regi\u00f3n de Ays\u00e9n, la Mesa Social ha sido exitosa en tres aspectos: hay participaci\u00f3n real, el di\u00e1logo ha sido fluido y ha habido transparencia\u201d.<\/p>\n<p style=\"font-weight: 400; text-align: justify;\">Finalmente, cabe destacar que los mayores de 18 a\u00f1os que tengan cumplidos los 14 d\u00edas desde la inoculaci\u00f3n de la segunda dosis de las vacunas Pfizer-Biontech, Sinovac y AstraZeneca. En tanto, los menores de 18 a\u00f1os podr\u00e1n acceder a las libertades siempre que est\u00e9n acompa\u00f1ados por su madre, padre o tutor.<\/p>\n<\/div><\/section><\/div><div  style='height:50px' class='hr hr-invisible   avia-builder-el-6  el_after_av_one_full  el_before_av_social_share '><span class='hr-inner ' ><span class='hr-inner-style'><\/span><\/span><\/div><\/p>\n<div  class='av-social-sharing-box  avia-builder-el-7  el_after_av_hr  el_before_av_hr  '><div class='av-share-box'><h5 class='av-share-link-description av-no-toc '>Compartir esta noticia<\/h5><ul class='av-share-box-list noLightbox'><li class='av-share-link av-social-link-facebook' ><a target=\"_blank\" aria-label=\"Compartir en Facebook\" href='https:\/\/www.facebook.com\/sharer.php?u=https:\/\/radiorevelacionfm.cl\/?p=4604&#038;t=Destacan%20aumento%20de%20un%20300%25%20en%20proceso%20de%20vacunaci%C3%B3n%20e%20implementaci%C3%B3n%20de%20Pase%20de%20Movilidad' aria-hidden='false' data-av_icon='\ue8f3' data-av_iconfont='entypo-fontello' title='' data-avia-related-tooltip='Compartir en Facebook' rel=\"noopener\"><span class='avia_hidden_link_text'>Compartir en Facebook<\/span><\/a><\/li><li class='av-share-link av-social-link-twitter' ><a target=\"_blank\" aria-label=\"Compartir en Twitter\" href='https:\/\/twitter.com\/share?text=Destacan%20aumento%20de%20un%20300%25%20en%20proceso%20de%20vacunaci%C3%B3n%20e%20implementaci%C3%B3n%20de%20Pase%20de%20Movilidad&#038;url=https:\/\/radiorevelacionfm.cl\/?p=4604' aria-hidden='false' data-av_icon='\ue8f1' data-av_iconfont='entypo-fontello' title='' data-avia-related-tooltip='Compartir en Twitter' rel=\"noopener\"><span class='avia_hidden_link_text'>Compartir en Twitter<\/span><\/a><\/li><li class='av-share-link av-social-link-whatsapp' ><a target=\"_blank\" aria-label=\"Compartir en Whatsapp\" href='https:\/\/api.whatsapp.com\/send?text=https:\/\/radiorevelacionfm.cl\/?p=4604' aria-hidden='false' data-av_icon='\uf232' data-av_iconfont='entypo-fontello' title='' data-avia-related-tooltip='Compartir en Whatsapp' rel=\"noopener\"><span class='avia_hidden_link_text'>Compartir en Whatsapp<\/span><\/a><\/li><li class='av-share-link av-social-link-linkedin' ><a target=\"_blank\" aria-label=\"Compartir en LinkedIn\" href='https:\/\/linkedin.com\/shareArticle?mini=true&#038;title=Destacan%20aumento%20de%20un%20300%25%20en%20proceso%20de%20vacunaci%C3%B3n%20e%20implementaci%C3%B3n%20de%20Pase%20de%20Movilidad&#038;url=https:\/\/radiorevelacionfm.cl\/?p=4604' aria-hidden='false' data-av_icon='\ue8fc' data-av_iconfont='entypo-fontello' title='' data-avia-related-tooltip='Compartir en LinkedIn' rel=\"noopener\"><span class='avia_hidden_link_text'>Compartir en LinkedIn<\/span><\/a><\/li><li class='av-share-link av-social-link-mail' ><a  aria-label=\"Compartir por correo\" href='mailto:?subject=Destacan%20aumento%20de%20un%20300%25%20en%20proceso%20de%20vacunaci%C3%B3n%20e%20implementaci%C3%B3n%20de%20Pase%20de%20Movilidad&#038;body=https:\/\/radiorevelacionfm.cl\/?p=4604' aria-hidden='false' data-av_icon='\ue805' data-av_iconfont='entypo-fontello' title='' data-avia-related-tooltip='Compartir por correo'><span class='avia_hidden_link_text'>Compartir por correo<\/span><\/a><\/li><\/ul><\/div><\/div>\n<div  style='height:50px' class='hr hr-invisible   avia-builder-el-8  el_after_av_social_share  el_before_av_comments_list '><span class='hr-inner ' ><span class='hr-inner-style'><\/span><\/span><\/div>\n<div  class='av-buildercomment  av-blog-meta-html-info-disabled av-blog-meta-tag-disabled  '><\/div>\n","protected":false},"excerpt":{"rendered":"","protected":false},"author":1,"featured_media":4605,"comment_status":"open","ping_status":"open","sticky":false,"template":"","format":"standard","meta":{"footnotes":""},"categories":[38],"tags":[],"class_list":["post-4604","post","type-post","status-publish","format-standard","has-post-thumbnail","hentry","category-regional"],"jetpack_featured_media_url":"https:\/\/radiorevelacionfm.cl\/wp-content\/uploads\/2021\/05\/FOTO-pase-movilidad-y-libertades-1-1.jpg","_links":{"self":[{"href":"https:\/\/radiorevelacionfm.cl\/index.php?rest_route=\/wp\/v2\/posts\/4604","targetHints":{"allow":["GET"]}}],"collection":[{"href":"https:\/\/radiorevelacionfm.cl\/index.php?rest_route=\/wp\/v2\/posts"}],"about":[{"href":"https:\/\/radiorevelacionfm.cl\/index.php?rest_route=\/wp\/v2\/types\/post"}],"author":[{"embeddable":true,"href":"https:\/\/radiorevelacionfm.cl\/index.php?rest_route=\/wp\/v2\/users\/1"}],"replies":[{"embeddable":true,"href":"https:\/\/radiorevelacionfm.cl\/index.php?rest_route=%2Fwp%2Fv2%2Fcomments&post=4604"}],"version-history":[{"count":1,"href":"https:\/\/radiorevelacionfm.cl\/index.php?rest_route=\/wp\/v2\/posts\/4604\/revisions"}],"predecessor-version":[{"id":4606,"href":"https:\/\/radiorevelacionfm.cl\/index.php?rest_route=\/wp\/v2\/posts\/4604\/revisions\/4606"}],"wp:featuredmedia":[{"embeddable":true,"href":"https:\/\/radiorevelacionfm.cl\/index.php?rest_route=\/wp\/v2\/media\/4605"}],"wp:attachment":[{"href":"https:\/\/radiorevelacionfm.cl\/index.php?rest_route=%2Fwp%2Fv2%2Fmedia&parent=4604"}],"wp:term":[{"taxonomy":"category","embeddable":true,"href":"https:\/\/radiorevelacionfm.cl\/index.php?rest_route=%2Fwp%2Fv2%2Fcategories&post=4604"},{"taxonomy":"post_tag","embeddable":true,"href":"https:\/\/radiorevelacionfm.cl\/index.php?rest_route=%2Fwp%2Fv2%2Ftags&post=4604"}],"curies":[{"name":"wp","href":"https:\/\/api.w.org\/{rel}","templated":true}]}}