{"id":46039,"date":"2024-09-09T12:50:49","date_gmt":"2024-09-09T15:50:49","guid":{"rendered":"https:\/\/radiorevelacionfm.cl\/?p=46039"},"modified":"2024-09-09T12:52:16","modified_gmt":"2024-09-09T15:52:16","slug":"edelaysen-impulsa-el-emprendimiento-femenino-en-la-region-con-programa-mujeres-con-energia","status":"publish","type":"post","link":"https:\/\/radiorevelacionfm.cl\/?p=46039","title":{"rendered":"Edelaysen impulsa el emprendimiento femenino en la regi\u00f3n con Programa \u201cMujeres con Energ\u00eda\u201d"},"content":{"rendered":"<div class=\"flex_column av_one_full  flex_column_div av-zero-column-padding first  avia-builder-el-0  el_before_av_one_full  avia-builder-el-first  \" style='border-radius:0px; '><div  class='avia-image-container  av-styling-    avia-builder-el-1  avia-builder-el-no-sibling  avia-align-center '  itemprop=\"image\" itemscope=\"itemscope\" itemtype=\"https:\/\/schema.org\/ImageObject\"  ><div class='avia-image-container-inner'><div class='avia-image-overlay-wrap'><img decoding=\"async\" class='wp-image-46040 avia-img-lazy-loading-not-46040 avia_image' src=\"https:\/\/radiorevelacionfm.cl\/wp-content\/uploads\/2024\/09\/6ta-version-mujeres-con-energia1-1_optimized.jpeg\" alt='' title='6ta-versi\u00f3n-mujeres-con-energ\u00eda1-(1)_optimized' height=\"600\" width=\"800\"  itemprop=\"thumbnailUrl\" srcset=\"https:\/\/radiorevelacionfm.cl\/wp-content\/uploads\/2024\/09\/6ta-version-mujeres-con-energia1-1_optimized.jpeg 800w, https:\/\/radiorevelacionfm.cl\/wp-content\/uploads\/2024\/09\/6ta-version-mujeres-con-energia1-1_optimized-300x225.jpeg 300w, https:\/\/radiorevelacionfm.cl\/wp-content\/uploads\/2024\/09\/6ta-version-mujeres-con-energia1-1_optimized-768x576.jpeg 768w, https:\/\/radiorevelacionfm.cl\/wp-content\/uploads\/2024\/09\/6ta-version-mujeres-con-energia1-1_optimized-705x529.jpeg 705w, https:\/\/radiorevelacionfm.cl\/wp-content\/uploads\/2024\/09\/6ta-version-mujeres-con-energia1-1_optimized-450x338.jpeg 450w, https:\/\/radiorevelacionfm.cl\/wp-content\/uploads\/2024\/09\/6ta-version-mujeres-con-energia1-1_optimized-600x450.jpeg 600w\" sizes=\"(max-width: 800px) 100vw, 800px\" \/><\/div><\/div><\/div><\/div>\n<div class=\"flex_column av_one_full  flex_column_div av-zero-column-padding first  avia-builder-el-2  el_after_av_one_full  el_before_av_one_full  column-top-margin\" style='border-radius:0px; '><section class=\"av_textblock_section \"  itemscope=\"itemscope\" itemtype=\"https:\/\/schema.org\/BlogPosting\" itemprop=\"blogPost\" ><div class='avia_textblock  '   itemprop=\"text\" ><p style=\"text-align: center;\"><strong><span style=\"font-size: 18pt;\">Edelaysen impulsa el emprendimiento femenino en la regi\u00f3n con Programa \u201cMujeres con Energ\u00eda\u201d<\/span><\/strong><\/p>\n<div id=\"gtx-trans\" style=\"position: absolute; left: -50px; top: 4.31534px;\">\n<div class=\"gtx-trans-icon\"><\/div>\n<\/div>\n<\/div><\/section><\/div>\n<div class=\"flex_column av_one_full  flex_column_div av-zero-column-padding first  avia-builder-el-4  el_after_av_one_full  el_before_av_hr  column-top-margin\" style='border-radius:0px; '><section class=\"av_textblock_section \"  itemscope=\"itemscope\" itemtype=\"https:\/\/schema.org\/BlogPosting\" itemprop=\"blogPost\" ><div class='avia_textblock  '   itemprop=\"text\" ><p style=\"text-align: justify;\"><em>Seis mujeres emprendedoras de diversas comunas y localidades de la regi\u00f3n, culminaron con \u00e9xito su capacitaci\u00f3n, preparadas para enfrentar nuevos desaf\u00edos en cada uno de sus negocios.<\/em><\/p>\n<p style=\"text-align: justify;\">Edelaysen anunci\u00f3 a las 6 ganadoras de la 6ta Academia de \u201cMujeres con Energ\u00eda\u201d, un programa de capacitaci\u00f3n desarrollado por Grupo Saesa, que tiene como objetivo empoderar a mujeres emprendedoras, entreg\u00e1ndoles herramientas clave para fortalecer sus iniciativas y contribuir al desarrollo econ\u00f3mico de sus comunidades.<\/p>\n<p style=\"text-align: justify;\">En tal sentido, durante esta versi\u00f3n de la Academia y de manera in\u00e9dita, la el\u00e9ctrica tuvo a 6 ganadoras, pertenecientes a las comunas de Coyhaique, Puerto Ays\u00e9n, Chile Chico y Lago Verde, quienes tras culminar con excelentes calificaciones el curso, fueron acreedoras de un premio en dinero el cual se entrega a libre disposici\u00f3n de la beneficiada.<\/p>\n<p style=\"text-align: justify;\">\u201cEstamos muy felices por todas las emprendedoras que participaron en esta edici\u00f3n de \u201cMujeres con Energ\u00eda\u201d. Este programa es parte de nuestro compromiso con el desarrollo de las comunidades locales, donde cada una de las mujeres que particip\u00f3 en la academia ha demostrado una gran capacidad y motivaci\u00f3n para llevar sus emprendimientos al siguiente nivel, y nosotros en Edelaysen estamos orgullosos de acompa\u00f1arlas en este proceso\u201d, se\u00f1al\u00f3 Francisco Pavez, ejecutivo de Edelaysen.<\/p>\n<p style=\"text-align: justify;\">La academia, que se ha consolidado a lo largo de seis versiones, capacita a mujeres de diversas localidades en \u00e1reas como gesti\u00f3n empresarial, liderazgo, innovaci\u00f3n y sostenibilidad. A trav\u00e9s de una serie de talleres, mentor\u00edas especializadas y actividades formativas, las participantes adquieren conocimientos fundamentales para enfrentar los desaf\u00edos de sus emprendimientos y generar un impacto positivo en su entorno.<\/p>\n<p style=\"text-align: justify;\">Catherine Troncoso de La Tapera en la comuna de Lago Verde, due\u00f1a del emprendimiento \u201cGlamiping La Tapera\u201d, un servicio de alojamiento en la localidad, agreg\u00f3: \u201cEstoy muy contenta, esta experiencia fue muy buena ya que, aparte del premio, obtuve conocimientos en capacitaciones en como emprender como mujer. As\u00ed que estoy muy feliz de ser ganadora y animar a m\u00e1s mujeres a que sigan participando porque es una muy bonita experiencia\u201d.<\/p>\n<p style=\"text-align: justify;\">Este programa impulsado por Grupo Saesa, tiene como eje central la sostenibilidad y el liderazgo con un enfoque en fortalecer el rol de las mujeres en el \u00e1mbito empresarial. La iniciativa ha sido clave para promover la igualdad de oportunidades y el desarrollo integral de las participantes, quienes tras finalizar la academia, est\u00e1n mejor preparadas para enfrentar los retos del mercado y continuar creciendo en sus respectivas \u00e1reas.<\/p>\n<p style=\"text-align: justify;\"><strong>\u00a0<\/strong><\/p>\n<\/div><\/section><\/div><div  style='height:50px' class='hr hr-invisible   avia-builder-el-6  el_after_av_one_full  el_before_av_social_share '><span class='hr-inner ' ><span class='hr-inner-style'><\/span><\/span><\/div><\/p>\n<div  class='av-social-sharing-box  avia-builder-el-7  el_after_av_hr  el_before_av_hr  '><div class='av-share-box'><h5 class='av-share-link-description av-no-toc '>Compartir esta noticia<\/h5><ul class='av-share-box-list noLightbox'><li class='av-share-link av-social-link-facebook' ><a target=\"_blank\" aria-label=\"Compartir en Facebook\" href='https:\/\/www.facebook.com\/sharer.php?u=https:\/\/radiorevelacionfm.cl\/?p=46039&#038;t=Edelaysen%20impulsa%20el%20emprendimiento%20femenino%20en%20la%20regi%C3%B3n%20con%20Programa%20%E2%80%9CMujeres%20con%20Energ%C3%ADa%E2%80%9D' aria-hidden='false' data-av_icon='\ue8f3' data-av_iconfont='entypo-fontello' title='' data-avia-related-tooltip='Compartir en Facebook' rel=\"noopener\"><span class='avia_hidden_link_text'>Compartir en Facebook<\/span><\/a><\/li><li class='av-share-link av-social-link-twitter' ><a target=\"_blank\" aria-label=\"Compartir en Twitter\" href='https:\/\/twitter.com\/share?text=Edelaysen%20impulsa%20el%20emprendimiento%20femenino%20en%20la%20regi%C3%B3n%20con%20Programa%20%E2%80%9CMujeres%20con%20Energ%C3%ADa%E2%80%9D&#038;url=https:\/\/radiorevelacionfm.cl\/?p=46039' aria-hidden='false' data-av_icon='\ue8f1' data-av_iconfont='entypo-fontello' title='' data-avia-related-tooltip='Compartir en Twitter' rel=\"noopener\"><span class='avia_hidden_link_text'>Compartir en Twitter<\/span><\/a><\/li><li class='av-share-link av-social-link-whatsapp' ><a target=\"_blank\" aria-label=\"Compartir en Whatsapp\" href='https:\/\/api.whatsapp.com\/send?text=https:\/\/radiorevelacionfm.cl\/?p=46039' aria-hidden='false' data-av_icon='\uf232' data-av_iconfont='entypo-fontello' title='' data-avia-related-tooltip='Compartir en Whatsapp' rel=\"noopener\"><span class='avia_hidden_link_text'>Compartir en Whatsapp<\/span><\/a><\/li><li class='av-share-link av-social-link-linkedin' ><a target=\"_blank\" aria-label=\"Compartir en LinkedIn\" href='https:\/\/linkedin.com\/shareArticle?mini=true&#038;title=Edelaysen%20impulsa%20el%20emprendimiento%20femenino%20en%20la%20regi%C3%B3n%20con%20Programa%20%E2%80%9CMujeres%20con%20Energ%C3%ADa%E2%80%9D&#038;url=https:\/\/radiorevelacionfm.cl\/?p=46039' aria-hidden='false' data-av_icon='\ue8fc' data-av_iconfont='entypo-fontello' title='' data-avia-related-tooltip='Compartir en LinkedIn' rel=\"noopener\"><span class='avia_hidden_link_text'>Compartir en LinkedIn<\/span><\/a><\/li><li class='av-share-link av-social-link-mail' ><a  aria-label=\"Compartir por correo\" href='mailto:?subject=Edelaysen%20impulsa%20el%20emprendimiento%20femenino%20en%20la%20regi%C3%B3n%20con%20Programa%20%E2%80%9CMujeres%20con%20Energ%C3%ADa%E2%80%9D&#038;body=https:\/\/radiorevelacionfm.cl\/?p=46039' aria-hidden='false' data-av_icon='\ue805' data-av_iconfont='entypo-fontello' title='' data-avia-related-tooltip='Compartir por correo'><span class='avia_hidden_link_text'>Compartir por correo<\/span><\/a><\/li><\/ul><\/div><\/div>\n<div  style='height:50px' class='hr hr-invisible   avia-builder-el-8  el_after_av_social_share  el_before_av_comments_list '><span class='hr-inner ' ><span class='hr-inner-style'><\/span><\/span><\/div>\n<div  class='av-buildercomment  av-blog-meta-html-info-disabled av-blog-meta-tag-disabled  '><\/div>\n","protected":false},"excerpt":{"rendered":"","protected":false},"author":1,"featured_media":46040,"comment_status":"open","ping_status":"open","sticky":false,"template":"","format":"standard","meta":{"footnotes":""},"categories":[38],"tags":[],"class_list":["post-46039","post","type-post","status-publish","format-standard","has-post-thumbnail","hentry","category-regional"],"jetpack_featured_media_url":"https:\/\/radiorevelacionfm.cl\/wp-content\/uploads\/2024\/09\/6ta-version-mujeres-con-energia1-1_optimized.jpeg","_links":{"self":[{"href":"https:\/\/radiorevelacionfm.cl\/index.php?rest_route=\/wp\/v2\/posts\/46039","targetHints":{"allow":["GET"]}}],"collection":[{"href":"https:\/\/radiorevelacionfm.cl\/index.php?rest_route=\/wp\/v2\/posts"}],"about":[{"href":"https:\/\/radiorevelacionfm.cl\/index.php?rest_route=\/wp\/v2\/types\/post"}],"author":[{"embeddable":true,"href":"https:\/\/radiorevelacionfm.cl\/index.php?rest_route=\/wp\/v2\/users\/1"}],"replies":[{"embeddable":true,"href":"https:\/\/radiorevelacionfm.cl\/index.php?rest_route=%2Fwp%2Fv2%2Fcomments&post=46039"}],"version-history":[{"count":2,"href":"https:\/\/radiorevelacionfm.cl\/index.php?rest_route=\/wp\/v2\/posts\/46039\/revisions"}],"predecessor-version":[{"id":46042,"href":"https:\/\/radiorevelacionfm.cl\/index.php?rest_route=\/wp\/v2\/posts\/46039\/revisions\/46042"}],"wp:featuredmedia":[{"embeddable":true,"href":"https:\/\/radiorevelacionfm.cl\/index.php?rest_route=\/wp\/v2\/media\/46040"}],"wp:attachment":[{"href":"https:\/\/radiorevelacionfm.cl\/index.php?rest_route=%2Fwp%2Fv2%2Fmedia&parent=46039"}],"wp:term":[{"taxonomy":"category","embeddable":true,"href":"https:\/\/radiorevelacionfm.cl\/index.php?rest_route=%2Fwp%2Fv2%2Fcategories&post=46039"},{"taxonomy":"post_tag","embeddable":true,"href":"https:\/\/radiorevelacionfm.cl\/index.php?rest_route=%2Fwp%2Fv2%2Ftags&post=46039"}],"curies":[{"name":"wp","href":"https:\/\/api.w.org\/{rel}","templated":true}]}}