{"id":46031,"date":"2024-09-08T20:03:05","date_gmt":"2024-09-08T23:03:05","guid":{"rendered":"https:\/\/radiorevelacionfm.cl\/?p=46031"},"modified":"2024-09-08T20:03:05","modified_gmt":"2024-09-08T23:03:05","slug":"molestia-en-comunidad-de-puerto-tranquilo-por-decision-del-municipio-de-celebrar-fiestas-patrias-el-11-de-septiembre","status":"publish","type":"post","link":"https:\/\/radiorevelacionfm.cl\/?p=46031","title":{"rendered":"Molestia en comunidad de Puerto Tranquilo por decisi\u00f3n del municipio de celebrar Fiestas Patrias el 11 de septiembre"},"content":{"rendered":"<div class=\"flex_column av_one_full  flex_column_div av-zero-column-padding first  avia-builder-el-0  el_before_av_one_full  avia-builder-el-first  \" style='border-radius:0px; '><div  class='avia-image-container  av-styling-    avia-builder-el-1  avia-builder-el-no-sibling  avia-align-center '  itemprop=\"image\" itemscope=\"itemscope\" itemtype=\"https:\/\/schema.org\/ImageObject\"  ><div class='avia-image-container-inner'><div class='avia-image-overlay-wrap'><img decoding=\"async\" class='wp-image-46033 avia-img-lazy-loading-not-46033 avia_image' src=\"https:\/\/radiorevelacionfm.cl\/wp-content\/uploads\/2024\/09\/puerto-tranquilo-1_optimized-2-1.jpg\" alt='' title='puerto-tranquilo-(1)_optimized (2) (1)' height=\"600\" width=\"1011\"  itemprop=\"thumbnailUrl\" srcset=\"https:\/\/radiorevelacionfm.cl\/wp-content\/uploads\/2024\/09\/puerto-tranquilo-1_optimized-2-1.jpg 1011w, https:\/\/radiorevelacionfm.cl\/wp-content\/uploads\/2024\/09\/puerto-tranquilo-1_optimized-2-1-300x178.jpg 300w, https:\/\/radiorevelacionfm.cl\/wp-content\/uploads\/2024\/09\/puerto-tranquilo-1_optimized-2-1-768x456.jpg 768w, https:\/\/radiorevelacionfm.cl\/wp-content\/uploads\/2024\/09\/puerto-tranquilo-1_optimized-2-1-705x418.jpg 705w, https:\/\/radiorevelacionfm.cl\/wp-content\/uploads\/2024\/09\/puerto-tranquilo-1_optimized-2-1-450x267.jpg 450w, https:\/\/radiorevelacionfm.cl\/wp-content\/uploads\/2024\/09\/puerto-tranquilo-1_optimized-2-1-600x356.jpg 600w\" sizes=\"(max-width: 1011px) 100vw, 1011px\" \/><\/div><\/div><\/div><\/div><div class=\"flex_column av_one_full  flex_column_div av-zero-column-padding first  avia-builder-el-2  el_after_av_one_full  el_before_av_one_full  column-top-margin\" style='border-radius:0px; '><section class=\"av_textblock_section \"  itemscope=\"itemscope\" itemtype=\"https:\/\/schema.org\/BlogPosting\" itemprop=\"blogPost\" ><div class='avia_textblock  '   itemprop=\"text\" ><p style=\"text-align: center;\"><strong><span style=\"font-size: 18pt;\">Molestia en comunidad de Puerto Tranquilo por decisi\u00f3n del municipio de celebrar Fiestas Patrias el 11 de septiembre<\/span><\/strong><\/p>\n<div id=\"gtx-trans\" style=\"position: absolute; left: -50px; top: 4.31534px;\">\n<div class=\"gtx-trans-icon\"><\/div>\n<\/div>\n<\/div><\/section><\/div><div class=\"flex_column av_one_full  flex_column_div av-zero-column-padding first  avia-builder-el-4  el_after_av_one_full  el_before_av_hr  column-top-margin\" style='border-radius:0px; '><section class=\"av_textblock_section \"  itemscope=\"itemscope\" itemtype=\"https:\/\/schema.org\/BlogPosting\" itemprop=\"blogPost\" ><div class='avia_textblock  '   itemprop=\"text\" ><p style=\"text-align: justify;\"><i>Junta de Vecinos N6 ha planteado la necesidad de respetar el 11 de septiembre como una fecha en que se recuerda un nuevo \u00abaniversario del Golpe de Estado de Chile, donde m\u00e1s de 40 mil chilenos y chilenas, incluyendo 19 ayseninos fueron detenidos y ejecutados pol\u00edticos\u00bb.<\/i><\/p>\n<p style=\"text-align: justify;\"><i>En Puerto Guadal, comuna de Chile Chico, se hab\u00eda convocado para la misma fecha. Sin embargo, ya se decidi\u00f3 cambiar el desfile para el 13 de septiembre.<\/i><\/p>\n<p class=\"v1MsoNormal\" style=\"text-align: justify;\">Profunda molestia ha generado este a\u00f1o en Puerto R\u00edo Tranquilo la fecha escogida por el municipio de R\u00edo Ib\u00e1\u00f1ez para conmemorar las festividades patrias. A pesar de que a nivel nacional se ha reconocido lo sensible del tema, en la municipalidad no piensan de la misma forma: se convoc\u00f3 a las agrupaciones para el mi\u00e9rcoles 11 de septiembre.<\/p>\n<p class=\"v1MsoNormal\" style=\"text-align: justify;\">Tras recibir una invitaci\u00f3n por parte del alcalde Juan Saldivia Cea y el Concejo Municipal, la Junta de Vecinos N6 de Puerto R\u00edo Tranquilo envi\u00f3 un mensaje solicitando cambiar el d\u00eda.<span class=\"v1gmail-Apple-converted-space\">\u00a0<\/span><\/p>\n<p class=\"v1MsoNormal\" style=\"text-align: justify;\">\u00abQuisi\u00e9ramos solicitar el cambio de fecha del desfile propuesto el d\u00eda 11 de septiembre, ya que es una fecha que para muchos chilenos y pobladores es triste y de mucho recogimiento y es una falta de respeto hacer actos de celebraci\u00f3n y fiesta un d\u00eda como tal\u00bb expresaron en la misiva. \u00abEn el pueblo existe gente que a\u00fan tiene familiares desaparecidos y pobladores que en estos mismos territorios recuerdan ese d\u00eda con mucho temor y violencia para con ellos en sus escuelas y pueblos\u00bb agregaron.<\/p>\n<p class=\"v1MsoNormal\" style=\"text-align: justify;\">A pesar de la misiva, el municipio no ech\u00f3 pie atr\u00e1s.\u00a0<span class=\"v1gmail-Apple-converted-space\">\u00a0<\/span>Aunque con menos participaci\u00f3n: se baj\u00f3 Fundaci\u00f3n Integra, y la C\u00e1mara de Turismo, la AG Hielo Norte, la AG Artesanos del M\u00e1rmol, el Comit\u00e9 Nuevos Aires del Chelenko, el Comit\u00e9 de Deporte de Puerto Tranquilo y Club Deportivo San Valent\u00edn. En el fondo, gran parte de las agrupaciones del poblado. Incluso desde la escuela \u00abGabriela Mistral\u00bb se est\u00e1 convocando para el 12 de septiembre.<\/p>\n<p class=\"v1MsoNormal\" style=\"text-align: justify;\">Algo parecido hab\u00eda ocurrido en Puerto Guadal, de la comuna de Chile Chico. La Escuela Bernardo O&#8217;Higgins y el Jard\u00edn Infantil \u00abEl Para\u00edso\u00bb hab\u00edan convocado para la misma fecha, sin embargo tras informarse la JUNAEB y el Servicio Local de Educaci\u00f3n P\u00fablica sobre el d\u00eda elegido, decidieron restarse. Luego de esto, desde la direcci\u00f3n de los establecimientos se invit\u00f3 para el 13 de septiembre.<\/p>\n<p class=\"v1MsoNormal\" style=\"text-align: justify;\">Pero en R\u00edo Ib\u00e1\u00f1ez no fue as\u00ed.\u00a0<span class=\"v1gmail-Apple-converted-space\">\u00a0<\/span><\/p>\n<p class=\"v1MsoNormal\" style=\"text-align: justify;\">Producto<span class=\"v1gmail-Apple-converted-space\">\u00a0<\/span>\u00a0de esto, la Junta de Vecinos N6<span class=\"v1gmail-Apple-converted-space\">\u00a0<\/span><a href=\"https:\/\/www.facebook.com\/vecinosriotranquilo\/posts\/pfbid01RLeGts9R7Nwi9VUXH6aCjrB4vbMwnEWq7Vu8v7Bj9RPaKrEdby3tPvWVn5p5UzRl\" target=\"_blank\" rel=\"noopener noreferrer\">plante\u00f3<\/a><span class=\"v1gmail-Apple-converted-space\">\u00a0<\/span>la necesidad de respetar el 11 de septiembre como una fecha en que se recuerda un nuevo \u00ab<span lang=\"ES-MX\">aniversario del Golpe de Estado de Chile, donde m\u00e1s de 40 mil chilenos y chilenas, incluyendo 19 ayseninos fueron detenidos y ejecutados pol\u00edticos. Est\u00e1 fecha de conmemoraci\u00f3n y respeto hacia las v\u00edctimas y sus familiares se basa en acuerdos internacionales de Derechos Humanos, garant\u00edas de no repetici\u00f3n e incluso en el curr\u00edculum educativo<\/span><span lang=\"ES-MX\">\u00ab.<\/span><\/p>\n<p class=\"v1MsoNormal\" style=\"text-align: justify;\"><span lang=\"ES-MX\">Y concluyeron: \u00abConfiamos que el acto de fiestas patrias se realizar\u00e1 de manera comunitaria en una fecha \u00f3ptima, donde todos y todas estemos incluidos y podamos celebrar\u00bb.<\/span><\/p>\n<\/div><\/section><\/div><div  style='height:50px' class='hr hr-invisible   avia-builder-el-6  el_after_av_one_full  el_before_av_social_share '><span class='hr-inner ' ><span class='hr-inner-style'><\/span><\/span><\/div><\/p>\n<div  class='av-social-sharing-box  avia-builder-el-7  el_after_av_hr  el_before_av_hr  '><div class='av-share-box'><h5 class='av-share-link-description av-no-toc '>Compartir esta noticia<\/h5><ul class='av-share-box-list noLightbox'><li class='av-share-link av-social-link-facebook' ><a target=\"_blank\" aria-label=\"Compartir en Facebook\" href='https:\/\/www.facebook.com\/sharer.php?u=https:\/\/radiorevelacionfm.cl\/?p=46031&#038;t=Molestia%20en%20comunidad%20de%20Puerto%20Tranquilo%20por%20decisi%C3%B3n%20del%20municipio%20de%20celebrar%20Fiestas%20Patrias%20el%2011%20de%20septiembre' aria-hidden='false' data-av_icon='\ue8f3' data-av_iconfont='entypo-fontello' title='' data-avia-related-tooltip='Compartir en Facebook' rel=\"noopener\"><span class='avia_hidden_link_text'>Compartir en Facebook<\/span><\/a><\/li><li class='av-share-link av-social-link-twitter' ><a target=\"_blank\" aria-label=\"Compartir en Twitter\" href='https:\/\/twitter.com\/share?text=Molestia%20en%20comunidad%20de%20Puerto%20Tranquilo%20por%20decisi%C3%B3n%20del%20municipio%20de%20celebrar%20Fiestas%20Patrias%20el%2011%20de%20septiembre&#038;url=https:\/\/radiorevelacionfm.cl\/?p=46031' aria-hidden='false' data-av_icon='\ue8f1' data-av_iconfont='entypo-fontello' title='' data-avia-related-tooltip='Compartir en Twitter' rel=\"noopener\"><span class='avia_hidden_link_text'>Compartir en Twitter<\/span><\/a><\/li><li class='av-share-link av-social-link-whatsapp' ><a target=\"_blank\" aria-label=\"Compartir en Whatsapp\" href='https:\/\/api.whatsapp.com\/send?text=https:\/\/radiorevelacionfm.cl\/?p=46031' aria-hidden='false' data-av_icon='\uf232' data-av_iconfont='entypo-fontello' title='' data-avia-related-tooltip='Compartir en Whatsapp' rel=\"noopener\"><span class='avia_hidden_link_text'>Compartir en Whatsapp<\/span><\/a><\/li><li class='av-share-link av-social-link-linkedin' ><a target=\"_blank\" aria-label=\"Compartir en LinkedIn\" href='https:\/\/linkedin.com\/shareArticle?mini=true&#038;title=Molestia%20en%20comunidad%20de%20Puerto%20Tranquilo%20por%20decisi%C3%B3n%20del%20municipio%20de%20celebrar%20Fiestas%20Patrias%20el%2011%20de%20septiembre&#038;url=https:\/\/radiorevelacionfm.cl\/?p=46031' aria-hidden='false' data-av_icon='\ue8fc' data-av_iconfont='entypo-fontello' title='' data-avia-related-tooltip='Compartir en LinkedIn' rel=\"noopener\"><span class='avia_hidden_link_text'>Compartir en LinkedIn<\/span><\/a><\/li><li class='av-share-link av-social-link-mail' ><a  aria-label=\"Compartir por correo\" href='mailto:?subject=Molestia%20en%20comunidad%20de%20Puerto%20Tranquilo%20por%20decisi%C3%B3n%20del%20municipio%20de%20celebrar%20Fiestas%20Patrias%20el%2011%20de%20septiembre&#038;body=https:\/\/radiorevelacionfm.cl\/?p=46031' aria-hidden='false' data-av_icon='\ue805' data-av_iconfont='entypo-fontello' title='' data-avia-related-tooltip='Compartir por correo'><span class='avia_hidden_link_text'>Compartir por correo<\/span><\/a><\/li><\/ul><\/div><\/div>\n<div  style='height:50px' class='hr hr-invisible   avia-builder-el-8  el_after_av_social_share  el_before_av_comments_list '><span class='hr-inner ' ><span class='hr-inner-style'><\/span><\/span><\/div>\n<div  class='av-buildercomment  av-blog-meta-html-info-disabled av-blog-meta-tag-disabled  '><\/div>\n","protected":false},"excerpt":{"rendered":"","protected":false},"author":1,"featured_media":46033,"comment_status":"open","ping_status":"open","sticky":false,"template":"","format":"standard","meta":{"footnotes":""},"categories":[38],"tags":[],"class_list":["post-46031","post","type-post","status-publish","format-standard","has-post-thumbnail","hentry","category-regional"],"jetpack_featured_media_url":"https:\/\/radiorevelacionfm.cl\/wp-content\/uploads\/2024\/09\/puerto-tranquilo-1_optimized-2-1.jpg","_links":{"self":[{"href":"https:\/\/radiorevelacionfm.cl\/index.php?rest_route=\/wp\/v2\/posts\/46031","targetHints":{"allow":["GET"]}}],"collection":[{"href":"https:\/\/radiorevelacionfm.cl\/index.php?rest_route=\/wp\/v2\/posts"}],"about":[{"href":"https:\/\/radiorevelacionfm.cl\/index.php?rest_route=\/wp\/v2\/types\/post"}],"author":[{"embeddable":true,"href":"https:\/\/radiorevelacionfm.cl\/index.php?rest_route=\/wp\/v2\/users\/1"}],"replies":[{"embeddable":true,"href":"https:\/\/radiorevelacionfm.cl\/index.php?rest_route=%2Fwp%2Fv2%2Fcomments&post=46031"}],"version-history":[{"count":1,"href":"https:\/\/radiorevelacionfm.cl\/index.php?rest_route=\/wp\/v2\/posts\/46031\/revisions"}],"predecessor-version":[{"id":46034,"href":"https:\/\/radiorevelacionfm.cl\/index.php?rest_route=\/wp\/v2\/posts\/46031\/revisions\/46034"}],"wp:featuredmedia":[{"embeddable":true,"href":"https:\/\/radiorevelacionfm.cl\/index.php?rest_route=\/wp\/v2\/media\/46033"}],"wp:attachment":[{"href":"https:\/\/radiorevelacionfm.cl\/index.php?rest_route=%2Fwp%2Fv2%2Fmedia&parent=46031"}],"wp:term":[{"taxonomy":"category","embeddable":true,"href":"https:\/\/radiorevelacionfm.cl\/index.php?rest_route=%2Fwp%2Fv2%2Fcategories&post=46031"},{"taxonomy":"post_tag","embeddable":true,"href":"https:\/\/radiorevelacionfm.cl\/index.php?rest_route=%2Fwp%2Fv2%2Ftags&post=46031"}],"curies":[{"name":"wp","href":"https:\/\/api.w.org\/{rel}","templated":true}]}}