{"id":46028,"date":"2024-09-09T11:03:54","date_gmt":"2024-09-09T14:03:54","guid":{"rendered":"https:\/\/radiorevelacionfm.cl\/?p=46028"},"modified":"2024-09-09T11:03:54","modified_gmt":"2024-09-09T14:03:54","slug":"femicidio-tentado-en-cochrane-fiscalia-solicito-prision-preventiva-de-imputado-de-32-anos","status":"publish","type":"post","link":"https:\/\/radiorevelacionfm.cl\/?p=46028","title":{"rendered":"Femicidio tentado en Cochrane: Fiscal\u00eda solicit\u00f3 prisi\u00f3n preventiva de imputado de 32 a\u00f1os"},"content":{"rendered":"<div class=\"flex_column av_one_full  flex_column_div av-zero-column-padding first  avia-builder-el-0  el_before_av_one_full  avia-builder-el-first  \" style='border-radius:0px; '><div  class='avia-image-container  av-styling-    avia-builder-el-1  avia-builder-el-no-sibling  avia-align-center '  itemprop=\"image\" itemscope=\"itemscope\" itemtype=\"https:\/\/schema.org\/ImageObject\"  ><div class='avia-image-container-inner'><div class='avia-image-overlay-wrap'><img decoding=\"async\" class='wp-image-46029 avia-img-lazy-loading-not-46029 avia_image' src=\"https:\/\/radiorevelacionfm.cl\/wp-content\/uploads\/2024\/09\/Fiscal_Estefania1-1-1-1.jpg\" alt='' title='Fiscal_Estefania1 (1) (1) (1)' height=\"600\" width=\"1000\"  itemprop=\"thumbnailUrl\" srcset=\"https:\/\/radiorevelacionfm.cl\/wp-content\/uploads\/2024\/09\/Fiscal_Estefania1-1-1-1.jpg 1000w, https:\/\/radiorevelacionfm.cl\/wp-content\/uploads\/2024\/09\/Fiscal_Estefania1-1-1-1-300x180.jpg 300w, https:\/\/radiorevelacionfm.cl\/wp-content\/uploads\/2024\/09\/Fiscal_Estefania1-1-1-1-768x461.jpg 768w, https:\/\/radiorevelacionfm.cl\/wp-content\/uploads\/2024\/09\/Fiscal_Estefania1-1-1-1-705x423.jpg 705w, https:\/\/radiorevelacionfm.cl\/wp-content\/uploads\/2024\/09\/Fiscal_Estefania1-1-1-1-450x270.jpg 450w, https:\/\/radiorevelacionfm.cl\/wp-content\/uploads\/2024\/09\/Fiscal_Estefania1-1-1-1-600x360.jpg 600w\" sizes=\"(max-width: 1000px) 100vw, 1000px\" \/><\/div><\/div><\/div><\/div><div class=\"flex_column av_one_full  flex_column_div av-zero-column-padding first  avia-builder-el-2  el_after_av_one_full  el_before_av_one_full  column-top-margin\" style='border-radius:0px; '><section class=\"av_textblock_section \"  itemscope=\"itemscope\" itemtype=\"https:\/\/schema.org\/BlogPosting\" itemprop=\"blogPost\" ><div class='avia_textblock  '   itemprop=\"text\" ><p style=\"text-align: center;\"><span style=\"font-size: 18pt;\"><b>Femicidio tentado en Cochrane: Fiscal\u00eda solicit\u00f3 prisi\u00f3n preventiva de imputado de 32 a\u00f1os<\/b><\/span><\/p>\n<div id=\"gtx-trans\" style=\"position: absolute; left: -50px; top: 4.31534px;\">\n<div class=\"gtx-trans-icon\"><\/div>\n<\/div>\n<\/div><\/section><\/div><div class=\"flex_column av_one_full  flex_column_div av-zero-column-padding first  avia-builder-el-4  el_after_av_one_full  el_before_av_hr  column-top-margin\" style='border-radius:0px; '><section class=\"av_textblock_section \"  itemscope=\"itemscope\" itemtype=\"https:\/\/schema.org\/BlogPosting\" itemprop=\"blogPost\" ><div class='avia_textblock  '   itemprop=\"text\" ><p class=\"v1MsoNormal\" style=\"text-align: justify;\">La Fiscal\u00eda Local de Cochrane solicit\u00f3 hoy domingo la prisi\u00f3n preventiva de un imputado de 32 a\u00f1os, quien fue detenido por Carabineros de la Cuarta Comisar\u00eda en su calidad de autor del delito de femicidio tentado cometido en contra de su pareja.<\/p>\n<p class=\"v1MsoNormal\" style=\"text-align: justify;\">Seg\u00fan explic\u00f3 la Fiscal Estefan\u00eda Leiva, \u201cla denuncia se origin\u00f3 el pasado s\u00e1bado 31 de agosto, por hechos en contexto de violencia intrafamiliar que habr\u00edan ocurrido el jueves 29 de agosto en horas de la noche. En atenci\u00f3n a ello y a las diligencias encomendadas por el Ministerio P\u00fablico, se logr\u00f3 obtener un gran n\u00famero de antecedentes que nos permiti\u00f3 calificar jur\u00eddicamente este caso como un delito de femicidio\u201d.<\/p>\n<p class=\"v1MsoNormal\" style=\"text-align: justify;\">A solicitud de la Fiscal\u00eda, el Juzgado de Garant\u00eda de Cochrane accedi\u00f3 a la medida cautelar de prisi\u00f3n preventiva del sujeto, por considerar su libertad un peligro para la seguridad de la sociedad y adem\u00e1s fij\u00f3 un plazo de 75 d\u00edas para el t\u00e9rmino de las diligencias.<\/p>\n<p class=\"v1MsoNormal\" style=\"text-align: justify;\">Seg\u00fan lo resuelto por el tribunal, el imputado deber\u00e1 cumplir con esta medida en dependencias del Ej\u00e9rcito, por tratarse de un militar en servicio activo.<\/p>\n<p class=\"v1MsoNormal\" style=\"text-align: justify;\">De acuerdo a los antecedentes en poder de la Fiscal\u00eda, en base a las diligencias efectuadas por Carabineros de la Cuarta Comisar\u00eda de Cochrane, el imputado intent\u00f3 asfixiar con sus manos a la v\u00edctima tras una discusi\u00f3n, sumado a otros hechos de violencia de g\u00e9nero que podr\u00edan haber provocado la muerte de la mujer, la cual alcanz\u00f3 a huir de la vivienda.<\/p>\n<p class=\"v1MsoNormal\" style=\"text-align: justify;\">El caso fue derivado a la Unidad de Atenci\u00f3n a V\u00edctimas y Testigos de la Fiscal\u00eda Regional para brindar apoyo y orientaci\u00f3n a la afectada.<\/p>\n<\/div><\/section><\/div><div  style='height:50px' class='hr hr-invisible   avia-builder-el-6  el_after_av_one_full  el_before_av_social_share '><span class='hr-inner ' ><span class='hr-inner-style'><\/span><\/span><\/div><\/p>\n<div  class='av-social-sharing-box  avia-builder-el-7  el_after_av_hr  el_before_av_hr  '><div class='av-share-box'><h5 class='av-share-link-description av-no-toc '>Compartir esta noticia<\/h5><ul class='av-share-box-list noLightbox'><li class='av-share-link av-social-link-facebook' ><a target=\"_blank\" aria-label=\"Compartir en Facebook\" href='https:\/\/www.facebook.com\/sharer.php?u=https:\/\/radiorevelacionfm.cl\/?p=46028&#038;t=Femicidio%20tentado%20en%20Cochrane%3A%20Fiscal%C3%ADa%20solicit%C3%B3%20prisi%C3%B3n%20preventiva%20de%20imputado%20de%2032%20a%C3%B1os' aria-hidden='false' data-av_icon='\ue8f3' data-av_iconfont='entypo-fontello' title='' data-avia-related-tooltip='Compartir en Facebook' rel=\"noopener\"><span class='avia_hidden_link_text'>Compartir en Facebook<\/span><\/a><\/li><li class='av-share-link av-social-link-twitter' ><a target=\"_blank\" aria-label=\"Compartir en Twitter\" href='https:\/\/twitter.com\/share?text=Femicidio%20tentado%20en%20Cochrane%3A%20Fiscal%C3%ADa%20solicit%C3%B3%20prisi%C3%B3n%20preventiva%20de%20imputado%20de%2032%20a%C3%B1os&#038;url=https:\/\/radiorevelacionfm.cl\/?p=46028' aria-hidden='false' data-av_icon='\ue8f1' data-av_iconfont='entypo-fontello' title='' data-avia-related-tooltip='Compartir en Twitter' rel=\"noopener\"><span class='avia_hidden_link_text'>Compartir en Twitter<\/span><\/a><\/li><li class='av-share-link av-social-link-whatsapp' ><a target=\"_blank\" aria-label=\"Compartir en Whatsapp\" href='https:\/\/api.whatsapp.com\/send?text=https:\/\/radiorevelacionfm.cl\/?p=46028' aria-hidden='false' data-av_icon='\uf232' data-av_iconfont='entypo-fontello' title='' data-avia-related-tooltip='Compartir en Whatsapp' rel=\"noopener\"><span class='avia_hidden_link_text'>Compartir en Whatsapp<\/span><\/a><\/li><li class='av-share-link av-social-link-linkedin' ><a target=\"_blank\" aria-label=\"Compartir en LinkedIn\" href='https:\/\/linkedin.com\/shareArticle?mini=true&#038;title=Femicidio%20tentado%20en%20Cochrane%3A%20Fiscal%C3%ADa%20solicit%C3%B3%20prisi%C3%B3n%20preventiva%20de%20imputado%20de%2032%20a%C3%B1os&#038;url=https:\/\/radiorevelacionfm.cl\/?p=46028' aria-hidden='false' data-av_icon='\ue8fc' data-av_iconfont='entypo-fontello' title='' data-avia-related-tooltip='Compartir en LinkedIn' rel=\"noopener\"><span class='avia_hidden_link_text'>Compartir en LinkedIn<\/span><\/a><\/li><li class='av-share-link av-social-link-mail' ><a  aria-label=\"Compartir por correo\" href='mailto:?subject=Femicidio%20tentado%20en%20Cochrane%3A%20Fiscal%C3%ADa%20solicit%C3%B3%20prisi%C3%B3n%20preventiva%20de%20imputado%20de%2032%20a%C3%B1os&#038;body=https:\/\/radiorevelacionfm.cl\/?p=46028' aria-hidden='false' data-av_icon='\ue805' data-av_iconfont='entypo-fontello' title='' data-avia-related-tooltip='Compartir por correo'><span class='avia_hidden_link_text'>Compartir por correo<\/span><\/a><\/li><\/ul><\/div><\/div>\n<div  style='height:50px' class='hr hr-invisible   avia-builder-el-8  el_after_av_social_share  el_before_av_comments_list '><span class='hr-inner ' ><span class='hr-inner-style'><\/span><\/span><\/div>\n<div  class='av-buildercomment  av-blog-meta-html-info-disabled av-blog-meta-tag-disabled  '><\/div>\n","protected":false},"excerpt":{"rendered":"","protected":false},"author":1,"featured_media":46029,"comment_status":"open","ping_status":"open","sticky":false,"template":"","format":"standard","meta":{"footnotes":""},"categories":[55],"tags":[],"class_list":["post-46028","post","type-post","status-publish","format-standard","has-post-thumbnail","hentry","category-justicia"],"jetpack_featured_media_url":"https:\/\/radiorevelacionfm.cl\/wp-content\/uploads\/2024\/09\/Fiscal_Estefania1-1-1-1.jpg","_links":{"self":[{"href":"https:\/\/radiorevelacionfm.cl\/index.php?rest_route=\/wp\/v2\/posts\/46028","targetHints":{"allow":["GET"]}}],"collection":[{"href":"https:\/\/radiorevelacionfm.cl\/index.php?rest_route=\/wp\/v2\/posts"}],"about":[{"href":"https:\/\/radiorevelacionfm.cl\/index.php?rest_route=\/wp\/v2\/types\/post"}],"author":[{"embeddable":true,"href":"https:\/\/radiorevelacionfm.cl\/index.php?rest_route=\/wp\/v2\/users\/1"}],"replies":[{"embeddable":true,"href":"https:\/\/radiorevelacionfm.cl\/index.php?rest_route=%2Fwp%2Fv2%2Fcomments&post=46028"}],"version-history":[{"count":1,"href":"https:\/\/radiorevelacionfm.cl\/index.php?rest_route=\/wp\/v2\/posts\/46028\/revisions"}],"predecessor-version":[{"id":46030,"href":"https:\/\/radiorevelacionfm.cl\/index.php?rest_route=\/wp\/v2\/posts\/46028\/revisions\/46030"}],"wp:featuredmedia":[{"embeddable":true,"href":"https:\/\/radiorevelacionfm.cl\/index.php?rest_route=\/wp\/v2\/media\/46029"}],"wp:attachment":[{"href":"https:\/\/radiorevelacionfm.cl\/index.php?rest_route=%2Fwp%2Fv2%2Fmedia&parent=46028"}],"wp:term":[{"taxonomy":"category","embeddable":true,"href":"https:\/\/radiorevelacionfm.cl\/index.php?rest_route=%2Fwp%2Fv2%2Fcategories&post=46028"},{"taxonomy":"post_tag","embeddable":true,"href":"https:\/\/radiorevelacionfm.cl\/index.php?rest_route=%2Fwp%2Fv2%2Ftags&post=46028"}],"curies":[{"name":"wp","href":"https:\/\/api.w.org\/{rel}","templated":true}]}}