{"id":46020,"date":"2024-09-09T09:55:01","date_gmt":"2024-09-09T12:55:01","guid":{"rendered":"https:\/\/radiorevelacionfm.cl\/?p=46020"},"modified":"2024-09-09T09:55:01","modified_gmt":"2024-09-09T12:55:01","slug":"autoridades-regionales-destacan-el-avance-de-la-ruta-x-608-sector-cruce-teniente-vidal-lago-atravesado","status":"publish","type":"post","link":"https:\/\/radiorevelacionfm.cl\/?p=46020","title":{"rendered":"Autoridades regionales destacan el avance de la ruta X-608, sector cruce Teniente Vidal-Lago Atravesado"},"content":{"rendered":"<div class=\"flex_column av_one_full  flex_column_div av-zero-column-padding first  avia-builder-el-0  el_before_av_one_full  avia-builder-el-first  \" style='border-radius:0px; '><div  class='avia-image-container  av-styling-    avia-builder-el-1  avia-builder-el-no-sibling  avia-align-center '  itemprop=\"image\" itemscope=\"itemscope\" itemtype=\"https:\/\/schema.org\/ImageObject\"  ><div class='avia-image-container-inner'><div class='avia-image-overlay-wrap'><img decoding=\"async\" class='wp-image-46021 avia-img-lazy-loading-not-46021 avia_image' src=\"https:\/\/radiorevelacionfm.cl\/wp-content\/uploads\/2024\/09\/4-53-1_optimized-1.jpeg\" alt='' title='4-(53)-(1)_optimized (1)' height=\"600\" width=\"957\"  itemprop=\"thumbnailUrl\" srcset=\"https:\/\/radiorevelacionfm.cl\/wp-content\/uploads\/2024\/09\/4-53-1_optimized-1.jpeg 957w, https:\/\/radiorevelacionfm.cl\/wp-content\/uploads\/2024\/09\/4-53-1_optimized-1-300x188.jpeg 300w, https:\/\/radiorevelacionfm.cl\/wp-content\/uploads\/2024\/09\/4-53-1_optimized-1-768x482.jpeg 768w, https:\/\/radiorevelacionfm.cl\/wp-content\/uploads\/2024\/09\/4-53-1_optimized-1-705x442.jpeg 705w, https:\/\/radiorevelacionfm.cl\/wp-content\/uploads\/2024\/09\/4-53-1_optimized-1-450x282.jpeg 450w, https:\/\/radiorevelacionfm.cl\/wp-content\/uploads\/2024\/09\/4-53-1_optimized-1-600x376.jpeg 600w\" sizes=\"(max-width: 957px) 100vw, 957px\" \/><\/div><\/div><\/div><\/div><div class=\"flex_column av_one_full  flex_column_div av-zero-column-padding first  avia-builder-el-2  el_after_av_one_full  el_before_av_one_full  column-top-margin\" style='border-radius:0px; '><section class=\"av_textblock_section \"  itemscope=\"itemscope\" itemtype=\"https:\/\/schema.org\/BlogPosting\" itemprop=\"blogPost\" ><div class='avia_textblock  '   itemprop=\"text\" ><p style=\"text-align: center;\"><span style=\"font-size: 18pt;\"><strong>Autoridades regionales destacan el avance de la ruta X-608, sector cruce Teniente Vidal-Lago Atravesado<\/strong><\/span><\/p>\n<div id=\"gtx-trans\" style=\"position: absolute; left: -50px; top: 4.31534px;\">\n<div class=\"gtx-trans-icon\"><\/div>\n<\/div>\n<\/div><\/section><\/div><div class=\"flex_column av_one_full  flex_column_div av-zero-column-padding first  avia-builder-el-4  el_after_av_one_full  el_before_av_hr  column-top-margin\" style='border-radius:0px; '><section class=\"av_textblock_section \"  itemscope=\"itemscope\" itemtype=\"https:\/\/schema.org\/BlogPosting\" itemprop=\"blogPost\" ><div class='avia_textblock  '   itemprop=\"text\" ><p style=\"text-align: justify;\"><em>Autoridades y la comunidad coyhaiquina celebran un importante avance en la mejora de la infraestructura vial de una obra que promete transformar la conectividad y calidad de vida de las personas del sector.<\/em><\/p>\n<p style=\"text-align: justify;\">Con la presencia de la seremi de Obras P\u00fablicas, Paloma Jara, la gobernadora de Ays\u00e9n, Andrea Mac\u00edas, el Delegado Presidencial Regional, Rodrigo Araya, el alcalde de Coyhaique, Carlos Gatica, pobladores, pobladoras, vecinas y vecinos del sector Lago Atravesado, este pasado jueves se llev\u00f3 a cabo la visita inspectiva de la ruta X-608, que constat\u00f3 un avance f\u00edsico de las obras de un 24%, abarcando un tramo de aproximadamente 10,2 kil\u00f3metros en la comuna de Coyhaique, y cuya finalizaci\u00f3n se prev\u00e9 para noviembre de 2025.<\/p>\n<p style=\"text-align: justify;\">\u201cDentro de los ejes fundamentales que tiene el ministerio de OOPP, que ha relevado nuestra ministra Jessica L\u00f3pez, est\u00e1 dar conectividad en todo sentido. Efectivamente, generar conectividad, no quiz\u00e1s desde lo m\u00e1s macro, sino en lo m\u00e1s dom\u00e9stico y en que los vecinos de la ciudad de Coyhaique puedan acceder de forma m\u00e1s c\u00f3moda a sus lugares de trabajo, es lo que humaniza las obras del ministerio\u201d subray\u00f3 la seremi de Obras P\u00fablicas, Paloma Jara, y afirm\u00f3 que la inversi\u00f3n, que supera los 20 mil millones de pesos, ha comenzado a revitalizar nuestra regi\u00f3n, acortando los tiempos de desplazamiento y generando una buena sinergia con los vecinos, destacando tambi\u00e9n que la obra ha sido recibida positivamente por ellos, lo que demuestra el compromiso del MOP con ser un buen vecino y mejorar la calidad de vida en la regi\u00f3n.<\/p>\n<p style=\"text-align: justify;\">La Gobernadora Regional de Ays\u00e9n, Andrea Mac\u00edas, tambi\u00e9n destac\u00f3 la importancia del proyecto. \u201cEs un tremendo hito este avance, una obra muy esperada durante muchos a\u00f1os por la comunidad y que viene a ofrecer, precisamente, una mejor calidad de vida a todos quienes habitan este sector. Pero no solamente eso, sino que permite tambi\u00e9n que el sector se vuelva, por ejemplo, un polo de desarrollo del turismo rural, donde se requiere precisamente una mejor conectividad para que quienes visitan nuestra regi\u00f3n, o para quienes vivimos en ella, puedan hacerlo de la mejor manera\u201d. Adem\u00e1s, Andrea Mac\u00edas, mencion\u00f3 que es un impacto alto en materia de conectividad y que se dar\u00e1 continuidad a la pavimentaci\u00f3n hasta la Laguna Cea, cumpliendo un sue\u00f1o largamente anhelado por los habitantes de la regi\u00f3n.<\/p>\n<p style=\"text-align: justify;\">Oscar Cadagan, vecino del sector de Lago Atravesado, expres\u00f3 su entusiasmo por el avance de las obras. \u201cEs emocionante para nosotros, los pobladores, que transitamos el d\u00eda a d\u00eda por este camino ver que, desde que empez\u00f3, cada d\u00eda hay un tremendo avance y un movimiento enorme de tierra. Los pobladores nos comunicamos todos los d\u00edas y una situaci\u00f3n que hab\u00edamos dado por perdida, de la noche a la ma\u00f1ana, se transform\u00f3 en realidad y aqu\u00ed est\u00e1 el fruto y est\u00e1 a disposici\u00f3n de toda la regi\u00f3n, para que vengan a ver lo hermoso que est\u00e1 quedando\u201d, asever\u00f3 reflejando el sentir general de los vecinos.<\/p>\n<p style=\"text-align: justify;\">Durante la visita, el Delegado Presidencial Regional, confirm\u00f3 que se ha alcanzado un avance de poco m\u00e1s del 20% y destac\u00f3 la inversi\u00f3n en recursos t\u00e9cnicos y la efectividad de la empresa constructora, que ha trabajado de manera eficiente en el ensanchamiento de la v\u00eda, la eliminaci\u00f3n de obst\u00e1culos y la instalaci\u00f3n de alcantarillas. \u201cLa misma comunidad nos ha dicho que est\u00e1n gratamente sorprendidos porque la empresa ha funcionado muy bien. Vialidad, con su supervisi\u00f3n, tambi\u00e9n ha estado presente permanentemente, y en este tiempo se ha avanzado mucho m\u00e1s de lo que se hab\u00eda estipulado. Como autoridades estamos muy satisfechos con lo que la empresa est\u00e1 haciendo y vemos que, finalmente, todo esto es para construir una v\u00eda que de una seguridad a los pobladores y personas que transitan por este sector\u201d, expres\u00f3 Rodrigo Araya.<\/p>\n<p style=\"text-align: justify;\">Mar\u00eda Isabel Cifuentes, habitante del sector, comparti\u00f3 su alegr\u00eda por el progreso. \u201cEs un sue\u00f1o hecho realidad para todos nosotros\u201d afirm\u00f3, reflejando el entusiasmo general por el ensanchamiento y pavimentaci\u00f3n de la infraestructura vial.<\/p>\n<p style=\"text-align: justify;\"><strong>Descripci\u00f3n del proyecto<\/strong><\/p>\n<p style=\"text-align: justify;\">El principal objetivo del proyecto es elevar la calidad de vida de los habitantes de los sectores afectados, al reducir los tiempos de viaje y aumentar la seguridad en la ruta. Al mejorar el acceso a la ciudad, se facilitar\u00e1 un tr\u00e1nsito m\u00e1s \u00e1gil y seguro, beneficiando tanto a los residentes locales como a los visitantes. Este esfuerzo forma parte de una estrategia m\u00e1s amplia para modernizar la infraestructura vial y promover un entorno m\u00e1s eficiente y seguro para todos los usuarios.<\/p>\n<p style=\"text-align: justify;\">El proyecto de mejoramiento de la Ruta X-608 abarca el tramo que comienza en la intersecci\u00f3n con la Ruta X-600, cerca del Aer\u00f3dromo Teniente Vidal, y se extiende hasta el kil\u00f3metro 10,2 de la Ruta X-608. Entre las principales mejoras contempladas se incluyen:<\/p>\n<ul style=\"text-align: justify;\">\n<li><strong>Pavimentaci\u00f3n de la Ruta<\/strong>: La actual superficie de ripio, que presenta un alto nivel de deterioro, ser\u00e1 reemplazada por pavimento de calidad.<\/li>\n<li><strong>Mejoramiento del Alineamiento Geom\u00e9trico<\/strong>: Se actualizar\u00e1 el trazado de la ruta para cumplir con los est\u00e1ndares de seguridad y facilitar un tr\u00e1nsito m\u00e1s fluido.<\/li>\n<li><strong>Obras de Saneamiento<\/strong>: Se implementar\u00e1n mejoras en el drenaje y la infraestructura para manejar adecuadamente las aguas pluviales y otros desechos.<\/li>\n<li><strong>Se\u00f1alizaci\u00f3n y Seguridad Vial<\/strong>: Se instalar\u00e1n se\u00f1ales viales y se mejorar\u00e1 la iluminaci\u00f3n para asegurar una mayor visibilidad y seguridad.<\/li>\n<li><strong>Expropiaciones<\/strong>: Se realizar\u00e1n las expropiaciones necesarias para permitir la ampliaci\u00f3n y mejora de la v\u00eda.<\/li>\n<\/ul>\n<p style=\"text-align: justify;\">El nuevo est\u00e1ndar de la ruta permitir\u00e1 una velocidad de 70 km\/h en la mayor parte del trayecto, con una restricci\u00f3n a 50 km\/h en el sector urbano. El presupuesto total asignado para este proyecto es de $21.311.878.643 (veinti\u00fan mil trescientos once millones ochocientos setenta y ocho mil seiscientos cuarenta y tres pesos), IVA incluido. A la fecha, el avance f\u00edsico de la obra se encuentra en un 24,1%, mientras que el avance financiero es del 22,31%. Estos datos reflejan un progreso s\u00f3lido en la ejecuci\u00f3n del proyecto, con un notable impacto en la mejora de la infraestructura vial en la regi\u00f3n.<\/p>\n<\/div><\/section><\/div><div  style='height:50px' class='hr hr-invisible   avia-builder-el-6  el_after_av_one_full  el_before_av_social_share '><span class='hr-inner ' ><span class='hr-inner-style'><\/span><\/span><\/div><\/p>\n<div  class='av-social-sharing-box  avia-builder-el-7  el_after_av_hr  el_before_av_hr  '><div class='av-share-box'><h5 class='av-share-link-description av-no-toc '>Compartir esta noticia<\/h5><ul class='av-share-box-list noLightbox'><li class='av-share-link av-social-link-facebook' ><a target=\"_blank\" aria-label=\"Compartir en Facebook\" href='https:\/\/www.facebook.com\/sharer.php?u=https:\/\/radiorevelacionfm.cl\/?p=46020&#038;t=Autoridades%20regionales%20destacan%20el%20avance%20de%20la%20ruta%20X-608%2C%20sector%20cruce%20Teniente%20Vidal-Lago%20Atravesado' aria-hidden='false' data-av_icon='\ue8f3' data-av_iconfont='entypo-fontello' title='' data-avia-related-tooltip='Compartir en Facebook' rel=\"noopener\"><span class='avia_hidden_link_text'>Compartir en Facebook<\/span><\/a><\/li><li class='av-share-link av-social-link-twitter' ><a target=\"_blank\" aria-label=\"Compartir en Twitter\" href='https:\/\/twitter.com\/share?text=Autoridades%20regionales%20destacan%20el%20avance%20de%20la%20ruta%20X-608%2C%20sector%20cruce%20Teniente%20Vidal-Lago%20Atravesado&#038;url=https:\/\/radiorevelacionfm.cl\/?p=46020' aria-hidden='false' data-av_icon='\ue8f1' data-av_iconfont='entypo-fontello' title='' data-avia-related-tooltip='Compartir en Twitter' rel=\"noopener\"><span class='avia_hidden_link_text'>Compartir en Twitter<\/span><\/a><\/li><li class='av-share-link av-social-link-whatsapp' ><a target=\"_blank\" aria-label=\"Compartir en Whatsapp\" href='https:\/\/api.whatsapp.com\/send?text=https:\/\/radiorevelacionfm.cl\/?p=46020' aria-hidden='false' data-av_icon='\uf232' data-av_iconfont='entypo-fontello' title='' data-avia-related-tooltip='Compartir en Whatsapp' rel=\"noopener\"><span class='avia_hidden_link_text'>Compartir en Whatsapp<\/span><\/a><\/li><li class='av-share-link av-social-link-linkedin' ><a target=\"_blank\" aria-label=\"Compartir en LinkedIn\" href='https:\/\/linkedin.com\/shareArticle?mini=true&#038;title=Autoridades%20regionales%20destacan%20el%20avance%20de%20la%20ruta%20X-608%2C%20sector%20cruce%20Teniente%20Vidal-Lago%20Atravesado&#038;url=https:\/\/radiorevelacionfm.cl\/?p=46020' aria-hidden='false' data-av_icon='\ue8fc' data-av_iconfont='entypo-fontello' title='' data-avia-related-tooltip='Compartir en LinkedIn' rel=\"noopener\"><span class='avia_hidden_link_text'>Compartir en LinkedIn<\/span><\/a><\/li><li class='av-share-link av-social-link-mail' ><a  aria-label=\"Compartir por correo\" href='mailto:?subject=Autoridades%20regionales%20destacan%20el%20avance%20de%20la%20ruta%20X-608%2C%20sector%20cruce%20Teniente%20Vidal-Lago%20Atravesado&#038;body=https:\/\/radiorevelacionfm.cl\/?p=46020' aria-hidden='false' data-av_icon='\ue805' data-av_iconfont='entypo-fontello' title='' data-avia-related-tooltip='Compartir por correo'><span class='avia_hidden_link_text'>Compartir por correo<\/span><\/a><\/li><\/ul><\/div><\/div>\n<div  style='height:50px' class='hr hr-invisible   avia-builder-el-8  el_after_av_social_share  el_before_av_comments_list '><span class='hr-inner ' ><span class='hr-inner-style'><\/span><\/span><\/div>\n<div  class='av-buildercomment  av-blog-meta-html-info-disabled av-blog-meta-tag-disabled  '><\/div>\n","protected":false},"excerpt":{"rendered":"","protected":false},"author":1,"featured_media":46021,"comment_status":"open","ping_status":"open","sticky":false,"template":"","format":"standard","meta":{"footnotes":""},"categories":[38],"tags":[],"class_list":["post-46020","post","type-post","status-publish","format-standard","has-post-thumbnail","hentry","category-regional"],"jetpack_featured_media_url":"https:\/\/radiorevelacionfm.cl\/wp-content\/uploads\/2024\/09\/4-53-1_optimized-1.jpeg","_links":{"self":[{"href":"https:\/\/radiorevelacionfm.cl\/index.php?rest_route=\/wp\/v2\/posts\/46020","targetHints":{"allow":["GET"]}}],"collection":[{"href":"https:\/\/radiorevelacionfm.cl\/index.php?rest_route=\/wp\/v2\/posts"}],"about":[{"href":"https:\/\/radiorevelacionfm.cl\/index.php?rest_route=\/wp\/v2\/types\/post"}],"author":[{"embeddable":true,"href":"https:\/\/radiorevelacionfm.cl\/index.php?rest_route=\/wp\/v2\/users\/1"}],"replies":[{"embeddable":true,"href":"https:\/\/radiorevelacionfm.cl\/index.php?rest_route=%2Fwp%2Fv2%2Fcomments&post=46020"}],"version-history":[{"count":1,"href":"https:\/\/radiorevelacionfm.cl\/index.php?rest_route=\/wp\/v2\/posts\/46020\/revisions"}],"predecessor-version":[{"id":46022,"href":"https:\/\/radiorevelacionfm.cl\/index.php?rest_route=\/wp\/v2\/posts\/46020\/revisions\/46022"}],"wp:featuredmedia":[{"embeddable":true,"href":"https:\/\/radiorevelacionfm.cl\/index.php?rest_route=\/wp\/v2\/media\/46021"}],"wp:attachment":[{"href":"https:\/\/radiorevelacionfm.cl\/index.php?rest_route=%2Fwp%2Fv2%2Fmedia&parent=46020"}],"wp:term":[{"taxonomy":"category","embeddable":true,"href":"https:\/\/radiorevelacionfm.cl\/index.php?rest_route=%2Fwp%2Fv2%2Fcategories&post=46020"},{"taxonomy":"post_tag","embeddable":true,"href":"https:\/\/radiorevelacionfm.cl\/index.php?rest_route=%2Fwp%2Fv2%2Ftags&post=46020"}],"curies":[{"name":"wp","href":"https:\/\/api.w.org\/{rel}","templated":true}]}}