{"id":46017,"date":"2024-09-08T14:43:59","date_gmt":"2024-09-08T17:43:59","guid":{"rendered":"https:\/\/radiorevelacionfm.cl\/?p=46017"},"modified":"2024-09-08T14:43:59","modified_gmt":"2024-09-08T17:43:59","slug":"aysen-sera-la-sede-de-expolagos-patagonia-2025","status":"publish","type":"post","link":"https:\/\/radiorevelacionfm.cl\/?p=46017","title":{"rendered":"Ays\u00e9n ser\u00e1 la sede de Expolagos Patagonia 2025"},"content":{"rendered":"<div class=\"flex_column av_one_full  flex_column_div av-zero-column-padding first  avia-builder-el-0  el_before_av_one_full  avia-builder-el-first  \" style='border-radius:0px; '><div  class='avia-image-container  av-styling-    avia-builder-el-1  avia-builder-el-no-sibling  avia-align-center '  itemprop=\"image\" itemscope=\"itemscope\" itemtype=\"https:\/\/schema.org\/ImageObject\"  ><div class='avia-image-container-inner'><div class='avia-image-overlay-wrap'><img decoding=\"async\" class='wp-image-46018 avia-img-lazy-loading-not-46018 avia_image' src=\"https:\/\/radiorevelacionfm.cl\/wp-content\/uploads\/2024\/09\/EXPOLAGOS-10-1-1.jpg\" alt='' title='EXPOLAGOS 10 (1) (1)' height=\"600\" width=\"800\"  itemprop=\"thumbnailUrl\" srcset=\"https:\/\/radiorevelacionfm.cl\/wp-content\/uploads\/2024\/09\/EXPOLAGOS-10-1-1.jpg 800w, https:\/\/radiorevelacionfm.cl\/wp-content\/uploads\/2024\/09\/EXPOLAGOS-10-1-1-300x225.jpg 300w, https:\/\/radiorevelacionfm.cl\/wp-content\/uploads\/2024\/09\/EXPOLAGOS-10-1-1-768x576.jpg 768w, https:\/\/radiorevelacionfm.cl\/wp-content\/uploads\/2024\/09\/EXPOLAGOS-10-1-1-705x529.jpg 705w, https:\/\/radiorevelacionfm.cl\/wp-content\/uploads\/2024\/09\/EXPOLAGOS-10-1-1-450x338.jpg 450w, https:\/\/radiorevelacionfm.cl\/wp-content\/uploads\/2024\/09\/EXPOLAGOS-10-1-1-600x450.jpg 600w\" sizes=\"(max-width: 800px) 100vw, 800px\" \/><\/div><\/div><\/div><\/div><div class=\"flex_column av_one_full  flex_column_div av-zero-column-padding first  avia-builder-el-2  el_after_av_one_full  el_before_av_one_full  column-top-margin\" style='border-radius:0px; '><section class=\"av_textblock_section \"  itemscope=\"itemscope\" itemtype=\"https:\/\/schema.org\/BlogPosting\" itemprop=\"blogPost\" ><div class='avia_textblock  '   itemprop=\"text\" ><p style=\"text-align: center;\"><span style=\"font-size: 18pt;\"><strong>Ays\u00e9n ser\u00e1 la sede de Expolagos Patagonia 2025<\/strong><\/span><\/p>\n<div id=\"gtx-trans\" style=\"position: absolute; left: -50px; top: 4.31534px;\">\n<div class=\"gtx-trans-icon\"><\/div>\n<\/div>\n<\/div><\/section><\/div><div class=\"flex_column av_one_full  flex_column_div av-zero-column-padding first  avia-builder-el-4  el_after_av_one_full  el_before_av_hr  column-top-margin\" style='border-radius:0px; '><section class=\"av_textblock_section \"  itemscope=\"itemscope\" itemtype=\"https:\/\/schema.org\/BlogPosting\" itemprop=\"blogPost\" ><div class='avia_textblock  '   itemprop=\"text\" ><p style=\"text-align: justify;\"><em>La pr\u00f3xima edici\u00f3n de la destacada rueda de negocios tur\u00edstica binacional, que re\u00fane a empresarios de Chile, Argentina con agencias internacionales, se realizar\u00e1 por primera vez en las ciudades de Coyhaique y Puerto Ays\u00e9n.<\/em><\/p>\n<p style=\"text-align: justify;\">En el marco de la d\u00e9cima versi\u00f3n de Expolagos Patagonia, celebrada en Puerto Varas los d\u00edas 2 y 3 de septiembre, se anunci\u00f3 que la regi\u00f3n de Ays\u00e9n ser\u00e1 la sede de la pr\u00f3xima edici\u00f3n en 2025. As\u00ed lo confirm\u00f3 Claudio Montecinos, director regional de Sernatur Ays\u00e9n, quien expres\u00f3 su entusiasmo por este logro. \u201cEstamos muy contentos porque estamos anunciando la realizaci\u00f3n de esta importante rueda de negocios el pr\u00f3ximo a\u00f1o en la regi\u00f3n de Ays\u00e9n, en la ciudad de Coyhaique y Puerto Ays\u00e9n. La Expolagos re\u00fane a m\u00e1s de 60 empresarios regionales tur\u00edsticos de las principales provincias y regiones del sur de Chile y Argentina\u201d, se\u00f1al\u00f3 Montecinos.<\/p>\n<p style=\"text-align: justify;\">En esta d\u00e9cima versi\u00f3n, ocho empresarios tur\u00edsticos de la regi\u00f3n de Ays\u00e9n participaron activamente en la feria: Pura Hotel, Patagonia Nostrum, Yagan Expeditions, Lober\u00edas del Sur, Pared Sur, Mate Ch\u00e9, Gran Patagonia y Puyuhuapi Lodge, destacando el potencial tur\u00edstico de la regi\u00f3n. Estos empresarios aprovecharon la instancia para generar contactos y promover sus servicios ante un p\u00fablico internacional.<\/p>\n<p style=\"text-align: justify;\">La Expolagos, conocida por ser un evento binacional que promociona productos, servicios y destinos tur\u00edsticos del extremo austral de Chile, Argentina y el Continente Ant\u00e1rtico, alterna su sede cada a\u00f1o entre ambos pa\u00edses, sin embargo, gracias a las gestiones realizadas y el creciente inter\u00e9s en el destino, se ha hecho una excepci\u00f3n para dar lugar a que Ays\u00e9n Patagonia sea el pr\u00f3ximo en recibir empresarios, compradores y expositores de diversas partes del mundo.<\/p>\n<p style=\"text-align: justify;\">Rodrigo Araya, Delegado Presidencial Regional de Ays\u00e9n, destac\u00f3 la importancia de este evento para la regi\u00f3n. \u00abCreo que hemos dejado una muy buena se\u00f1al a todos los participantes de c\u00f3mo hemos podido articularnos, mostrando que est\u00e1 todo dispuesto y estamos todos en sinton\u00eda para que la Expolagos del pr\u00f3ximo a\u00f1o sea todo un \u00e9xito en nuestra regi\u00f3n de Ays\u00e9n\u00bb, afirm\u00f3.<\/p>\n<p style=\"text-align: justify;\">Bruno D\u00edaz, de Yagan Expeditions y Claudia Aguirre, de Puyuhuapi Lodge, tambi\u00e9n valoraron la relevancia de Expolagos como una plataforma de proyecci\u00f3n internacional. \u201cEs la primera vez que estamos participando de esta expo y la verdad que super\u00f3 nuestras expectativas. Creemos que estas instancias son una buena oportunidad para poder mostrarnos no solo al pa\u00eds sino al mundo tambi\u00e9n\u201d, coment\u00f3 D\u00edaz. Por su parte, Claudia Aguirre expres\u00f3 su satisfacci\u00f3n de volver a participar \u00abes una feria muy interesante y ha sido s\u00faper gratificante estar de vuelta despu\u00e9s de varios a\u00f1os sin participar y estamos muy ansiosos porque la pr\u00f3xima Expolagos va a ser en nuestra regi\u00f3n\u00bb.<\/p>\n<p style=\"text-align: justify;\">Roque Palacios, director general de Expolagos, resalt\u00f3 la creciente participaci\u00f3n internacional en el evento, que este a\u00f1o cont\u00f3 con 61 expositores de Argentina y Chile, y la asistencia de compradores de todos los continentes, consolidando a Expolagos como una de las ruedas de negocios m\u00e1s importantes del turismo en la regi\u00f3n patag\u00f3nica.<\/p>\n<p style=\"text-align: justify;\">La Expolagos 2025 promete ser un evento clave para la promoci\u00f3n tur\u00edstica del territorio, consolidando a Ays\u00e9n Patagonia como un destino estrat\u00e9gico del sur austral de Chile.<\/p>\n<\/div><\/section><\/div><div  style='height:50px' class='hr hr-invisible   avia-builder-el-6  el_after_av_one_full  el_before_av_social_share '><span class='hr-inner ' ><span class='hr-inner-style'><\/span><\/span><\/div><\/p>\n<div  class='av-social-sharing-box  avia-builder-el-7  el_after_av_hr  el_before_av_hr  '><div class='av-share-box'><h5 class='av-share-link-description av-no-toc '>Compartir esta noticia<\/h5><ul class='av-share-box-list noLightbox'><li class='av-share-link av-social-link-facebook' ><a target=\"_blank\" aria-label=\"Compartir en Facebook\" href='https:\/\/www.facebook.com\/sharer.php?u=https:\/\/radiorevelacionfm.cl\/?p=46017&#038;t=Ays%C3%A9n%20ser%C3%A1%20la%20sede%20de%20Expolagos%20Patagonia%202025' aria-hidden='false' data-av_icon='\ue8f3' data-av_iconfont='entypo-fontello' title='' data-avia-related-tooltip='Compartir en Facebook' rel=\"noopener\"><span class='avia_hidden_link_text'>Compartir en Facebook<\/span><\/a><\/li><li class='av-share-link av-social-link-twitter' ><a target=\"_blank\" aria-label=\"Compartir en Twitter\" href='https:\/\/twitter.com\/share?text=Ays%C3%A9n%20ser%C3%A1%20la%20sede%20de%20Expolagos%20Patagonia%202025&#038;url=https:\/\/radiorevelacionfm.cl\/?p=46017' aria-hidden='false' data-av_icon='\ue8f1' data-av_iconfont='entypo-fontello' title='' data-avia-related-tooltip='Compartir en Twitter' rel=\"noopener\"><span class='avia_hidden_link_text'>Compartir en Twitter<\/span><\/a><\/li><li class='av-share-link av-social-link-whatsapp' ><a target=\"_blank\" aria-label=\"Compartir en Whatsapp\" href='https:\/\/api.whatsapp.com\/send?text=https:\/\/radiorevelacionfm.cl\/?p=46017' aria-hidden='false' data-av_icon='\uf232' data-av_iconfont='entypo-fontello' title='' data-avia-related-tooltip='Compartir en Whatsapp' rel=\"noopener\"><span class='avia_hidden_link_text'>Compartir en Whatsapp<\/span><\/a><\/li><li class='av-share-link av-social-link-linkedin' ><a target=\"_blank\" aria-label=\"Compartir en LinkedIn\" href='https:\/\/linkedin.com\/shareArticle?mini=true&#038;title=Ays%C3%A9n%20ser%C3%A1%20la%20sede%20de%20Expolagos%20Patagonia%202025&#038;url=https:\/\/radiorevelacionfm.cl\/?p=46017' aria-hidden='false' data-av_icon='\ue8fc' data-av_iconfont='entypo-fontello' title='' data-avia-related-tooltip='Compartir en LinkedIn' rel=\"noopener\"><span class='avia_hidden_link_text'>Compartir en LinkedIn<\/span><\/a><\/li><li class='av-share-link av-social-link-mail' ><a  aria-label=\"Compartir por correo\" href='mailto:?subject=Ays%C3%A9n%20ser%C3%A1%20la%20sede%20de%20Expolagos%20Patagonia%202025&#038;body=https:\/\/radiorevelacionfm.cl\/?p=46017' aria-hidden='false' data-av_icon='\ue805' data-av_iconfont='entypo-fontello' title='' data-avia-related-tooltip='Compartir por correo'><span class='avia_hidden_link_text'>Compartir por correo<\/span><\/a><\/li><\/ul><\/div><\/div>\n<div  style='height:50px' class='hr hr-invisible   avia-builder-el-8  el_after_av_social_share  el_before_av_comments_list '><span class='hr-inner ' ><span class='hr-inner-style'><\/span><\/span><\/div>\n<div  class='av-buildercomment  av-blog-meta-html-info-disabled av-blog-meta-tag-disabled  '><\/div>\n","protected":false},"excerpt":{"rendered":"","protected":false},"author":1,"featured_media":46018,"comment_status":"open","ping_status":"open","sticky":false,"template":"","format":"standard","meta":{"footnotes":""},"categories":[54],"tags":[],"class_list":["post-46017","post","type-post","status-publish","format-standard","has-post-thumbnail","hentry","category-turismo"],"jetpack_featured_media_url":"https:\/\/radiorevelacionfm.cl\/wp-content\/uploads\/2024\/09\/EXPOLAGOS-10-1-1.jpg","_links":{"self":[{"href":"https:\/\/radiorevelacionfm.cl\/index.php?rest_route=\/wp\/v2\/posts\/46017","targetHints":{"allow":["GET"]}}],"collection":[{"href":"https:\/\/radiorevelacionfm.cl\/index.php?rest_route=\/wp\/v2\/posts"}],"about":[{"href":"https:\/\/radiorevelacionfm.cl\/index.php?rest_route=\/wp\/v2\/types\/post"}],"author":[{"embeddable":true,"href":"https:\/\/radiorevelacionfm.cl\/index.php?rest_route=\/wp\/v2\/users\/1"}],"replies":[{"embeddable":true,"href":"https:\/\/radiorevelacionfm.cl\/index.php?rest_route=%2Fwp%2Fv2%2Fcomments&post=46017"}],"version-history":[{"count":1,"href":"https:\/\/radiorevelacionfm.cl\/index.php?rest_route=\/wp\/v2\/posts\/46017\/revisions"}],"predecessor-version":[{"id":46019,"href":"https:\/\/radiorevelacionfm.cl\/index.php?rest_route=\/wp\/v2\/posts\/46017\/revisions\/46019"}],"wp:featuredmedia":[{"embeddable":true,"href":"https:\/\/radiorevelacionfm.cl\/index.php?rest_route=\/wp\/v2\/media\/46018"}],"wp:attachment":[{"href":"https:\/\/radiorevelacionfm.cl\/index.php?rest_route=%2Fwp%2Fv2%2Fmedia&parent=46017"}],"wp:term":[{"taxonomy":"category","embeddable":true,"href":"https:\/\/radiorevelacionfm.cl\/index.php?rest_route=%2Fwp%2Fv2%2Fcategories&post=46017"},{"taxonomy":"post_tag","embeddable":true,"href":"https:\/\/radiorevelacionfm.cl\/index.php?rest_route=%2Fwp%2Fv2%2Ftags&post=46017"}],"curies":[{"name":"wp","href":"https:\/\/api.w.org\/{rel}","templated":true}]}}