{"id":46014,"date":"2024-09-08T16:02:48","date_gmt":"2024-09-08T19:02:48","guid":{"rendered":"https:\/\/radiorevelacionfm.cl\/?p=46014"},"modified":"2024-09-08T16:02:48","modified_gmt":"2024-09-08T19:02:48","slug":"proyecto-fic-realiza-taller-sobre-laguna-san-rafael-y-su-impacto-en-el-turismo-sostenible-de-aysen","status":"publish","type":"post","link":"https:\/\/radiorevelacionfm.cl\/?p=46014","title":{"rendered":"Proyecto Fic realiza taller sobre Laguna San Rafael y su impacto en el turismo sostenible de Ays\u00e9n"},"content":{"rendered":"<div class=\"flex_column av_one_full  flex_column_div av-zero-column-padding first  avia-builder-el-0  el_before_av_one_full  avia-builder-el-first  \" style='border-radius:0px; '><div  class='avia-image-container  av-styling-    avia-builder-el-1  avia-builder-el-no-sibling  avia-align-center '  itemprop=\"image\" itemscope=\"itemscope\" itemtype=\"https:\/\/schema.org\/ImageObject\"  ><div class='avia-image-container-inner'><div class='avia-image-overlay-wrap'><img decoding=\"async\" class='wp-image-46015 avia-img-lazy-loading-not-46015 avia_image' src=\"https:\/\/radiorevelacionfm.cl\/wp-content\/uploads\/2024\/09\/Laguna-San-Rafael-DT-1-1.jpg\" alt='' title='Laguna San Rafael DT (1) (1)' height=\"600\" width=\"800\"  itemprop=\"thumbnailUrl\" srcset=\"https:\/\/radiorevelacionfm.cl\/wp-content\/uploads\/2024\/09\/Laguna-San-Rafael-DT-1-1.jpg 800w, https:\/\/radiorevelacionfm.cl\/wp-content\/uploads\/2024\/09\/Laguna-San-Rafael-DT-1-1-300x225.jpg 300w, https:\/\/radiorevelacionfm.cl\/wp-content\/uploads\/2024\/09\/Laguna-San-Rafael-DT-1-1-768x576.jpg 768w, https:\/\/radiorevelacionfm.cl\/wp-content\/uploads\/2024\/09\/Laguna-San-Rafael-DT-1-1-705x529.jpg 705w, https:\/\/radiorevelacionfm.cl\/wp-content\/uploads\/2024\/09\/Laguna-San-Rafael-DT-1-1-450x338.jpg 450w, https:\/\/radiorevelacionfm.cl\/wp-content\/uploads\/2024\/09\/Laguna-San-Rafael-DT-1-1-600x450.jpg 600w\" sizes=\"(max-width: 800px) 100vw, 800px\" \/><\/div><\/div><\/div><\/div><div class=\"flex_column av_one_full  flex_column_div av-zero-column-padding first  avia-builder-el-2  el_after_av_one_full  el_before_av_one_full  column-top-margin\" style='border-radius:0px; '><section class=\"av_textblock_section \"  itemscope=\"itemscope\" itemtype=\"https:\/\/schema.org\/BlogPosting\" itemprop=\"blogPost\" ><div class='avia_textblock  '   itemprop=\"text\" ><p style=\"text-align: center;\"><strong><span style=\"font-size: 18pt;\">Proyecto Fic realiza taller sobre Laguna San Rafael y su impacto en el turismo sostenible de Ays\u00e9n<\/span><\/strong><\/p>\n<div id=\"gtx-trans\" style=\"position: absolute; left: -50px; top: 4.31534px;\">\n<div class=\"gtx-trans-icon\"><\/div>\n<\/div>\n<\/div><\/section><\/div><div class=\"flex_column av_one_full  flex_column_div av-zero-column-padding first  avia-builder-el-4  el_after_av_one_full  el_before_av_hr  column-top-margin\" style='border-radius:0px; '><section class=\"av_textblock_section \"  itemscope=\"itemscope\" itemtype=\"https:\/\/schema.org\/BlogPosting\" itemprop=\"blogPost\" ><div class='avia_textblock  '   itemprop=\"text\" ><p style=\"text-align: justify;\"><em>La actividad impulsada por Ciep y la Ilustre Municipalidad de Ays\u00e9n, busca generar un espacio de an\u00e1lisis sobre la designaci\u00f3n de este lugar como reserva de bi\u00f3sfera y su impacto en el desarrollo de un turismo sostenible en la comuna.\u00a0\u00a0\u00a0<\/em><\/p>\n<p style=\"text-align: justify;\">Conocer estrategias y pr\u00e1cticas que permiten promover un turismo sostenible asociado a\u00a0 Laguna San Rafael es el objetivo del taller \u00abPuesta en Valor de la Reserva de la Biosfera Laguna San Rafael y el Guayaneco: Impacto en el Turismo Sostenible de Puerto Ays\u00e9n\u00bb.<\/p>\n<p style=\"text-align: justify;\">La iniciativa, desarrollada en el marco del proyecto FIC \u00abEstudio de la resiliencia, sustentabilidad y valorizaci\u00f3n de la Reserva de la Bi\u00f3sfera LSR-G\u00bb, ejecutado por CIEP y financiado por el Gobierno Regional de Ays\u00e9n, busca poner en valor este relevante territorio de la regi\u00f3n. Mediante la realizaci\u00f3n de este encuentro, que contar\u00e1 con expositores p\u00fablicos y privados, se busca dar a conocer el patrimonio natural y cultural \u00fanico de la reserva de la biosfera Laguna San Rafael y el Guayaneco.<\/p>\n<p style=\"text-align: justify;\">Fabien Bourl\u00f3n, investigador residente de CIEP y director del proyecto, se\u00f1al\u00f3 que la instancia forma parte del trabajo que ha desarrollado durante todo el a\u00f1o una iniciativa que busca poner en valor la reserva de biosfera, una de las diez que existen en el pa\u00eds. \u00abHemos estado en todas las comunas que forman parte de esta receta de biosfera, principalmente con el objetivo de dar a conocer su relevancia y destacando su existencia, primero que nada, y el desarrollo de acciones en concordancia con los principios definidos internacionalmente con la UNESCO. La idea de este taller del 12 de septiembre es poder generar un espacio de intercambio de informaci\u00f3n y de experiencias destacables que permitan favorecer pr\u00e1cticas que promueven la conservaci\u00f3n natural y cultural y un turismo sostenible en sus tres dimensiones en este territorio de gran valor ambiental que ha sido reconocido internacionalmente\u00bb, destac\u00f3 el investigador del CIEP.<\/p>\n<p style=\"text-align: justify;\">Por su parte, desde el municipio de la localidad, Loreta Co\u00f1ecar, encargada de la Unidad de Turismo de la Ilustre Municipalidad de Ays\u00e9n destac\u00f3 la posibilidad de desarrollar un trabajo coordinado con CIEP para poder relevar la reserva de biosfera Laguna San Rafael. \u00abPara nosotros como municipio ha sido s\u00faper importante este trabajo colaborativo en conjunto con CIEP, que tiene como objetivo la puesta en valor de la reserva de la biosfera Laguna San Rafael y el Guayaneco, ya que nosotros contamos en la comuna con varios tour operadores que realizan actividades de turismo en esa zona y la verdad es que nosotros como tenemos esta reserva que es parte de nuestra comuna, no le damos la importancia, el realce que merece, para nosotros es s\u00faper importante tambi\u00e9n que en estas iniciativas como este taller que involucra a la comunidad, nosotros seamos un actor principal y un actor vinculante tambi\u00e9n entre CIEP y los operadores y tambi\u00e9n toda la industria del turismo y la comunidad en general obviamente que quiera involucrarse, que quiera conocer un poco m\u00e1s de este concepto y tambi\u00e9n de la importancia que significa el poder tener una reserva de la biosfera en nuestra comuna y en nuestra regi\u00f3n\u00bb, se\u00f1alaron desde el municipio.<\/p>\n<p style=\"text-align: justify;\">La actividad, abierta a todos las personas interesadas en la tem\u00e1tica, se desarrollar\u00e1 el pr\u00f3ximo jueves 12 de septiembre desde las 9:00 a 13:00 en la Casa de Cultura de Puerto Ays\u00e9n y reunir\u00e1 a expertos, emprendedores y participantes de la sociedad civil\u00a0 interesados en conocer las implicancia de su designaci\u00f3n como Reserva de Biosfera. Se presentar\u00e1 el trabajo que desarrolla Conaf en el Parque Nacional Laguna San Rafael, la importancia del monitoreo glaciar llevado desde la Direcci\u00f3n General de Aguas, la historia detr\u00e1s de esta designaci\u00f3n a partir de 1979 e dar pistas para avanzar hacia su mejor puesta en valor, para el beneficio de la comunidad y el desarrollo de un turismo m\u00e1s sostenible, acorde a la recientemente lanzada estrategia nacional de Sernatur.<\/p>\n<p style=\"text-align: justify;\">La actividad adem\u00e1s contar\u00e1 con la experiencia de la empresa Agua Hielo Expediciones, quienes compartir\u00e1n sus actividades en Laguna San Rafael y c\u00f3mo integran pr\u00e1cticas sostenibles en su oferta tur\u00edstica.<\/p>\n<p style=\"text-align: justify;\">Cabe se\u00f1alar que la realizaci\u00f3n de este taller forma parte de las actividades comprometidas en el proyecto FIC BIP 40049360-0 y fue elaborado de manera participativa por actores y actoras de la comuna que desarrolla actividades en Laguna San Rafael.<\/p>\n<p style=\"text-align: justify;\">Los interesados en participar de este taller pueden asistir directamente hasta la Casa de la Cultura de la comuna de Ays\u00e9n, o contactar al proyecto a trav\u00e9s del correo electr\u00f3nico: reservabiosferaaysen@gmail.com.<\/p>\n<\/div><\/section><\/div><div  style='height:50px' class='hr hr-invisible   avia-builder-el-6  el_after_av_one_full  el_before_av_social_share '><span class='hr-inner ' ><span class='hr-inner-style'><\/span><\/span><\/div><\/p>\n<div  class='av-social-sharing-box  avia-builder-el-7  el_after_av_hr  el_before_av_hr  '><div class='av-share-box'><h5 class='av-share-link-description av-no-toc '>Compartir esta noticia<\/h5><ul class='av-share-box-list noLightbox'><li class='av-share-link av-social-link-facebook' ><a target=\"_blank\" aria-label=\"Compartir en Facebook\" href='https:\/\/www.facebook.com\/sharer.php?u=https:\/\/radiorevelacionfm.cl\/?p=46014&#038;t=Proyecto%20Fic%20realiza%20taller%20sobre%20Laguna%20San%20Rafael%20y%20su%20impacto%20en%20el%20turismo%20sostenible%20de%20Ays%C3%A9n' aria-hidden='false' data-av_icon='\ue8f3' data-av_iconfont='entypo-fontello' title='' data-avia-related-tooltip='Compartir en Facebook' rel=\"noopener\"><span class='avia_hidden_link_text'>Compartir en Facebook<\/span><\/a><\/li><li class='av-share-link av-social-link-twitter' ><a target=\"_blank\" aria-label=\"Compartir en Twitter\" href='https:\/\/twitter.com\/share?text=Proyecto%20Fic%20realiza%20taller%20sobre%20Laguna%20San%20Rafael%20y%20su%20impacto%20en%20el%20turismo%20sostenible%20de%20Ays%C3%A9n&#038;url=https:\/\/radiorevelacionfm.cl\/?p=46014' aria-hidden='false' data-av_icon='\ue8f1' data-av_iconfont='entypo-fontello' title='' data-avia-related-tooltip='Compartir en Twitter' rel=\"noopener\"><span class='avia_hidden_link_text'>Compartir en Twitter<\/span><\/a><\/li><li class='av-share-link av-social-link-whatsapp' ><a target=\"_blank\" aria-label=\"Compartir en Whatsapp\" href='https:\/\/api.whatsapp.com\/send?text=https:\/\/radiorevelacionfm.cl\/?p=46014' aria-hidden='false' data-av_icon='\uf232' data-av_iconfont='entypo-fontello' title='' data-avia-related-tooltip='Compartir en Whatsapp' rel=\"noopener\"><span class='avia_hidden_link_text'>Compartir en Whatsapp<\/span><\/a><\/li><li class='av-share-link av-social-link-linkedin' ><a target=\"_blank\" aria-label=\"Compartir en LinkedIn\" href='https:\/\/linkedin.com\/shareArticle?mini=true&#038;title=Proyecto%20Fic%20realiza%20taller%20sobre%20Laguna%20San%20Rafael%20y%20su%20impacto%20en%20el%20turismo%20sostenible%20de%20Ays%C3%A9n&#038;url=https:\/\/radiorevelacionfm.cl\/?p=46014' aria-hidden='false' data-av_icon='\ue8fc' data-av_iconfont='entypo-fontello' title='' data-avia-related-tooltip='Compartir en LinkedIn' rel=\"noopener\"><span class='avia_hidden_link_text'>Compartir en LinkedIn<\/span><\/a><\/li><li class='av-share-link av-social-link-mail' ><a  aria-label=\"Compartir por correo\" href='mailto:?subject=Proyecto%20Fic%20realiza%20taller%20sobre%20Laguna%20San%20Rafael%20y%20su%20impacto%20en%20el%20turismo%20sostenible%20de%20Ays%C3%A9n&#038;body=https:\/\/radiorevelacionfm.cl\/?p=46014' aria-hidden='false' data-av_icon='\ue805' data-av_iconfont='entypo-fontello' title='' data-avia-related-tooltip='Compartir por correo'><span class='avia_hidden_link_text'>Compartir por correo<\/span><\/a><\/li><\/ul><\/div><\/div>\n<div  style='height:50px' class='hr hr-invisible   avia-builder-el-8  el_after_av_social_share  el_before_av_comments_list '><span class='hr-inner ' ><span class='hr-inner-style'><\/span><\/span><\/div>\n<div  class='av-buildercomment  av-blog-meta-html-info-disabled av-blog-meta-tag-disabled  '><\/div>\n","protected":false},"excerpt":{"rendered":"","protected":false},"author":1,"featured_media":46015,"comment_status":"open","ping_status":"open","sticky":false,"template":"","format":"standard","meta":{"footnotes":""},"categories":[38],"tags":[],"class_list":["post-46014","post","type-post","status-publish","format-standard","has-post-thumbnail","hentry","category-regional"],"jetpack_featured_media_url":"https:\/\/radiorevelacionfm.cl\/wp-content\/uploads\/2024\/09\/Laguna-San-Rafael-DT-1-1.jpg","_links":{"self":[{"href":"https:\/\/radiorevelacionfm.cl\/index.php?rest_route=\/wp\/v2\/posts\/46014","targetHints":{"allow":["GET"]}}],"collection":[{"href":"https:\/\/radiorevelacionfm.cl\/index.php?rest_route=\/wp\/v2\/posts"}],"about":[{"href":"https:\/\/radiorevelacionfm.cl\/index.php?rest_route=\/wp\/v2\/types\/post"}],"author":[{"embeddable":true,"href":"https:\/\/radiorevelacionfm.cl\/index.php?rest_route=\/wp\/v2\/users\/1"}],"replies":[{"embeddable":true,"href":"https:\/\/radiorevelacionfm.cl\/index.php?rest_route=%2Fwp%2Fv2%2Fcomments&post=46014"}],"version-history":[{"count":1,"href":"https:\/\/radiorevelacionfm.cl\/index.php?rest_route=\/wp\/v2\/posts\/46014\/revisions"}],"predecessor-version":[{"id":46016,"href":"https:\/\/radiorevelacionfm.cl\/index.php?rest_route=\/wp\/v2\/posts\/46014\/revisions\/46016"}],"wp:featuredmedia":[{"embeddable":true,"href":"https:\/\/radiorevelacionfm.cl\/index.php?rest_route=\/wp\/v2\/media\/46015"}],"wp:attachment":[{"href":"https:\/\/radiorevelacionfm.cl\/index.php?rest_route=%2Fwp%2Fv2%2Fmedia&parent=46014"}],"wp:term":[{"taxonomy":"category","embeddable":true,"href":"https:\/\/radiorevelacionfm.cl\/index.php?rest_route=%2Fwp%2Fv2%2Fcategories&post=46014"},{"taxonomy":"post_tag","embeddable":true,"href":"https:\/\/radiorevelacionfm.cl\/index.php?rest_route=%2Fwp%2Fv2%2Ftags&post=46014"}],"curies":[{"name":"wp","href":"https:\/\/api.w.org\/{rel}","templated":true}]}}