{"id":46011,"date":"2024-09-08T12:44:22","date_gmt":"2024-09-08T15:44:22","guid":{"rendered":"https:\/\/radiorevelacionfm.cl\/?p=46011"},"modified":"2024-09-08T12:44:22","modified_gmt":"2024-09-08T15:44:22","slug":"juventudes-celebran-su-mes-con-trekking-a-la-reserva-nacional-coyhaique","status":"publish","type":"post","link":"https:\/\/radiorevelacionfm.cl\/?p=46011","title":{"rendered":"Juventudes celebran su mes con trekking a la Reserva Nacional Coyhaique"},"content":{"rendered":"<div class=\"flex_column av_one_full  flex_column_div av-zero-column-padding first  avia-builder-el-0  el_before_av_one_full  avia-builder-el-first  \" style='border-radius:0px; '><div  class='avia-image-container  av-styling-    avia-builder-el-1  avia-builder-el-no-sibling  avia-align-center '  itemprop=\"image\" itemscope=\"itemscope\" itemtype=\"https:\/\/schema.org\/ImageObject\"  ><div class='avia-image-container-inner'><div class='avia-image-overlay-wrap'><img decoding=\"async\" class='wp-image-46012 avia-img-lazy-loading-not-46012 avia_image' src=\"https:\/\/radiorevelacionfm.cl\/wp-content\/uploads\/2024\/09\/foto-1-62-1_optimized-1.jpg\" alt='' title='foto-1-(62)-(1)_optimized (1)' height=\"600\" width=\"995\"  itemprop=\"thumbnailUrl\" srcset=\"https:\/\/radiorevelacionfm.cl\/wp-content\/uploads\/2024\/09\/foto-1-62-1_optimized-1.jpg 995w, https:\/\/radiorevelacionfm.cl\/wp-content\/uploads\/2024\/09\/foto-1-62-1_optimized-1-300x181.jpg 300w, https:\/\/radiorevelacionfm.cl\/wp-content\/uploads\/2024\/09\/foto-1-62-1_optimized-1-768x463.jpg 768w, https:\/\/radiorevelacionfm.cl\/wp-content\/uploads\/2024\/09\/foto-1-62-1_optimized-1-705x425.jpg 705w, https:\/\/radiorevelacionfm.cl\/wp-content\/uploads\/2024\/09\/foto-1-62-1_optimized-1-450x271.jpg 450w, https:\/\/radiorevelacionfm.cl\/wp-content\/uploads\/2024\/09\/foto-1-62-1_optimized-1-600x362.jpg 600w\" sizes=\"(max-width: 995px) 100vw, 995px\" \/><\/div><\/div><\/div><\/div><div class=\"flex_column av_one_full  flex_column_div av-zero-column-padding first  avia-builder-el-2  el_after_av_one_full  el_before_av_one_full  column-top-margin\" style='border-radius:0px; '><section class=\"av_textblock_section \"  itemscope=\"itemscope\" itemtype=\"https:\/\/schema.org\/BlogPosting\" itemprop=\"blogPost\" ><div class='avia_textblock  '   itemprop=\"text\" ><p style=\"text-align: center;\"><strong><span style=\"font-size: 18pt;\">Juventudes celebran su mes con trekking a la Reserva Nacional Coyhaique<\/span><\/strong><\/p>\n<div id=\"gtx-trans\" style=\"position: absolute; left: -50px; top: 4.31534px;\">\n<div class=\"gtx-trans-icon\"><\/div>\n<\/div>\n<\/div><\/section><\/div><div class=\"flex_column av_one_full  flex_column_div av-zero-column-padding first  avia-builder-el-4  el_after_av_one_full  el_before_av_hr  column-top-margin\" style='border-radius:0px; '><section class=\"av_textblock_section \"  itemscope=\"itemscope\" itemtype=\"https:\/\/schema.org\/BlogPosting\" itemprop=\"blogPost\" ><div class='avia_textblock  '   itemprop=\"text\" ><p style=\"text-align: justify;\">En el marco del Mes de las Juventudes y a trav\u00e9s del programa de auto cuidado y bienestar Hablemos de Todo, el Instituto Nacional de la Juventud, realiz\u00f3 un trekking con j\u00f3venes del Centro de Estudios Patagonia de Coyhaique. La iniciativa tuvo por objetivo vincular a las y los j\u00f3venes con el medio ambiente, de manera recreativa, promoviendo el deporte y la vida saludable.<\/p>\n<p style=\"text-align: justify;\">La actividad se llev\u00f3 a cabo con el apoyo de la Ilustre Municipalidad de Coyhaique, Subsecretar\u00eda de Prevenci\u00f3n del Delito y la Corporaci\u00f3n Nacional Forestal (CONAF),\u00a0 a trav\u00e9s de la Seremi de Agricultura de la regi\u00f3n, donde particip\u00f3 el Delegado Presidencial Regional, Rodrigo Araya Morales, Director Nacional de INJUV Chile, Juan Pablo Duhalde, Seremi de Agricultura Eugenio Ruiz Espinoza, Seremi de Deportes Mar\u00eda Eugenia Dur\u00e1n, Directora Regional de Senda, Victoria Contreras Lemus, Director Regional de INJUV Ays\u00e9n, Camilo Trivi\u00f1o Urtubia y profesores del Centro de Estudios Patagonia.<\/p>\n<p style=\"text-align: justify;\">El lugar escogido fue la Reserva Nacional Coyhaique, instancia donde las y los participantes acompa\u00f1ados tambi\u00e9n por la mascota oficial de los Juegos de la Araucan\u00eda Ays\u00e9n 2024 <em>Calafat\u00edn, <\/em>\u00a0conocieron la diversidad de la fauna y flora nativa de los diferentes senderos que recorrieron y la importancia de la biodiversidad y conservaci\u00f3n de las \u00e1reas silvestres protegidas.<\/p>\n<p style=\"text-align: justify;\">El ascenso al parque\u00a0 dur\u00f3 cerca de tres horas, las juventudes fueron acompa\u00f1adas \u00a0en todo momento por un gu\u00eda especialista en monta\u00f1a, quien fue el encargado de entregar todas las orientaciones necesarias para la correcta realizaci\u00f3n del trekking. Las y los j\u00f3venes compartieron entre ellos an\u00e9cdotas de la excursi\u00f3n,\u00a0 sacaron fotograf\u00edas del lugar y disfrutaron de la vista panor\u00e1mica que ofrece la Reserva Nacional Coyhaique.<\/p>\n<p style=\"text-align: justify;\">\u201cParticipar en actividades al aire libre es fundamental para la salud mental de las juventudes, ya que les permite desconectarse de las presiones cotidianas y el uso excesivo de dispositivos digitales. Estar en contacto con la naturaleza no solo reduce los niveles de estr\u00e9s y ansiedad, sino que tambi\u00e9n mejora el estado de \u00e1nimo y la autoestima. Adem\u00e1s, estas actividades fomentan la interacci\u00f3n social, promueven la actividad f\u00edsica y ofrecen un espacio seguro para la reflexi\u00f3n y la autorregulaci\u00f3n emocional. En un entorno natural, las juventudes pueden experimentar una sensaci\u00f3n de libertad y bienestar que es dif\u00edcil de replicar en ambientes cerrados, contribuyendo as\u00ed a su desarrollo integral y a la construcci\u00f3n de h\u00e1bitos saludables que perduren a lo largo de la vida\u201d, sostuvo el Director Regional de INJUV Ays\u00e9n, Camilo Trivi\u00f1o Urtubia.<\/p>\n<p style=\"text-align: justify;\">Gianella Zumelzu Soto, joven participante, indic\u00f3 que \u201cpersonalmente nunca hab\u00eda ido a la Reserva Nacional Coyhaique, me pareci\u00f3 una bonita la experiencia, lo pase s\u00faper bien junto a mis compa\u00f1eras y compa\u00f1eros, me gustar\u00eda que se siguieran haciendo este tipo de actividades porque son entretenidas y se conoce mejor la comuna\u201d.<\/p>\n<p style=\"text-align: justify;\">En tanto, Nicol\u00e1s Carvallo Arancibia, se\u00f1al\u00f3 que \u201cla experiencia fue buena, lo pase bien con mis compa\u00f1eros, compartimos arto y nos re\u00edmos mucho, aprendimos cosas nuevas de la flora y fauna del lugar. Ser\u00eda bueno que se siguieran realizando este tipo de actividades, quiz\u00e1s una buena idea ser\u00eda \u00a0que m\u00e1s estudiantes aprovechen el aire libre y las \u00e1reas silvestres protegidas\u201d.<\/p>\n<\/div><\/section><\/div><div  style='height:50px' class='hr hr-invisible   avia-builder-el-6  el_after_av_one_full  el_before_av_social_share '><span class='hr-inner ' ><span class='hr-inner-style'><\/span><\/span><\/div><\/p>\n<div  class='av-social-sharing-box  avia-builder-el-7  el_after_av_hr  el_before_av_hr  '><div class='av-share-box'><h5 class='av-share-link-description av-no-toc '>Compartir esta noticia<\/h5><ul class='av-share-box-list noLightbox'><li class='av-share-link av-social-link-facebook' ><a target=\"_blank\" aria-label=\"Compartir en Facebook\" href='https:\/\/www.facebook.com\/sharer.php?u=https:\/\/radiorevelacionfm.cl\/?p=46011&#038;t=Juventudes%20celebran%20su%20mes%20con%20trekking%20a%20la%20Reserva%20Nacional%20Coyhaique' aria-hidden='false' data-av_icon='\ue8f3' data-av_iconfont='entypo-fontello' title='' data-avia-related-tooltip='Compartir en Facebook' rel=\"noopener\"><span class='avia_hidden_link_text'>Compartir en Facebook<\/span><\/a><\/li><li class='av-share-link av-social-link-twitter' ><a target=\"_blank\" aria-label=\"Compartir en Twitter\" href='https:\/\/twitter.com\/share?text=Juventudes%20celebran%20su%20mes%20con%20trekking%20a%20la%20Reserva%20Nacional%20Coyhaique&#038;url=https:\/\/radiorevelacionfm.cl\/?p=46011' aria-hidden='false' data-av_icon='\ue8f1' data-av_iconfont='entypo-fontello' title='' data-avia-related-tooltip='Compartir en Twitter' rel=\"noopener\"><span class='avia_hidden_link_text'>Compartir en Twitter<\/span><\/a><\/li><li class='av-share-link av-social-link-whatsapp' ><a target=\"_blank\" aria-label=\"Compartir en Whatsapp\" href='https:\/\/api.whatsapp.com\/send?text=https:\/\/radiorevelacionfm.cl\/?p=46011' aria-hidden='false' data-av_icon='\uf232' data-av_iconfont='entypo-fontello' title='' data-avia-related-tooltip='Compartir en Whatsapp' rel=\"noopener\"><span class='avia_hidden_link_text'>Compartir en Whatsapp<\/span><\/a><\/li><li class='av-share-link av-social-link-linkedin' ><a target=\"_blank\" aria-label=\"Compartir en LinkedIn\" href='https:\/\/linkedin.com\/shareArticle?mini=true&#038;title=Juventudes%20celebran%20su%20mes%20con%20trekking%20a%20la%20Reserva%20Nacional%20Coyhaique&#038;url=https:\/\/radiorevelacionfm.cl\/?p=46011' aria-hidden='false' data-av_icon='\ue8fc' data-av_iconfont='entypo-fontello' title='' data-avia-related-tooltip='Compartir en LinkedIn' rel=\"noopener\"><span class='avia_hidden_link_text'>Compartir en LinkedIn<\/span><\/a><\/li><li class='av-share-link av-social-link-mail' ><a  aria-label=\"Compartir por correo\" href='mailto:?subject=Juventudes%20celebran%20su%20mes%20con%20trekking%20a%20la%20Reserva%20Nacional%20Coyhaique&#038;body=https:\/\/radiorevelacionfm.cl\/?p=46011' aria-hidden='false' data-av_icon='\ue805' data-av_iconfont='entypo-fontello' title='' data-avia-related-tooltip='Compartir por correo'><span class='avia_hidden_link_text'>Compartir por correo<\/span><\/a><\/li><\/ul><\/div><\/div>\n<div  style='height:50px' class='hr hr-invisible   avia-builder-el-8  el_after_av_social_share  el_before_av_comments_list '><span class='hr-inner ' ><span class='hr-inner-style'><\/span><\/span><\/div>\n<div  class='av-buildercomment  av-blog-meta-html-info-disabled av-blog-meta-tag-disabled  '><\/div>\n","protected":false},"excerpt":{"rendered":"","protected":false},"author":1,"featured_media":46012,"comment_status":"open","ping_status":"open","sticky":false,"template":"","format":"standard","meta":{"footnotes":""},"categories":[38],"tags":[],"class_list":["post-46011","post","type-post","status-publish","format-standard","has-post-thumbnail","hentry","category-regional"],"jetpack_featured_media_url":"https:\/\/radiorevelacionfm.cl\/wp-content\/uploads\/2024\/09\/foto-1-62-1_optimized-1.jpg","_links":{"self":[{"href":"https:\/\/radiorevelacionfm.cl\/index.php?rest_route=\/wp\/v2\/posts\/46011","targetHints":{"allow":["GET"]}}],"collection":[{"href":"https:\/\/radiorevelacionfm.cl\/index.php?rest_route=\/wp\/v2\/posts"}],"about":[{"href":"https:\/\/radiorevelacionfm.cl\/index.php?rest_route=\/wp\/v2\/types\/post"}],"author":[{"embeddable":true,"href":"https:\/\/radiorevelacionfm.cl\/index.php?rest_route=\/wp\/v2\/users\/1"}],"replies":[{"embeddable":true,"href":"https:\/\/radiorevelacionfm.cl\/index.php?rest_route=%2Fwp%2Fv2%2Fcomments&post=46011"}],"version-history":[{"count":1,"href":"https:\/\/radiorevelacionfm.cl\/index.php?rest_route=\/wp\/v2\/posts\/46011\/revisions"}],"predecessor-version":[{"id":46013,"href":"https:\/\/radiorevelacionfm.cl\/index.php?rest_route=\/wp\/v2\/posts\/46011\/revisions\/46013"}],"wp:featuredmedia":[{"embeddable":true,"href":"https:\/\/radiorevelacionfm.cl\/index.php?rest_route=\/wp\/v2\/media\/46012"}],"wp:attachment":[{"href":"https:\/\/radiorevelacionfm.cl\/index.php?rest_route=%2Fwp%2Fv2%2Fmedia&parent=46011"}],"wp:term":[{"taxonomy":"category","embeddable":true,"href":"https:\/\/radiorevelacionfm.cl\/index.php?rest_route=%2Fwp%2Fv2%2Fcategories&post=46011"},{"taxonomy":"post_tag","embeddable":true,"href":"https:\/\/radiorevelacionfm.cl\/index.php?rest_route=%2Fwp%2Fv2%2Ftags&post=46011"}],"curies":[{"name":"wp","href":"https:\/\/api.w.org\/{rel}","templated":true}]}}