{"id":4601,"date":"2021-05-27T18:52:12","date_gmt":"2021-05-27T21:52:12","guid":{"rendered":"https:\/\/radiorevelacionfm.cl\/?p=4601"},"modified":"2021-05-27T18:52:12","modified_gmt":"2021-05-27T21:52:12","slug":"calisto-resalta-avance-legislativo-de-proyecto-que-declara-feriado-el-24-de-junio-para-celebrar-a-los-pueblos-indigenas","status":"publish","type":"post","link":"https:\/\/radiorevelacionfm.cl\/?p=4601","title":{"rendered":"Calisto resalta avance legislativo de proyecto que declara feriado el 24 de junio para celebrar a los pueblos ind\u00edgenas"},"content":{"rendered":"<div class=\"flex_column av_one_full  flex_column_div av-zero-column-padding first  avia-builder-el-0  el_before_av_one_full  avia-builder-el-first  \" style='border-radius:0px; '><div  class='avia-image-container  av-styling-    avia-builder-el-1  avia-builder-el-no-sibling  avia-align-center '  itemprop=\"image\" itemscope=\"itemscope\" itemtype=\"https:\/\/schema.org\/ImageObject\"  ><div class='avia-image-container-inner'><div class='avia-image-overlay-wrap'><img decoding=\"async\" class='wp-image-4602 avia-img-lazy-loading-not-4602 avia_image' src=\"https:\/\/radiorevelacionfm.cl\/wp-content\/uploads\/2021\/05\/CALISTO_ARCHIVO-PUEBLOS-ORIGINARIOS1-1.jpg\" alt='' title='CALISTO_ARCHIVO PUEBLOS ORIGINARIOS1 (1)' height=\"631\" width=\"959\"  itemprop=\"thumbnailUrl\" srcset=\"https:\/\/radiorevelacionfm.cl\/wp-content\/uploads\/2021\/05\/CALISTO_ARCHIVO-PUEBLOS-ORIGINARIOS1-1.jpg 959w, https:\/\/radiorevelacionfm.cl\/wp-content\/uploads\/2021\/05\/CALISTO_ARCHIVO-PUEBLOS-ORIGINARIOS1-1-300x197.jpg 300w, https:\/\/radiorevelacionfm.cl\/wp-content\/uploads\/2021\/05\/CALISTO_ARCHIVO-PUEBLOS-ORIGINARIOS1-1-768x505.jpg 768w, https:\/\/radiorevelacionfm.cl\/wp-content\/uploads\/2021\/05\/CALISTO_ARCHIVO-PUEBLOS-ORIGINARIOS1-1-705x464.jpg 705w, https:\/\/radiorevelacionfm.cl\/wp-content\/uploads\/2021\/05\/CALISTO_ARCHIVO-PUEBLOS-ORIGINARIOS1-1-600x395.jpg 600w\" sizes=\"(max-width: 959px) 100vw, 959px\" \/><\/div><\/div><\/div><\/div><div class=\"flex_column av_one_full  flex_column_div av-zero-column-padding first  avia-builder-el-2  el_after_av_one_full  el_before_av_one_full  column-top-margin\" style='border-radius:0px; '><section class=\"av_textblock_section \"  itemscope=\"itemscope\" itemtype=\"https:\/\/schema.org\/BlogPosting\" itemprop=\"blogPost\" ><div class='avia_textblock  '   itemprop=\"text\" ><p style=\"text-align: center;\"><strong><span style=\"font-size: 18pt;\">Calisto resalta avance legislativo de proyecto que declara feriado el 24 de junio para celebrar a los pueblos ind\u00edgenas<\/span><\/strong><\/p>\n<div id=\"gtx-trans\" style=\"position: absolute; left: -50px; top: 4.31534px;\">\n<div class=\"gtx-trans-icon\"><\/div>\n<\/div>\n<\/div><\/section><\/div><div class=\"flex_column av_one_full  flex_column_div av-zero-column-padding first  avia-builder-el-4  el_after_av_one_full  el_before_av_hr  column-top-margin\" style='border-radius:0px; '><section class=\"av_textblock_section \"  itemscope=\"itemscope\" itemtype=\"https:\/\/schema.org\/BlogPosting\" itemprop=\"blogPost\" ><div class='avia_textblock  '   itemprop=\"text\" ><p style=\"font-weight: 400; text-align: justify;\">Como un gran paso calific\u00f3 el diputado Miguel \u00c1ngel Calisto el avance legislativo del proyecto que establece como feriado el 24 de junio para celebrar el d\u00eda de los pueblos originarios, iniciativa que a juicio del parlamentario \u201ces un \u00a0merecido reconocimiento, especialmente en nuestra regi\u00f3n donde hay mucha poblaci\u00f3n con descendencia ind\u00edgena\u201d.<\/p>\n<p style=\"font-weight: 400; text-align: justify;\">Seg\u00fan el legislador, \u201cdespu\u00e9s de una tramitaci\u00f3n expedita, logramos sacar adelante el proyecto que declara el d\u00eda 24 de junio como feriado donde vamos a celebrar a los pueblos ind\u00edgenas de nuestro pa\u00eds. Hay que considerar que nuestra regi\u00f3n es la tercera con mayor presencia de poblaci\u00f3n ind\u00edgena, estamos hablando de un 28,7%, lo que sin duda representa el sentido de pertenencia que tenemos lo ayseninos con nuestros pueblos originarios\u201d.<\/p>\n<p style=\"font-weight: 400; text-align: justify;\">\u201cPor estos motivos, era tan urgente tener un d\u00eda especial donde tambi\u00e9n las comunidades puedan realizar sus actividades, y en el caso de la gente del pueblo Mapuche, celebrar el We Tripantu, un d\u00eda sagrado donde se conmemora el inicio de un nuevo a\u00f1o\u201d, indic\u00f3.<\/p>\n<p style=\"font-weight: 400; text-align: justify;\">Calisto agreg\u00f3 que \u201cel proyecto original eliminaba el feriado del 29 de junio, D\u00eda de San Pedro y San Pablo, para reemplazarlo por esta nueva conmemoraci\u00f3n. Pero finalmente, aprobamos mantener este feriado y en reemplazo, eliminar el 12 de octubre, cambio que ahora deber\u00e1 ser debatido en el Senado en tercer tr\u00e1mite\u201d.<\/p>\n<p style=\"font-weight: 400; text-align: justify;\">Por su parte, Juan V\u00e1squez, de la asociaci\u00f3n Mapuche We Folil, indic\u00f3 que \u201ccreo que estamos viviendo un tiempo donde se reconoce que estamos viviendo en una sociedad plural, y en este pluralismo estamos reconociendo la existencia de los pueblos originarios. Recordemos que la ley ind\u00edgena reconoce a diez pueblos originarios, m\u00e1s lo afrodescendientes\u201d.<\/p>\n<p style=\"font-weight: 400; text-align: justify;\">\u201cEsta es una fecha muy importante para los pueblos ind\u00edgenas en nuestro pa\u00eds. Para los Aysmara calza con la celebraci\u00f3n del Machak Mara, para los Quechua el Intir Reima y para los Mapuche el we Tripantu, la nueva salida del Sol, el a\u00f1o nuevo. Para los chilenos tambi\u00e9n es la Noche de San Juan, que es la noche m\u00e1s larga y el d\u00eda m\u00e1s corto\u201d, afirm\u00f3.<\/p>\n<p style=\"font-weight: 400; text-align: justify;\">Con respecto a lo que simboliza este d\u00eda, V\u00e1squez se\u00f1al\u00f3 que \u201cesta celebraci\u00f3n simboliza el nuevo ciclo lunar, y a la esperanza, porque desde ese d\u00eda los d\u00edas ser\u00e1n m\u00e1s largos, van a ir avanzando, como una zancada de gallo como dec\u00edan los viejos Mapuche antiguamente\u201d.<\/p>\n<p style=\"text-align: justify;\"><span style=\"font-weight: 400;\">Finalmente, el dirigente ind\u00edgena se\u00f1al\u00f3 que \u201cesta legislaci\u00f3n viene aparejada de lo que hoy vemos en la Convenci\u00f3n Constitucional, con respecto a la aparici\u00f3n de los esca\u00f1os reservamos para los Pueblos Originarios. Es muy importante este feriado, es claramente un reconocimiento, un avance en estos 210 a\u00f1os de existencia del Estado\u201d.\u00a0<\/span><\/p>\n<\/div><\/section><\/div><div  style='height:50px' class='hr hr-invisible   avia-builder-el-6  el_after_av_one_full  el_before_av_social_share '><span class='hr-inner ' ><span class='hr-inner-style'><\/span><\/span><\/div><\/p>\n<div  class='av-social-sharing-box  avia-builder-el-7  el_after_av_hr  el_before_av_hr  '><div class='av-share-box'><h5 class='av-share-link-description av-no-toc '>Compartir esta noticia<\/h5><ul class='av-share-box-list noLightbox'><li class='av-share-link av-social-link-facebook' ><a target=\"_blank\" aria-label=\"Compartir en Facebook\" href='https:\/\/www.facebook.com\/sharer.php?u=https:\/\/radiorevelacionfm.cl\/?p=4601&#038;t=Calisto%20resalta%20avance%20legislativo%20de%20proyecto%20que%20declara%20feriado%20el%2024%20de%20junio%20para%20celebrar%20a%20los%20pueblos%20ind%C3%ADgenas' aria-hidden='false' data-av_icon='\ue8f3' data-av_iconfont='entypo-fontello' title='' data-avia-related-tooltip='Compartir en Facebook' rel=\"noopener\"><span class='avia_hidden_link_text'>Compartir en Facebook<\/span><\/a><\/li><li class='av-share-link av-social-link-twitter' ><a target=\"_blank\" aria-label=\"Compartir en Twitter\" href='https:\/\/twitter.com\/share?text=Calisto%20resalta%20avance%20legislativo%20de%20proyecto%20que%20declara%20feriado%20el%2024%20de%20junio%20para%20celebrar%20a%20los%20pueblos%20ind%C3%ADgenas&#038;url=https:\/\/radiorevelacionfm.cl\/?p=4601' aria-hidden='false' data-av_icon='\ue8f1' data-av_iconfont='entypo-fontello' title='' data-avia-related-tooltip='Compartir en Twitter' rel=\"noopener\"><span class='avia_hidden_link_text'>Compartir en Twitter<\/span><\/a><\/li><li class='av-share-link av-social-link-whatsapp' ><a target=\"_blank\" aria-label=\"Compartir en Whatsapp\" href='https:\/\/api.whatsapp.com\/send?text=https:\/\/radiorevelacionfm.cl\/?p=4601' aria-hidden='false' data-av_icon='\uf232' data-av_iconfont='entypo-fontello' title='' data-avia-related-tooltip='Compartir en Whatsapp' rel=\"noopener\"><span class='avia_hidden_link_text'>Compartir en Whatsapp<\/span><\/a><\/li><li class='av-share-link av-social-link-linkedin' ><a target=\"_blank\" aria-label=\"Compartir en LinkedIn\" href='https:\/\/linkedin.com\/shareArticle?mini=true&#038;title=Calisto%20resalta%20avance%20legislativo%20de%20proyecto%20que%20declara%20feriado%20el%2024%20de%20junio%20para%20celebrar%20a%20los%20pueblos%20ind%C3%ADgenas&#038;url=https:\/\/radiorevelacionfm.cl\/?p=4601' aria-hidden='false' data-av_icon='\ue8fc' data-av_iconfont='entypo-fontello' title='' data-avia-related-tooltip='Compartir en LinkedIn' rel=\"noopener\"><span class='avia_hidden_link_text'>Compartir en LinkedIn<\/span><\/a><\/li><li class='av-share-link av-social-link-mail' ><a  aria-label=\"Compartir por correo\" href='mailto:?subject=Calisto%20resalta%20avance%20legislativo%20de%20proyecto%20que%20declara%20feriado%20el%2024%20de%20junio%20para%20celebrar%20a%20los%20pueblos%20ind%C3%ADgenas&#038;body=https:\/\/radiorevelacionfm.cl\/?p=4601' aria-hidden='false' data-av_icon='\ue805' data-av_iconfont='entypo-fontello' title='' data-avia-related-tooltip='Compartir por correo'><span class='avia_hidden_link_text'>Compartir por correo<\/span><\/a><\/li><\/ul><\/div><\/div>\n<div  style='height:50px' class='hr hr-invisible   avia-builder-el-8  el_after_av_social_share  el_before_av_comments_list '><span class='hr-inner ' ><span class='hr-inner-style'><\/span><\/span><\/div>\n<div  class='av-buildercomment  av-blog-meta-html-info-disabled av-blog-meta-tag-disabled  '><\/div>\n","protected":false},"excerpt":{"rendered":"","protected":false},"author":1,"featured_media":4602,"comment_status":"open","ping_status":"open","sticky":false,"template":"","format":"standard","meta":{"footnotes":""},"categories":[35],"tags":[],"class_list":["post-4601","post","type-post","status-publish","format-standard","has-post-thumbnail","hentry","category-politica"],"jetpack_featured_media_url":"https:\/\/radiorevelacionfm.cl\/wp-content\/uploads\/2021\/05\/CALISTO_ARCHIVO-PUEBLOS-ORIGINARIOS1-1.jpg","_links":{"self":[{"href":"https:\/\/radiorevelacionfm.cl\/index.php?rest_route=\/wp\/v2\/posts\/4601","targetHints":{"allow":["GET"]}}],"collection":[{"href":"https:\/\/radiorevelacionfm.cl\/index.php?rest_route=\/wp\/v2\/posts"}],"about":[{"href":"https:\/\/radiorevelacionfm.cl\/index.php?rest_route=\/wp\/v2\/types\/post"}],"author":[{"embeddable":true,"href":"https:\/\/radiorevelacionfm.cl\/index.php?rest_route=\/wp\/v2\/users\/1"}],"replies":[{"embeddable":true,"href":"https:\/\/radiorevelacionfm.cl\/index.php?rest_route=%2Fwp%2Fv2%2Fcomments&post=4601"}],"version-history":[{"count":1,"href":"https:\/\/radiorevelacionfm.cl\/index.php?rest_route=\/wp\/v2\/posts\/4601\/revisions"}],"predecessor-version":[{"id":4603,"href":"https:\/\/radiorevelacionfm.cl\/index.php?rest_route=\/wp\/v2\/posts\/4601\/revisions\/4603"}],"wp:featuredmedia":[{"embeddable":true,"href":"https:\/\/radiorevelacionfm.cl\/index.php?rest_route=\/wp\/v2\/media\/4602"}],"wp:attachment":[{"href":"https:\/\/radiorevelacionfm.cl\/index.php?rest_route=%2Fwp%2Fv2%2Fmedia&parent=4601"}],"wp:term":[{"taxonomy":"category","embeddable":true,"href":"https:\/\/radiorevelacionfm.cl\/index.php?rest_route=%2Fwp%2Fv2%2Fcategories&post=4601"},{"taxonomy":"post_tag","embeddable":true,"href":"https:\/\/radiorevelacionfm.cl\/index.php?rest_route=%2Fwp%2Fv2%2Ftags&post=4601"}],"curies":[{"name":"wp","href":"https:\/\/api.w.org\/{rel}","templated":true}]}}