{"id":46007,"date":"2024-09-07T23:01:53","date_gmt":"2024-09-08T02:01:53","guid":{"rendered":"https:\/\/radiorevelacionfm.cl\/?p=46007"},"modified":"2024-09-07T23:05:48","modified_gmt":"2024-09-08T02:05:48","slug":"puerto-aysen-devastador-incendio-consumio-tradicional-casa-laibe-con-mas-de-60-anos-de-historia","status":"publish","type":"post","link":"https:\/\/radiorevelacionfm.cl\/?p=46007","title":{"rendered":"Puerto Ays\u00e9n: Devastador incendio destruy\u00f3 tradicional \u00abCasa Laibe\u00bb con m\u00e1s de 60 a\u00f1os de historia"},"content":{"rendered":"<div class=\"flex_column av_one_full  flex_column_div av-zero-column-padding first  avia-builder-el-0  el_before_av_one_full  avia-builder-el-first  \" style='border-radius:0px; '><div  class='avia-image-container  av-styling-    avia-builder-el-1  avia-builder-el-no-sibling  avia-align-center '  itemprop=\"image\" itemscope=\"itemscope\" itemtype=\"https:\/\/schema.org\/ImageObject\"  ><div class='avia-image-container-inner'><div class='avia-image-overlay-wrap'><img decoding=\"async\" class='wp-image-46008 avia-img-lazy-loading-not-46008 avia_image' src=\"https:\/\/radiorevelacionfm.cl\/wp-content\/uploads\/2024\/09\/image-2024-09-07T220211.391-1.jpg\" alt='' title='image - 2024-09-07T220211.391 (1)' height=\"635\" width=\"800\"  itemprop=\"thumbnailUrl\" srcset=\"https:\/\/radiorevelacionfm.cl\/wp-content\/uploads\/2024\/09\/image-2024-09-07T220211.391-1.jpg 800w, https:\/\/radiorevelacionfm.cl\/wp-content\/uploads\/2024\/09\/image-2024-09-07T220211.391-1-300x238.jpg 300w, https:\/\/radiorevelacionfm.cl\/wp-content\/uploads\/2024\/09\/image-2024-09-07T220211.391-1-768x610.jpg 768w, https:\/\/radiorevelacionfm.cl\/wp-content\/uploads\/2024\/09\/image-2024-09-07T220211.391-1-705x560.jpg 705w, https:\/\/radiorevelacionfm.cl\/wp-content\/uploads\/2024\/09\/image-2024-09-07T220211.391-1-450x357.jpg 450w, https:\/\/radiorevelacionfm.cl\/wp-content\/uploads\/2024\/09\/image-2024-09-07T220211.391-1-600x476.jpg 600w\" sizes=\"(max-width: 800px) 100vw, 800px\" \/><\/div><\/div><\/div><\/div>\n<div class=\"flex_column av_one_full  flex_column_div av-zero-column-padding first  avia-builder-el-2  el_after_av_one_full  el_before_av_one_full  column-top-margin\" style='border-radius:0px; '><section class=\"av_textblock_section \"  itemscope=\"itemscope\" itemtype=\"https:\/\/schema.org\/BlogPosting\" itemprop=\"blogPost\" ><div class='avia_textblock  '   itemprop=\"text\" ><p style=\"text-align: center;\"><strong><span style=\"font-size: 18pt;\">Puerto Ays\u00e9n: Devastador incendio destruy\u00f3 tradicional \u00abCasa Laibe\u00bb con m\u00e1s de 60 a\u00f1os de historia<\/span><\/strong><\/p>\n<div id=\"gtx-trans\" style=\"position: absolute; left: -50px; top: 4.31534px;\">\n<div class=\"gtx-trans-icon\"><\/div>\n<\/div>\n<\/div><\/section><\/div><div class=\"flex_column av_one_full  flex_column_div av-zero-column-padding first  avia-builder-el-4  el_after_av_one_full  el_before_av_hr  column-top-margin\" style='border-radius:0px; '><section class=\"av_textblock_section \"  itemscope=\"itemscope\" itemtype=\"https:\/\/schema.org\/BlogPosting\" itemprop=\"blogPost\" ><div class='avia_textblock  '   itemprop=\"text\" ><p style=\"text-align: justify;\">Cerca de las 22:50 horas de este viernes 06 de septiembre 2024, se activ\u00f3 el ABC de la Emergencia en la ciudad de Puerto Ays\u00e9n, la alarma daba cuenta de un incendio en la calle Sargento Aldea de la ciudad, espec\u00edficamente en \u00abCasa Laibe\u00bb, una tradicional casona con m\u00e1s de 60 a\u00f1os de historia.<\/p>\n<p style=\"text-align: justify;\">Las tres Compa\u00f1\u00edas de Bomberos acudieron al llamado para combatir el voraz incendio que destruy\u00f3 gran parte del local comercial y casa habitaci\u00f3n de la familia Laibe, que logr\u00f3 escapar del fuego. Personal de Bomberos trabaj\u00f3 intensamente para controlar el siniestro y evitar que se propagara a locales colindantes, donde adem\u00e1s se ubica una cadena de farmacias.<\/p>\n<p style=\"text-align: justify;\">La emergencia dej\u00f3 a un bombero con lesiones de car\u00e1cter reservado, en el rostro.<\/p>\n<p style=\"text-align: justify;\">Durante la presente jornada y a trav\u00e9s de un comunicado la familia Laibe expres\u00f3, \u00abAnoche Vivimos una experiencia devastadora: un incendio consumi\u00f3 por completo nuestro negocio y hogar, Casa Laibe, donde hemos habitado como familia por m\u00e1s de 60 a\u00f1os. Sin embargo, queremos agradecer profundamente a las decenas de personas que nos acompa\u00f1aron en esos duros momentos: amigos, familiares y trabajadores de Casa Laibe, gracias a su apoyo pudimos rescatar nuestras pertenencias m\u00e1s valiosas, aunque la casa y la tienda fueron destruidas.<\/p>\n<p style=\"text-align: justify;\">Queremos reconocer especialmente a los trabajadores de Cruz Verde, que colaboraron incansablemente, al personal de Bomberos, quienes hicieron todos los esfuerzos posibles por controlar el fuego, incluso cuando revivi\u00f3 cerca de las 6 a.m., y a Carabineros, quienes nos brindaron su apoyo durante toda la noche. A todos y cada uno de ustedes, much\u00edsimas gracias.<\/p>\n<p style=\"text-align: justify;\">Adem\u00e1s, queremos expresar nuestra profunda gratitud por las innumerables muestras de cari\u00f1o y solidaridad que hemos recibido, desde todas partes. Tambi\u00e9n agradecemos a quienes nos han ayudado desde anoche en la ardua tarea de limpiar los escombros. Por ahora, contamos con manos suficientes, pero les mantendremos informados de cualquier necesidad en los d\u00edas que vienen.<\/p>\n<p style=\"text-align: justify;\">Sabemos que se avecinan tiempos dif\u00edciles, pero como familia y con el apoyo de nuestra comunidad aysenina, estamos seguros de que saldremos adelante. Con inmensa gratitud, Familia Laibe S\u00e1ez, cierra el comunicado.<\/p>\n<p>Las causas de este siniestro son materia de investigaci\u00f3n y se est\u00e1 a la espera del informe de Bomberos.<\/p>\n<\/div><\/section><\/div><\/p>\n<div  style='height:50px' class='hr hr-invisible   avia-builder-el-6  el_after_av_one_full  el_before_av_social_share '><span class='hr-inner ' ><span class='hr-inner-style'><\/span><\/span><\/div>\n<div  class='av-social-sharing-box  avia-builder-el-7  el_after_av_hr  el_before_av_hr  '><div class='av-share-box'><h5 class='av-share-link-description av-no-toc '>Compartir esta noticia<\/h5><ul class='av-share-box-list noLightbox'><li class='av-share-link av-social-link-facebook' ><a target=\"_blank\" aria-label=\"Compartir en Facebook\" href='https:\/\/www.facebook.com\/sharer.php?u=https:\/\/radiorevelacionfm.cl\/?p=46007&#038;t=Puerto%20Ays%C3%A9n%3A%20Devastador%20incendio%20destruy%C3%B3%20tradicional%20%C2%ABCasa%20Laibe%C2%BB%20con%20m%C3%A1s%20de%2060%20a%C3%B1os%20de%20historia' aria-hidden='false' data-av_icon='\ue8f3' data-av_iconfont='entypo-fontello' title='' data-avia-related-tooltip='Compartir en Facebook' rel=\"noopener\"><span class='avia_hidden_link_text'>Compartir en Facebook<\/span><\/a><\/li><li class='av-share-link av-social-link-twitter' ><a target=\"_blank\" aria-label=\"Compartir en Twitter\" href='https:\/\/twitter.com\/share?text=Puerto%20Ays%C3%A9n%3A%20Devastador%20incendio%20destruy%C3%B3%20tradicional%20%C2%ABCasa%20Laibe%C2%BB%20con%20m%C3%A1s%20de%2060%20a%C3%B1os%20de%20historia&#038;url=https:\/\/radiorevelacionfm.cl\/?p=46007' aria-hidden='false' data-av_icon='\ue8f1' data-av_iconfont='entypo-fontello' title='' data-avia-related-tooltip='Compartir en Twitter' rel=\"noopener\"><span class='avia_hidden_link_text'>Compartir en Twitter<\/span><\/a><\/li><li class='av-share-link av-social-link-whatsapp' ><a target=\"_blank\" aria-label=\"Compartir en Whatsapp\" href='https:\/\/api.whatsapp.com\/send?text=https:\/\/radiorevelacionfm.cl\/?p=46007' aria-hidden='false' data-av_icon='\uf232' data-av_iconfont='entypo-fontello' title='' data-avia-related-tooltip='Compartir en Whatsapp' rel=\"noopener\"><span class='avia_hidden_link_text'>Compartir en Whatsapp<\/span><\/a><\/li><li class='av-share-link av-social-link-linkedin' ><a target=\"_blank\" aria-label=\"Compartir en LinkedIn\" href='https:\/\/linkedin.com\/shareArticle?mini=true&#038;title=Puerto%20Ays%C3%A9n%3A%20Devastador%20incendio%20destruy%C3%B3%20tradicional%20%C2%ABCasa%20Laibe%C2%BB%20con%20m%C3%A1s%20de%2060%20a%C3%B1os%20de%20historia&#038;url=https:\/\/radiorevelacionfm.cl\/?p=46007' aria-hidden='false' data-av_icon='\ue8fc' data-av_iconfont='entypo-fontello' title='' data-avia-related-tooltip='Compartir en LinkedIn' rel=\"noopener\"><span class='avia_hidden_link_text'>Compartir en LinkedIn<\/span><\/a><\/li><li class='av-share-link av-social-link-mail' ><a  aria-label=\"Compartir por correo\" href='mailto:?subject=Puerto%20Ays%C3%A9n%3A%20Devastador%20incendio%20destruy%C3%B3%20tradicional%20%C2%ABCasa%20Laibe%C2%BB%20con%20m%C3%A1s%20de%2060%20a%C3%B1os%20de%20historia&#038;body=https:\/\/radiorevelacionfm.cl\/?p=46007' aria-hidden='false' data-av_icon='\ue805' data-av_iconfont='entypo-fontello' title='' data-avia-related-tooltip='Compartir por correo'><span class='avia_hidden_link_text'>Compartir por correo<\/span><\/a><\/li><\/ul><\/div><\/div>\n<div  style='height:50px' class='hr hr-invisible   avia-builder-el-8  el_after_av_social_share  el_before_av_comments_list '><span class='hr-inner ' ><span class='hr-inner-style'><\/span><\/span><\/div>\n<div  class='av-buildercomment  av-blog-meta-html-info-disabled av-blog-meta-tag-disabled  '><\/div>\n","protected":false},"excerpt":{"rendered":"","protected":false},"author":1,"featured_media":46008,"comment_status":"open","ping_status":"open","sticky":false,"template":"","format":"standard","meta":{"footnotes":""},"categories":[38],"tags":[],"class_list":["post-46007","post","type-post","status-publish","format-standard","has-post-thumbnail","hentry","category-regional"],"jetpack_featured_media_url":"https:\/\/radiorevelacionfm.cl\/wp-content\/uploads\/2024\/09\/image-2024-09-07T220211.391-1.jpg","_links":{"self":[{"href":"https:\/\/radiorevelacionfm.cl\/index.php?rest_route=\/wp\/v2\/posts\/46007","targetHints":{"allow":["GET"]}}],"collection":[{"href":"https:\/\/radiorevelacionfm.cl\/index.php?rest_route=\/wp\/v2\/posts"}],"about":[{"href":"https:\/\/radiorevelacionfm.cl\/index.php?rest_route=\/wp\/v2\/types\/post"}],"author":[{"embeddable":true,"href":"https:\/\/radiorevelacionfm.cl\/index.php?rest_route=\/wp\/v2\/users\/1"}],"replies":[{"embeddable":true,"href":"https:\/\/radiorevelacionfm.cl\/index.php?rest_route=%2Fwp%2Fv2%2Fcomments&post=46007"}],"version-history":[{"count":2,"href":"https:\/\/radiorevelacionfm.cl\/index.php?rest_route=\/wp\/v2\/posts\/46007\/revisions"}],"predecessor-version":[{"id":46010,"href":"https:\/\/radiorevelacionfm.cl\/index.php?rest_route=\/wp\/v2\/posts\/46007\/revisions\/46010"}],"wp:featuredmedia":[{"embeddable":true,"href":"https:\/\/radiorevelacionfm.cl\/index.php?rest_route=\/wp\/v2\/media\/46008"}],"wp:attachment":[{"href":"https:\/\/radiorevelacionfm.cl\/index.php?rest_route=%2Fwp%2Fv2%2Fmedia&parent=46007"}],"wp:term":[{"taxonomy":"category","embeddable":true,"href":"https:\/\/radiorevelacionfm.cl\/index.php?rest_route=%2Fwp%2Fv2%2Fcategories&post=46007"},{"taxonomy":"post_tag","embeddable":true,"href":"https:\/\/radiorevelacionfm.cl\/index.php?rest_route=%2Fwp%2Fv2%2Ftags&post=46007"}],"curies":[{"name":"wp","href":"https:\/\/api.w.org\/{rel}","templated":true}]}}