{"id":46004,"date":"2024-09-07T22:16:21","date_gmt":"2024-09-08T01:16:21","guid":{"rendered":"https:\/\/radiorevelacionfm.cl\/?p=46004"},"modified":"2024-09-07T22:16:21","modified_gmt":"2024-09-08T01:16:21","slug":"fiestas-patrias-2024-cual-es-la-forma-correcta-de-colocar-la-bandera-chilena","status":"publish","type":"post","link":"https:\/\/radiorevelacionfm.cl\/?p=46004","title":{"rendered":"Fiestas Patrias 2024: \u00bfCu\u00e1l es la forma correcta de colocar la bandera chilena?"},"content":{"rendered":"<div class=\"flex_column av_one_full  flex_column_div av-zero-column-padding first  avia-builder-el-0  el_before_av_one_full  avia-builder-el-first  \" style='border-radius:0px; '><div  class='avia-image-container  av-styling-    avia-builder-el-1  avia-builder-el-no-sibling  avia-align-center '  itemprop=\"image\" itemscope=\"itemscope\" itemtype=\"https:\/\/schema.org\/ImageObject\"  ><div class='avia-image-container-inner'><div class='avia-image-overlay-wrap'><img decoding=\"async\" class='wp-image-46005 avia-img-lazy-loading-not-46005 avia_image' src=\"https:\/\/radiorevelacionfm.cl\/wp-content\/uploads\/2024\/09\/Uso-correcto-de-la-bandera-1-1.jpg\" alt='' title='Uso correcto de la bandera (1) (1)' height=\"600\" width=\"889\"  itemprop=\"thumbnailUrl\" srcset=\"https:\/\/radiorevelacionfm.cl\/wp-content\/uploads\/2024\/09\/Uso-correcto-de-la-bandera-1-1.jpg 889w, https:\/\/radiorevelacionfm.cl\/wp-content\/uploads\/2024\/09\/Uso-correcto-de-la-bandera-1-1-300x202.jpg 300w, https:\/\/radiorevelacionfm.cl\/wp-content\/uploads\/2024\/09\/Uso-correcto-de-la-bandera-1-1-768x518.jpg 768w, https:\/\/radiorevelacionfm.cl\/wp-content\/uploads\/2024\/09\/Uso-correcto-de-la-bandera-1-1-705x476.jpg 705w, https:\/\/radiorevelacionfm.cl\/wp-content\/uploads\/2024\/09\/Uso-correcto-de-la-bandera-1-1-450x304.jpg 450w, https:\/\/radiorevelacionfm.cl\/wp-content\/uploads\/2024\/09\/Uso-correcto-de-la-bandera-1-1-600x405.jpg 600w\" sizes=\"(max-width: 889px) 100vw, 889px\" \/><\/div><\/div><\/div><\/div><div class=\"flex_column av_one_full  flex_column_div av-zero-column-padding first  avia-builder-el-2  el_after_av_one_full  el_before_av_one_full  column-top-margin\" style='border-radius:0px; '><section class=\"av_textblock_section \"  itemscope=\"itemscope\" itemtype=\"https:\/\/schema.org\/BlogPosting\" itemprop=\"blogPost\" ><div class='avia_textblock  '   itemprop=\"text\" ><p style=\"text-align: center;\"><strong><span style=\"font-size: 18pt;\">Fiestas Patrias 2024: \u00bfCu\u00e1l es la forma correcta de colocar la bandera chilena?<\/span><\/strong><\/p>\n<div id=\"gtx-trans\" style=\"position: absolute; left: -50px; top: 4.31534px;\">\n<div class=\"gtx-trans-icon\"><\/div>\n<\/div>\n<\/div><\/section><\/div><div class=\"flex_column av_one_full  flex_column_div av-zero-column-padding first  avia-builder-el-4  el_after_av_one_full  el_before_av_hr  column-top-margin\" style='border-radius:0px; '><section class=\"av_textblock_section \"  itemscope=\"itemscope\" itemtype=\"https:\/\/schema.org\/BlogPosting\" itemprop=\"blogPost\" ><div class='avia_textblock  '   itemprop=\"text\" ><p style=\"text-align: justify;\">Lleg\u00f3 septiembre y con ello las esperadas Fiestas Patrias en Chile. Este a\u00f1o la cl\u00e1sica celebraci\u00f3n tendr\u00e1 la particularidad de ser\u00a0XXL, ya que ser\u00e1n\u00a0varios d\u00edas feriados en que chilenos y chilenas podr\u00e1n festejar a la patria con las tradicionales empanadas, anticuchos, asado, parrilla, y un sin fin de platos tradicionales que son parte de esta celebraci\u00f3n.<\/p>\n<p style=\"text-align: justify;\">Durante los d\u00edas en que se celebra la Primera Junta Nacional de Gobierno, un punto que no se puede pasar por alto, es\u00a0<strong>izar la bandera <\/strong>en los distintos hogares de Chile<strong>, para as\u00ed evitar multas.<\/strong><\/p>\n<p style=\"text-align: justify;\">Pero qu\u00e9 dice la ley al respecto, seg\u00fan lo establece, <strong>es obligatorio colocar la bandera chilena en los hogares los d\u00edas 18 y 19 de septiembre<\/strong>\u00a0en \u201ctodos los edificios p\u00fablicos y privados\u201d. Eso s\u00ed, la normativa se\u00f1ala que \u201cen los departamentos no es obligatorio su uso si el edificio cuenta con bandera\u201d.<\/p>\n<p style=\"text-align: justify;\"><strong><span style=\"font-size: 12pt;\">\u00bfCu\u00e1les son las multas a las que me expongo si no izo la bandera?<\/span><\/strong><\/p>\n<p style=\"text-align: justify;\">Quienes no cumplan con esta acci\u00f3n durante las Fiestas Patrias, <strong>se exponen a una multa que va entre 1 y 5 UTM, vale decir entre $66.362 y $331.810.\u00a0<\/strong><\/p>\n<p style=\"text-align: justify;\">Colocar la bandera de Chile en un hogar no es algo para tomar a la ligera, ya que\u00a0<strong>hay maneras espec\u00edficas<\/strong> en que se debe poner para evitar multas.<\/p>\n<ul>\n<li style=\"text-align: justify;\">Si se usa un <strong>m\u00e1stil<\/strong>\u00a0debe ser de\u00a0<strong>color blanco<\/strong>\u00a0y la bandera tiene que quedar ubicada en el tope superior.<\/li>\n<li style=\"text-align: justify;\">Si se va a poner la bandera de forma <strong>horizontal<\/strong>\u00a0(colgada en una ventana),\u00a0<strong>la estrella tiene que quedar en la superior izquierda\u00a0<\/strong>mirada desde el frente.<\/li>\n<li style=\"text-align: justify;\">Por otro lado, si se va a poner la bandera de forma\u00a0<strong>vertical<\/strong>, la\u00a0<strong>estrella debe quedar en la parte superior izquierda<\/strong>\u00a0mirada desde el frente.<\/li>\n<li style=\"text-align: justify;\">Al izar la bandera chilena a junto a pabellones extranjeros, el nacional<strong> no debe ser de tama\u00f1o inferior<\/strong> a los dem\u00e1s ni quedar situado a menor altura que \u00e9stos.<\/li>\n<\/ul>\n<p style=\"text-align: justify;\">La Ley tambi\u00e9n establece que ser\u00e1 personal de Carabineros de Chile quienes fiscalizar\u00e1n el cumplimiento de las normas que regulan el uso del Pabell\u00f3n Patrio.<\/p>\n<\/div><\/section><\/div><div  style='height:50px' class='hr hr-invisible   avia-builder-el-6  el_after_av_one_full  el_before_av_social_share '><span class='hr-inner ' ><span class='hr-inner-style'><\/span><\/span><\/div><\/p>\n<div  class='av-social-sharing-box  avia-builder-el-7  el_after_av_hr  el_before_av_hr  '><div class='av-share-box'><h5 class='av-share-link-description av-no-toc '>Compartir esta noticia<\/h5><ul class='av-share-box-list noLightbox'><li class='av-share-link av-social-link-facebook' ><a target=\"_blank\" aria-label=\"Compartir en Facebook\" href='https:\/\/www.facebook.com\/sharer.php?u=https:\/\/radiorevelacionfm.cl\/?p=46004&#038;t=Fiestas%20Patrias%202024%3A%20%C2%BFCu%C3%A1l%20es%20la%20forma%20correcta%20de%20colocar%20la%20bandera%20chilena%3F' aria-hidden='false' data-av_icon='\ue8f3' data-av_iconfont='entypo-fontello' title='' data-avia-related-tooltip='Compartir en Facebook' rel=\"noopener\"><span class='avia_hidden_link_text'>Compartir en Facebook<\/span><\/a><\/li><li class='av-share-link av-social-link-twitter' ><a target=\"_blank\" aria-label=\"Compartir en Twitter\" href='https:\/\/twitter.com\/share?text=Fiestas%20Patrias%202024%3A%20%C2%BFCu%C3%A1l%20es%20la%20forma%20correcta%20de%20colocar%20la%20bandera%20chilena%3F&#038;url=https:\/\/radiorevelacionfm.cl\/?p=46004' aria-hidden='false' data-av_icon='\ue8f1' data-av_iconfont='entypo-fontello' title='' data-avia-related-tooltip='Compartir en Twitter' rel=\"noopener\"><span class='avia_hidden_link_text'>Compartir en Twitter<\/span><\/a><\/li><li class='av-share-link av-social-link-whatsapp' ><a target=\"_blank\" aria-label=\"Compartir en Whatsapp\" href='https:\/\/api.whatsapp.com\/send?text=https:\/\/radiorevelacionfm.cl\/?p=46004' aria-hidden='false' data-av_icon='\uf232' data-av_iconfont='entypo-fontello' title='' data-avia-related-tooltip='Compartir en Whatsapp' rel=\"noopener\"><span class='avia_hidden_link_text'>Compartir en Whatsapp<\/span><\/a><\/li><li class='av-share-link av-social-link-linkedin' ><a target=\"_blank\" aria-label=\"Compartir en LinkedIn\" href='https:\/\/linkedin.com\/shareArticle?mini=true&#038;title=Fiestas%20Patrias%202024%3A%20%C2%BFCu%C3%A1l%20es%20la%20forma%20correcta%20de%20colocar%20la%20bandera%20chilena%3F&#038;url=https:\/\/radiorevelacionfm.cl\/?p=46004' aria-hidden='false' data-av_icon='\ue8fc' data-av_iconfont='entypo-fontello' title='' data-avia-related-tooltip='Compartir en LinkedIn' rel=\"noopener\"><span class='avia_hidden_link_text'>Compartir en LinkedIn<\/span><\/a><\/li><li class='av-share-link av-social-link-mail' ><a  aria-label=\"Compartir por correo\" href='mailto:?subject=Fiestas%20Patrias%202024%3A%20%C2%BFCu%C3%A1l%20es%20la%20forma%20correcta%20de%20colocar%20la%20bandera%20chilena%3F&#038;body=https:\/\/radiorevelacionfm.cl\/?p=46004' aria-hidden='false' data-av_icon='\ue805' data-av_iconfont='entypo-fontello' title='' data-avia-related-tooltip='Compartir por correo'><span class='avia_hidden_link_text'>Compartir por correo<\/span><\/a><\/li><\/ul><\/div><\/div>\n<div  style='height:50px' class='hr hr-invisible   avia-builder-el-8  el_after_av_social_share  el_before_av_comments_list '><span class='hr-inner ' ><span class='hr-inner-style'><\/span><\/span><\/div>\n<div  class='av-buildercomment  av-blog-meta-html-info-disabled av-blog-meta-tag-disabled  '><\/div>\n","protected":false},"excerpt":{"rendered":"","protected":false},"author":1,"featured_media":46005,"comment_status":"open","ping_status":"open","sticky":false,"template":"","format":"standard","meta":{"footnotes":""},"categories":[61],"tags":[],"class_list":["post-46004","post","type-post","status-publish","format-standard","has-post-thumbnail","hentry","category-nacional"],"jetpack_featured_media_url":"https:\/\/radiorevelacionfm.cl\/wp-content\/uploads\/2024\/09\/Uso-correcto-de-la-bandera-1-1.jpg","_links":{"self":[{"href":"https:\/\/radiorevelacionfm.cl\/index.php?rest_route=\/wp\/v2\/posts\/46004","targetHints":{"allow":["GET"]}}],"collection":[{"href":"https:\/\/radiorevelacionfm.cl\/index.php?rest_route=\/wp\/v2\/posts"}],"about":[{"href":"https:\/\/radiorevelacionfm.cl\/index.php?rest_route=\/wp\/v2\/types\/post"}],"author":[{"embeddable":true,"href":"https:\/\/radiorevelacionfm.cl\/index.php?rest_route=\/wp\/v2\/users\/1"}],"replies":[{"embeddable":true,"href":"https:\/\/radiorevelacionfm.cl\/index.php?rest_route=%2Fwp%2Fv2%2Fcomments&post=46004"}],"version-history":[{"count":1,"href":"https:\/\/radiorevelacionfm.cl\/index.php?rest_route=\/wp\/v2\/posts\/46004\/revisions"}],"predecessor-version":[{"id":46006,"href":"https:\/\/radiorevelacionfm.cl\/index.php?rest_route=\/wp\/v2\/posts\/46004\/revisions\/46006"}],"wp:featuredmedia":[{"embeddable":true,"href":"https:\/\/radiorevelacionfm.cl\/index.php?rest_route=\/wp\/v2\/media\/46005"}],"wp:attachment":[{"href":"https:\/\/radiorevelacionfm.cl\/index.php?rest_route=%2Fwp%2Fv2%2Fmedia&parent=46004"}],"wp:term":[{"taxonomy":"category","embeddable":true,"href":"https:\/\/radiorevelacionfm.cl\/index.php?rest_route=%2Fwp%2Fv2%2Fcategories&post=46004"},{"taxonomy":"post_tag","embeddable":true,"href":"https:\/\/radiorevelacionfm.cl\/index.php?rest_route=%2Fwp%2Fv2%2Ftags&post=46004"}],"curies":[{"name":"wp","href":"https:\/\/api.w.org\/{rel}","templated":true}]}}