{"id":46001,"date":"2024-09-06T21:39:38","date_gmt":"2024-09-07T00:39:38","guid":{"rendered":"https:\/\/radiorevelacionfm.cl\/?p=46001"},"modified":"2024-09-06T21:39:38","modified_gmt":"2024-09-07T00:39:38","slug":"con-2-kilos-600-gramos-de-marihuana-operativo-del-os-7-aysen-y-fiscalia-permite-detencion-de-imputado-reincidente-por-trafico-de-drogas","status":"publish","type":"post","link":"https:\/\/radiorevelacionfm.cl\/?p=46001","title":{"rendered":"Con 2 kilos 600 gramos de marihuana: Operativo del OS-7 Ays\u00e9n y Fiscal\u00eda permite detenci\u00f3n de imputado reincidente por tr\u00e1fico de drogas"},"content":{"rendered":"<div class=\"flex_column av_one_full  flex_column_div av-zero-column-padding first  avia-builder-el-0  el_before_av_one_full  avia-builder-el-first  \" style='border-radius:0px; '><div  class='avia-image-container  av-styling-    avia-builder-el-1  avia-builder-el-no-sibling  avia-align-center '  itemprop=\"image\" itemscope=\"itemscope\" itemtype=\"https:\/\/schema.org\/ImageObject\"  ><div class='avia-image-container-inner'><div class='avia-image-overlay-wrap'><img decoding=\"async\" class='wp-image-46002 avia-img-lazy-loading-not-46002 avia_image' src=\"https:\/\/radiorevelacionfm.cl\/wp-content\/uploads\/2024\/09\/a07f92b2-d004-4dba-aee8-cc584ba6669c-1_optimized-1.jpg\" alt='' title='a07f92b2-d004-4dba-aee8-cc584ba6669c-(1)_optimized (1)' height=\"600\" width=\"857\"  itemprop=\"thumbnailUrl\" srcset=\"https:\/\/radiorevelacionfm.cl\/wp-content\/uploads\/2024\/09\/a07f92b2-d004-4dba-aee8-cc584ba6669c-1_optimized-1.jpg 857w, https:\/\/radiorevelacionfm.cl\/wp-content\/uploads\/2024\/09\/a07f92b2-d004-4dba-aee8-cc584ba6669c-1_optimized-1-300x210.jpg 300w, https:\/\/radiorevelacionfm.cl\/wp-content\/uploads\/2024\/09\/a07f92b2-d004-4dba-aee8-cc584ba6669c-1_optimized-1-768x538.jpg 768w, https:\/\/radiorevelacionfm.cl\/wp-content\/uploads\/2024\/09\/a07f92b2-d004-4dba-aee8-cc584ba6669c-1_optimized-1-705x494.jpg 705w, https:\/\/radiorevelacionfm.cl\/wp-content\/uploads\/2024\/09\/a07f92b2-d004-4dba-aee8-cc584ba6669c-1_optimized-1-450x315.jpg 450w, https:\/\/radiorevelacionfm.cl\/wp-content\/uploads\/2024\/09\/a07f92b2-d004-4dba-aee8-cc584ba6669c-1_optimized-1-600x420.jpg 600w\" sizes=\"(max-width: 857px) 100vw, 857px\" \/><\/div><\/div><\/div><\/div><div class=\"flex_column av_one_full  flex_column_div av-zero-column-padding first  avia-builder-el-2  el_after_av_one_full  el_before_av_one_full  column-top-margin\" style='border-radius:0px; '><section class=\"av_textblock_section \"  itemscope=\"itemscope\" itemtype=\"https:\/\/schema.org\/BlogPosting\" itemprop=\"blogPost\" ><div class='avia_textblock  '   itemprop=\"text\" ><p style=\"text-align: center;\"><strong><span style=\"font-size: 18pt;\">Con 2 kilos 600 gramos de marihuana: Operativo del OS-7 Ays\u00e9n y Fiscal\u00eda permite detenci\u00f3n de imputado reincidente por tr\u00e1fico de drogas<\/span><\/strong><\/p>\n<div id=\"gtx-trans\" style=\"position: absolute; left: -50px; top: 4.31534px;\">\n<div class=\"gtx-trans-icon\"><\/div>\n<\/div>\n<\/div><\/section><\/div><div class=\"flex_column av_one_full  flex_column_div av-zero-column-padding first  avia-builder-el-4  el_after_av_one_full  el_before_av_hr  column-top-margin\" style='border-radius:0px; '><section class=\"av_textblock_section \"  itemscope=\"itemscope\" itemtype=\"https:\/\/schema.org\/BlogPosting\" itemprop=\"blogPost\" ><div class='avia_textblock  '   itemprop=\"text\" ><div>\n<p class=\"v1MsoNormal\" style=\"text-align: justify;\"><span lang=\"ES-MX\">Una investigaci\u00f3n conjunta entre la Unidad de Drogas de la Fiscal\u00eda y Carabineros de la Secci\u00f3n OS-7 Ays\u00e9n permiti\u00f3 detener a un imputado de 25 a\u00f1os de edad, como autor del delito de tr\u00e1fico de drogas en la comuna de Ays\u00e9n. El sujeto ya hab\u00eda sido condenado el a\u00f1o 2022 por tr\u00e1fico de drogas, recibiendo una pena de 4 a\u00f1os de presidio menor en su grado m\u00e1ximo, con el beneficio de la pena sustitutiva de libertad vigilada intensiva.\u00a0<\/span><\/p>\n<p class=\"v1MsoNormal\" style=\"text-align: justify;\"><span lang=\"ES-MX\">Seg\u00fan explic\u00f3 el Fiscal Regional subrogante, Jos\u00e9 Moris Ferrando, \u00abayer, gracias a una investigaci\u00f3n llevada por la Fiscal\u00eda junto al OS-7 de Carabineros, se logr\u00f3 la detenci\u00f3n de un sujeto que se dedicaba a la comercializaci\u00f3n de marihuana, logr\u00e1ndose la incautaci\u00f3n de 2 kg 600 gramos de dicha droga\u00bb, en este procedimiento que igualmente permiti\u00f3 el decomiso de ketamina.<\/span><\/p>\n<p class=\"v1MsoNormal\" style=\"text-align: justify;\"><b><span lang=\"ES-MX\">Diligencia<\/span><\/b><\/p>\n<p class=\"v1MsoNormal\" style=\"text-align: justify;\"><span lang=\"ES-MX\">El Jefe de la Secci\u00f3n OS-7 Ays\u00e9n, Capit\u00e1n Pablo Ardiles Herrera, indic\u00f3 que \u00abluego de un proceso investigativo que manten\u00eda esta Unidad especializada en conjunto con el Ministerio P\u00fablico permiti\u00f3 desarrollar un control y percatarse que este sujeto se encontraba portando sustancias ilegales. Posteriormente se hace ingreso a su inmueble logrando incautar el total de la droga\u00bb.<\/span><\/p>\n<p class=\"v1MsoNormal\" style=\"text-align: justify;\"><span lang=\"ES-MX\">Sumando a los 2,6 kg de marihuana -avaluados en 39 millones de pesos- el OS-7 Ays\u00e9n logr\u00f3 igualmente sacar de circulaci\u00f3n 700 mg de ketamina, un veh\u00edculo y otros elementos propios para la comisi\u00f3n del delito.<\/span><\/p>\n<p class=\"v1MsoNormal\" style=\"text-align: justify;\"><span lang=\"ES-MX\">\u00abEs importante mencionar no solo la cantidad de droga, sino que, si esta hubiese sido dosificada, hubiese significado 5.200 dosis, es decir, 5.200 posibles unidades de droga para nuestros j\u00f3venes en la regi\u00f3n de Ays\u00e9n, que son sacadas de circulaci\u00f3n y que se evita que lleguen a los consumidores finales\u00bb, destac\u00f3 el Jefe de Drogas de Carabineros en la regi\u00f3n de Ays\u00e9n.<\/span><\/p>\n<p class=\"v1MsoNormal\" style=\"text-align: justify;\"><span lang=\"ES-MX\">Lo anterior se encuentra dentro de los procesos preventivos especializados previos a las fiestas patrias.<\/span><\/p>\n<p class=\"v1MsoNormal\" style=\"text-align: justify;\"><b><span lang=\"ES-MX\">Prisi\u00f3n preventiva<\/span><\/b><\/p>\n<p class=\"v1MsoNormal\" style=\"text-align: justify;\"><span lang=\"ES-MX\">Tras la formulaci\u00f3n de cargos, el fiscal Jos\u00e9 Moris a\u00f1adi\u00f3 que \u00abel d\u00eda de hoy, el imputado fue sometido a control de detenci\u00f3n, siendo formalizado por el delito de tr\u00e1fico de drogas y accediendo el Juzgado de Garant\u00eda a la prisi\u00f3n preventiva del sujeto por estimar que su libertad es peligrosa para la seguridad de la sociedad\u00bb, siendo fijado un plazo de 90 d\u00edas para el cierre de la investigaci\u00f3n.<\/span><\/p>\n<p class=\"v1MsoNormal\" style=\"text-align: justify;\"><span lang=\"ES-MX\">Para el Jefe de la Secci\u00f3n OS-7 Ays\u00e9n \u00abesto habla de un procedimiento exitoso desarrollado por Carabineros de Chile\u00bb, tras lo cual invit\u00f3 a la comunidad a desarrollar denuncias cuando se tenga conocimiento de la comisi\u00f3n de faltas o delitos a la ley 20.000 de drogas \u00abpara as\u00ed seguir materializando procedimientos exitosos como este y seguir entregando paz y tranquilidad a la totalidad de nuestra regi\u00f3n\u00bb, indic\u00f3 el Capit\u00e1n Ardiles.<\/span><\/p>\n<p class=\"v1MsoNormal\" style=\"text-align: justify;\"><span lang=\"ES-MX\">Cabe consignar que, desde enero al 1 de septiembre del presente a\u00f1o, Carabineros ha detenido a 3.154 personas por diversos delitos, de los cuales 133 son por infracci\u00f3n a la ley de drogas (de los cuales el 32% registra detenciones previas por parte de Carabineros) en tanto que 8,7 kg de drogas de diversa denominaci\u00f3n han sido sacados de circulaci\u00f3n durante este periodo. \u00a0\u00a0<\/span><\/p>\n<\/div>\n<div style=\"text-align: justify;\"><\/div>\n<div style=\"text-align: justify;\"><\/div>\n<\/div><\/section><\/div><div  style='height:50px' class='hr hr-invisible   avia-builder-el-6  el_after_av_one_full  el_before_av_social_share '><span class='hr-inner ' ><span class='hr-inner-style'><\/span><\/span><\/div><\/p>\n<div  class='av-social-sharing-box  avia-builder-el-7  el_after_av_hr  el_before_av_hr  '><div class='av-share-box'><h5 class='av-share-link-description av-no-toc '>Compartir esta noticia<\/h5><ul class='av-share-box-list noLightbox'><li class='av-share-link av-social-link-facebook' ><a target=\"_blank\" aria-label=\"Compartir en Facebook\" href='https:\/\/www.facebook.com\/sharer.php?u=https:\/\/radiorevelacionfm.cl\/?p=46001&#038;t=Con%202%20kilos%20600%20gramos%20de%20marihuana%3A%20Operativo%20del%20OS-7%20Ays%C3%A9n%20y%20Fiscal%C3%ADa%20permite%20detenci%C3%B3n%20de%20imputado%20reincidente%20por%20tr%C3%A1fico%20de%20drogas' aria-hidden='false' data-av_icon='\ue8f3' data-av_iconfont='entypo-fontello' title='' data-avia-related-tooltip='Compartir en Facebook' rel=\"noopener\"><span class='avia_hidden_link_text'>Compartir en Facebook<\/span><\/a><\/li><li class='av-share-link av-social-link-twitter' ><a target=\"_blank\" aria-label=\"Compartir en Twitter\" href='https:\/\/twitter.com\/share?text=Con%202%20kilos%20600%20gramos%20de%20marihuana%3A%20Operativo%20del%20OS-7%20Ays%C3%A9n%20y%20Fiscal%C3%ADa%20permite%20detenci%C3%B3n%20de%20imputado%20reincidente%20por%20tr%C3%A1fico%20de%20drogas&#038;url=https:\/\/radiorevelacionfm.cl\/?p=46001' aria-hidden='false' data-av_icon='\ue8f1' data-av_iconfont='entypo-fontello' title='' data-avia-related-tooltip='Compartir en Twitter' rel=\"noopener\"><span class='avia_hidden_link_text'>Compartir en Twitter<\/span><\/a><\/li><li class='av-share-link av-social-link-whatsapp' ><a target=\"_blank\" aria-label=\"Compartir en Whatsapp\" href='https:\/\/api.whatsapp.com\/send?text=https:\/\/radiorevelacionfm.cl\/?p=46001' aria-hidden='false' data-av_icon='\uf232' data-av_iconfont='entypo-fontello' title='' data-avia-related-tooltip='Compartir en Whatsapp' rel=\"noopener\"><span class='avia_hidden_link_text'>Compartir en Whatsapp<\/span><\/a><\/li><li class='av-share-link av-social-link-linkedin' ><a target=\"_blank\" aria-label=\"Compartir en LinkedIn\" href='https:\/\/linkedin.com\/shareArticle?mini=true&#038;title=Con%202%20kilos%20600%20gramos%20de%20marihuana%3A%20Operativo%20del%20OS-7%20Ays%C3%A9n%20y%20Fiscal%C3%ADa%20permite%20detenci%C3%B3n%20de%20imputado%20reincidente%20por%20tr%C3%A1fico%20de%20drogas&#038;url=https:\/\/radiorevelacionfm.cl\/?p=46001' aria-hidden='false' data-av_icon='\ue8fc' data-av_iconfont='entypo-fontello' title='' data-avia-related-tooltip='Compartir en LinkedIn' rel=\"noopener\"><span class='avia_hidden_link_text'>Compartir en LinkedIn<\/span><\/a><\/li><li class='av-share-link av-social-link-mail' ><a  aria-label=\"Compartir por correo\" href='mailto:?subject=Con%202%20kilos%20600%20gramos%20de%20marihuana%3A%20Operativo%20del%20OS-7%20Ays%C3%A9n%20y%20Fiscal%C3%ADa%20permite%20detenci%C3%B3n%20de%20imputado%20reincidente%20por%20tr%C3%A1fico%20de%20drogas&#038;body=https:\/\/radiorevelacionfm.cl\/?p=46001' aria-hidden='false' data-av_icon='\ue805' data-av_iconfont='entypo-fontello' title='' data-avia-related-tooltip='Compartir por correo'><span class='avia_hidden_link_text'>Compartir por correo<\/span><\/a><\/li><\/ul><\/div><\/div>\n<div  style='height:50px' class='hr hr-invisible   avia-builder-el-8  el_after_av_social_share  el_before_av_comments_list '><span class='hr-inner ' ><span class='hr-inner-style'><\/span><\/span><\/div>\n<div  class='av-buildercomment  av-blog-meta-html-info-disabled av-blog-meta-tag-disabled  '><\/div>\n","protected":false},"excerpt":{"rendered":"","protected":false},"author":1,"featured_media":46002,"comment_status":"open","ping_status":"open","sticky":false,"template":"","format":"standard","meta":{"footnotes":""},"categories":[36],"tags":[],"class_list":["post-46001","post","type-post","status-publish","format-standard","has-post-thumbnail","hentry","category-policial"],"jetpack_featured_media_url":"https:\/\/radiorevelacionfm.cl\/wp-content\/uploads\/2024\/09\/a07f92b2-d004-4dba-aee8-cc584ba6669c-1_optimized-1.jpg","_links":{"self":[{"href":"https:\/\/radiorevelacionfm.cl\/index.php?rest_route=\/wp\/v2\/posts\/46001","targetHints":{"allow":["GET"]}}],"collection":[{"href":"https:\/\/radiorevelacionfm.cl\/index.php?rest_route=\/wp\/v2\/posts"}],"about":[{"href":"https:\/\/radiorevelacionfm.cl\/index.php?rest_route=\/wp\/v2\/types\/post"}],"author":[{"embeddable":true,"href":"https:\/\/radiorevelacionfm.cl\/index.php?rest_route=\/wp\/v2\/users\/1"}],"replies":[{"embeddable":true,"href":"https:\/\/radiorevelacionfm.cl\/index.php?rest_route=%2Fwp%2Fv2%2Fcomments&post=46001"}],"version-history":[{"count":1,"href":"https:\/\/radiorevelacionfm.cl\/index.php?rest_route=\/wp\/v2\/posts\/46001\/revisions"}],"predecessor-version":[{"id":46003,"href":"https:\/\/radiorevelacionfm.cl\/index.php?rest_route=\/wp\/v2\/posts\/46001\/revisions\/46003"}],"wp:featuredmedia":[{"embeddable":true,"href":"https:\/\/radiorevelacionfm.cl\/index.php?rest_route=\/wp\/v2\/media\/46002"}],"wp:attachment":[{"href":"https:\/\/radiorevelacionfm.cl\/index.php?rest_route=%2Fwp%2Fv2%2Fmedia&parent=46001"}],"wp:term":[{"taxonomy":"category","embeddable":true,"href":"https:\/\/radiorevelacionfm.cl\/index.php?rest_route=%2Fwp%2Fv2%2Fcategories&post=46001"},{"taxonomy":"post_tag","embeddable":true,"href":"https:\/\/radiorevelacionfm.cl\/index.php?rest_route=%2Fwp%2Fv2%2Ftags&post=46001"}],"curies":[{"name":"wp","href":"https:\/\/api.w.org\/{rel}","templated":true}]}}