{"id":45993,"date":"2024-09-07T16:27:10","date_gmt":"2024-09-07T19:27:10","guid":{"rendered":"https:\/\/radiorevelacionfm.cl\/?p=45993"},"modified":"2024-09-07T16:27:10","modified_gmt":"2024-09-07T19:27:10","slug":"pdi-concreta-expulsion-administrativa-de-ciudadana-extranjera","status":"publish","type":"post","link":"https:\/\/radiorevelacionfm.cl\/?p=45993","title":{"rendered":"PDI concreta expulsi\u00f3n administrativa de ciudadana extranjera"},"content":{"rendered":"<div class=\"flex_column av_one_full  flex_column_div av-zero-column-padding first  avia-builder-el-0  el_before_av_one_full  avia-builder-el-first  \" style='border-radius:0px; '><div  class='avia-image-container  av-styling-    avia-builder-el-1  avia-builder-el-no-sibling  avia-align-center '  itemprop=\"image\" itemscope=\"itemscope\" itemtype=\"https:\/\/schema.org\/ImageObject\"  ><div class='avia-image-container-inner'><div class='avia-image-overlay-wrap'><img decoding=\"async\" class='wp-image-10662 avia-img-lazy-loading-not-10662 avia_image' src=\"https:\/\/radiorevelacionfm.cl\/wp-content\/uploads\/2021\/11\/PDI-Migraciones-1-1.jpg\" alt='' title='PDI Migraciones (1) (1)' height=\"600\" width=\"800\"  itemprop=\"thumbnailUrl\" srcset=\"https:\/\/radiorevelacionfm.cl\/wp-content\/uploads\/2021\/11\/PDI-Migraciones-1-1.jpg 800w, https:\/\/radiorevelacionfm.cl\/wp-content\/uploads\/2021\/11\/PDI-Migraciones-1-1-300x225.jpg 300w, https:\/\/radiorevelacionfm.cl\/wp-content\/uploads\/2021\/11\/PDI-Migraciones-1-1-768x576.jpg 768w, https:\/\/radiorevelacionfm.cl\/wp-content\/uploads\/2021\/11\/PDI-Migraciones-1-1-705x529.jpg 705w, https:\/\/radiorevelacionfm.cl\/wp-content\/uploads\/2021\/11\/PDI-Migraciones-1-1-600x450.jpg 600w\" sizes=\"(max-width: 800px) 100vw, 800px\" \/><\/div><\/div><\/div><\/div><div class=\"flex_column av_one_full  flex_column_div av-zero-column-padding first  avia-builder-el-2  el_after_av_one_full  el_before_av_one_full  column-top-margin\" style='border-radius:0px; '><section class=\"av_textblock_section \"  itemscope=\"itemscope\" itemtype=\"https:\/\/schema.org\/BlogPosting\" itemprop=\"blogPost\" ><div class='avia_textblock  '   itemprop=\"text\" ><p style=\"text-align: center;\"><span style=\"font-size: 18pt;\"><strong>PDI concreta expulsi\u00f3n administrativa de ciudadana extranjera<\/strong><\/span><\/p>\n<div id=\"gtx-trans\" style=\"position: absolute; left: -50px; top: 4.31534px;\">\n<div class=\"gtx-trans-icon\"><\/div>\n<\/div>\n<\/div><\/section><\/div><div class=\"flex_column av_one_full  flex_column_div av-zero-column-padding first  avia-builder-el-4  el_after_av_one_full  el_before_av_hr  column-top-margin\" style='border-radius:0px; '><section class=\"av_textblock_section \"  itemscope=\"itemscope\" itemtype=\"https:\/\/schema.org\/BlogPosting\" itemprop=\"blogPost\" ><div class='avia_textblock  '   itemprop=\"text\" ><p style=\"text-align: justify;\">Este viernes, detectives del Departamento de Migraciones y Polic\u00eda Internacional Coyhaique de la Polic\u00eda de Investigaciones de Chile, materializaron la expulsi\u00f3n administrativa del territorio nacional de una ciudadana extranjera, de nacionalidad colombiana, por registrar un encargo pendiente tras haber ingresado al pa\u00eds por un paso no habilitado, eludiendo el control migratorio.<\/p>\n<p style=\"text-align: justify;\">Sobre este procedimiento, el jefe del Departamento de Migraciones Coyhaique, subprefecto Ren\u00e9 Retamal Quintanilla, se\u00f1al\u00f3 que \u201cel d\u00eda jueves, funcionarios de esta unidad policial, procedieron a la detenci\u00f3n de una ciudadana extranjera, de nacionalidad colombiana, la cual contaba con una medida de expulsi\u00f3n administrativa del territorio nacional\u201d.<\/p>\n<p style=\"text-align: justify;\">De acuerdo a lo informado por el oficial policial, \u201cesta extranjera ingres\u00f3 por un paso no habilitado en el norte del pa\u00eds, por Chacalluta, en el mes de noviembre del a\u00f1o pasado, siendo fiscalizada por personal de nuestro Departamento y denunciada al Servicio Nacional de Migraciones en diciembre de 2023\u201d.<\/p>\n<p style=\"text-align: justify;\">La mujer -de 23 a\u00f1os y sin antecedentes policiales- se encontraba viviendo con una persona que conoci\u00f3 por una red social cuando fue fiscalizada por la PDI, antecedentes que fueron entregados al Servicio Nacional de Migraciones, quien dispuso su expulsi\u00f3n administrativa.<\/p>\n<p style=\"text-align: justify;\">La infracci\u00f3n cometida por esta extranjera corresponde a una falta grave contemplada en el Reglamento de la Ley de Migraci\u00f3n y Extranjer\u00eda, por tanto, \u201cse procedi\u00f3 a la expulsi\u00f3n de esta ciudadana colombiana, siendo escoltada hasta la ciudad de Bogot\u00e1\u201d, a\u00f1adi\u00f3 Retamal, instancia donde ser\u00e1 entregada a personal de Gendarmer\u00eda de Colombia.<\/p>\n<p style=\"text-align: justify;\">El jefe del Departamento de Migraciones Coyhaique sostuvo que el control migratorio y la fiscalizaci\u00f3n de extranjeros corresponden a una funci\u00f3n esencial de la PDI, agregando que, en este caso, se est\u00e1 concretando el proceso completo de control de extranjeros que se origina con una fiscalizaci\u00f3n, la denuncia administrativa y la posterior expulsi\u00f3n de esta ciudadana colombiana que se encontraba de manera irregular en el pa\u00eds.<\/p>\n<p style=\"text-align: justify;\">Finalmente, desde la PDI destacaron que a la fecha el \u00e1rea de Migraciones y Polic\u00eda Internacional de la Regi\u00f3n de Ays\u00e9n ha concretado siete expulsiones, cinco judiciales y dos administrativas, considerando este \u00faltimo procedimiento.<\/p>\n<\/div><\/section><\/div><div  style='height:50px' class='hr hr-invisible   avia-builder-el-6  el_after_av_one_full  el_before_av_social_share '><span class='hr-inner ' ><span class='hr-inner-style'><\/span><\/span><\/div><\/p>\n<div  class='av-social-sharing-box  avia-builder-el-7  el_after_av_hr  el_before_av_hr  '><div class='av-share-box'><h5 class='av-share-link-description av-no-toc '>Compartir esta noticia<\/h5><ul class='av-share-box-list noLightbox'><li class='av-share-link av-social-link-facebook' ><a target=\"_blank\" aria-label=\"Compartir en Facebook\" href='https:\/\/www.facebook.com\/sharer.php?u=https:\/\/radiorevelacionfm.cl\/?p=45993&#038;t=PDI%20concreta%20expulsi%C3%B3n%20administrativa%20de%20ciudadana%20extranjera' aria-hidden='false' data-av_icon='\ue8f3' data-av_iconfont='entypo-fontello' title='' data-avia-related-tooltip='Compartir en Facebook' rel=\"noopener\"><span class='avia_hidden_link_text'>Compartir en Facebook<\/span><\/a><\/li><li class='av-share-link av-social-link-twitter' ><a target=\"_blank\" aria-label=\"Compartir en Twitter\" href='https:\/\/twitter.com\/share?text=PDI%20concreta%20expulsi%C3%B3n%20administrativa%20de%20ciudadana%20extranjera&#038;url=https:\/\/radiorevelacionfm.cl\/?p=45993' aria-hidden='false' data-av_icon='\ue8f1' data-av_iconfont='entypo-fontello' title='' data-avia-related-tooltip='Compartir en Twitter' rel=\"noopener\"><span class='avia_hidden_link_text'>Compartir en Twitter<\/span><\/a><\/li><li class='av-share-link av-social-link-whatsapp' ><a target=\"_blank\" aria-label=\"Compartir en Whatsapp\" href='https:\/\/api.whatsapp.com\/send?text=https:\/\/radiorevelacionfm.cl\/?p=45993' aria-hidden='false' data-av_icon='\uf232' data-av_iconfont='entypo-fontello' title='' data-avia-related-tooltip='Compartir en Whatsapp' rel=\"noopener\"><span class='avia_hidden_link_text'>Compartir en Whatsapp<\/span><\/a><\/li><li class='av-share-link av-social-link-linkedin' ><a target=\"_blank\" aria-label=\"Compartir en LinkedIn\" href='https:\/\/linkedin.com\/shareArticle?mini=true&#038;title=PDI%20concreta%20expulsi%C3%B3n%20administrativa%20de%20ciudadana%20extranjera&#038;url=https:\/\/radiorevelacionfm.cl\/?p=45993' aria-hidden='false' data-av_icon='\ue8fc' data-av_iconfont='entypo-fontello' title='' data-avia-related-tooltip='Compartir en LinkedIn' rel=\"noopener\"><span class='avia_hidden_link_text'>Compartir en LinkedIn<\/span><\/a><\/li><li class='av-share-link av-social-link-mail' ><a  aria-label=\"Compartir por correo\" href='mailto:?subject=PDI%20concreta%20expulsi%C3%B3n%20administrativa%20de%20ciudadana%20extranjera&#038;body=https:\/\/radiorevelacionfm.cl\/?p=45993' aria-hidden='false' data-av_icon='\ue805' data-av_iconfont='entypo-fontello' title='' data-avia-related-tooltip='Compartir por correo'><span class='avia_hidden_link_text'>Compartir por correo<\/span><\/a><\/li><\/ul><\/div><\/div>\n<div  style='height:50px' class='hr hr-invisible   avia-builder-el-8  el_after_av_social_share  el_before_av_comments_list '><span class='hr-inner ' ><span class='hr-inner-style'><\/span><\/span><\/div>\n<div  class='av-buildercomment  av-blog-meta-html-info-disabled av-blog-meta-tag-disabled  '><\/div>\n","protected":false},"excerpt":{"rendered":"","protected":false},"author":1,"featured_media":10662,"comment_status":"open","ping_status":"open","sticky":false,"template":"","format":"standard","meta":{"footnotes":""},"categories":[36],"tags":[],"class_list":["post-45993","post","type-post","status-publish","format-standard","has-post-thumbnail","hentry","category-policial"],"jetpack_featured_media_url":"https:\/\/radiorevelacionfm.cl\/wp-content\/uploads\/2021\/11\/PDI-Migraciones-1-1.jpg","_links":{"self":[{"href":"https:\/\/radiorevelacionfm.cl\/index.php?rest_route=\/wp\/v2\/posts\/45993","targetHints":{"allow":["GET"]}}],"collection":[{"href":"https:\/\/radiorevelacionfm.cl\/index.php?rest_route=\/wp\/v2\/posts"}],"about":[{"href":"https:\/\/radiorevelacionfm.cl\/index.php?rest_route=\/wp\/v2\/types\/post"}],"author":[{"embeddable":true,"href":"https:\/\/radiorevelacionfm.cl\/index.php?rest_route=\/wp\/v2\/users\/1"}],"replies":[{"embeddable":true,"href":"https:\/\/radiorevelacionfm.cl\/index.php?rest_route=%2Fwp%2Fv2%2Fcomments&post=45993"}],"version-history":[{"count":1,"href":"https:\/\/radiorevelacionfm.cl\/index.php?rest_route=\/wp\/v2\/posts\/45993\/revisions"}],"predecessor-version":[{"id":45994,"href":"https:\/\/radiorevelacionfm.cl\/index.php?rest_route=\/wp\/v2\/posts\/45993\/revisions\/45994"}],"wp:featuredmedia":[{"embeddable":true,"href":"https:\/\/radiorevelacionfm.cl\/index.php?rest_route=\/wp\/v2\/media\/10662"}],"wp:attachment":[{"href":"https:\/\/radiorevelacionfm.cl\/index.php?rest_route=%2Fwp%2Fv2%2Fmedia&parent=45993"}],"wp:term":[{"taxonomy":"category","embeddable":true,"href":"https:\/\/radiorevelacionfm.cl\/index.php?rest_route=%2Fwp%2Fv2%2Fcategories&post=45993"},{"taxonomy":"post_tag","embeddable":true,"href":"https:\/\/radiorevelacionfm.cl\/index.php?rest_route=%2Fwp%2Fv2%2Ftags&post=45993"}],"curies":[{"name":"wp","href":"https:\/\/api.w.org\/{rel}","templated":true}]}}