{"id":45990,"date":"2024-09-06T18:52:48","date_gmt":"2024-09-06T21:52:48","guid":{"rendered":"https:\/\/radiorevelacionfm.cl\/?p=45990"},"modified":"2024-09-06T18:52:48","modified_gmt":"2024-09-06T21:52:48","slug":"en-coyhaique-detienen-a-sujeto-colombiano-profugo-de-la-justicia-por-trafico-de-drogas-y-con-orden-de-expulsion-del-pais","status":"publish","type":"post","link":"https:\/\/radiorevelacionfm.cl\/?p=45990","title":{"rendered":"En Coyhaique detienen a sujeto colombiano pr\u00f3fugo de la justicia por tr\u00e1fico de drogas y con orden de expulsi\u00f3n del pa\u00eds"},"content":{"rendered":"<div class=\"flex_column av_one_full  flex_column_div av-zero-column-padding first  avia-builder-el-0  el_before_av_one_full  avia-builder-el-first  \" style='border-radius:0px; '><div  class='avia-image-container  av-styling-    avia-builder-el-1  avia-builder-el-no-sibling  avia-align-center '  itemprop=\"image\" itemscope=\"itemscope\" itemtype=\"https:\/\/schema.org\/ImageObject\"  ><div class='avia-image-container-inner'><div class='avia-image-overlay-wrap'><img decoding=\"async\" class='wp-image-45991 avia-img-lazy-loading-not-45991 avia_image' src=\"https:\/\/radiorevelacionfm.cl\/wp-content\/uploads\/2024\/09\/carabineros1-1_optimized-1.jpg\" alt='' title='carabineros1-(1)_optimized (1)' height=\"600\" width=\"800\"  itemprop=\"thumbnailUrl\" srcset=\"https:\/\/radiorevelacionfm.cl\/wp-content\/uploads\/2024\/09\/carabineros1-1_optimized-1.jpg 800w, https:\/\/radiorevelacionfm.cl\/wp-content\/uploads\/2024\/09\/carabineros1-1_optimized-1-300x225.jpg 300w, https:\/\/radiorevelacionfm.cl\/wp-content\/uploads\/2024\/09\/carabineros1-1_optimized-1-768x576.jpg 768w, https:\/\/radiorevelacionfm.cl\/wp-content\/uploads\/2024\/09\/carabineros1-1_optimized-1-705x529.jpg 705w, https:\/\/radiorevelacionfm.cl\/wp-content\/uploads\/2024\/09\/carabineros1-1_optimized-1-450x338.jpg 450w, https:\/\/radiorevelacionfm.cl\/wp-content\/uploads\/2024\/09\/carabineros1-1_optimized-1-600x450.jpg 600w\" sizes=\"(max-width: 800px) 100vw, 800px\" \/><\/div><\/div><\/div><\/div><div class=\"flex_column av_one_full  flex_column_div av-zero-column-padding first  avia-builder-el-2  el_after_av_one_full  el_before_av_one_full  column-top-margin\" style='border-radius:0px; '><section class=\"av_textblock_section \"  itemscope=\"itemscope\" itemtype=\"https:\/\/schema.org\/BlogPosting\" itemprop=\"blogPost\" ><div class='avia_textblock  '   itemprop=\"text\" ><p style=\"text-align: center;\"><strong><span style=\"font-size: 18pt;\">En Coyhaique detienen a sujeto colombiano pr\u00f3fugo de la justicia por tr\u00e1fico de drogas y con orden de expulsi\u00f3n del pa\u00eds<\/span><\/strong><\/p>\n<div id=\"gtx-trans\" style=\"position: absolute; left: -50px; top: 4.31534px;\">\n<div class=\"gtx-trans-icon\"><\/div>\n<\/div>\n<\/div><\/section><\/div><div class=\"flex_column av_one_full  flex_column_div av-zero-column-padding first  avia-builder-el-4  el_after_av_one_full  el_before_av_hr  column-top-margin\" style='border-radius:0px; '><section class=\"av_textblock_section \"  itemscope=\"itemscope\" itemtype=\"https:\/\/schema.org\/BlogPosting\" itemprop=\"blogPost\" ><div class='avia_textblock  '   itemprop=\"text\" ><p class=\"v1MsoNormal\" style=\"text-align: justify;\"><span lang=\"ES-MX\">En el contexto de la permanente b\u00fasqueda de personas pr\u00f3fugas de la justicia, denominado Plan Nacional de Pr\u00f3fugos, diligencias desarrolladas por personal de Carabineros de Coyhaique culminaron con la ubicaci\u00f3n y posterior detenci\u00f3n de una persona de nacionalidad colombiana.<\/span><\/p>\n<p class=\"v1MsoNormal\" style=\"text-align: justify;\"><span lang=\"ES-MX\">Sobre la materia, el Comisario de Coyhaique, Mayor Gerardo Gonz\u00e1lez L\u00f3pez indic\u00f3 que \u00abeste sujeto era uno de los m\u00e1s buscados por ambas polic\u00edas en virtud del delito por el cual se encontraba pr\u00f3fugo de la justicia, que en este caso es tr\u00e1fico de drogas. Esta persona durante el a\u00f1o 2022 habr\u00eda viajado a la comuna de Alto Hospicio -\u00e9l hab\u00eda ingresado de manera ilegal a nuestro pa\u00eds y todav\u00eda se encuentra en situaci\u00f3n irregular- compr\u00f3 un veh\u00edculo en zona franca y a trav\u00e9s de un contacto con ciudadanos venezolanos, \u00e9l traslada droga en diferentes denominaciones hasta nuestra ciudad de Coyhaique. En ese contexto el a\u00f1o 2022 es detenido y puesto a disposici\u00f3n de la justicia, sin embargo, y por largos a\u00f1os se encontraba en calidad de pr\u00f3fugo\u00bb, detall\u00f3 el Mayor Gonz\u00e1lez.<\/span><\/p>\n<p class=\"v1MsoNormal\" style=\"text-align: justify;\"><b><span lang=\"ES-MX\">Captura<\/span><\/b><\/p>\n<p class=\"v1MsoNormal\" style=\"text-align: justify;\"><span lang=\"ES-MX\">Mientras ambas polic\u00edas desarrollaban un trabajo investigativo con la finalidad de dar con su paradero, el sujeto cambi\u00f3 en forma permanente de domicilio durante este tiempo.<\/span><\/p>\n<p class=\"v1MsoNormal\" style=\"text-align: justify;\"><span lang=\"ES-MX\">\u00abAyer tomamos conocimiento que esta persona andaba transitando por nuestra comuna y -a trav\u00e9s de personal especializado- se procede a identificar, toda vez que efectivamente se trataba de este ciudadano colombiano pr\u00f3fugo de la justicia. Es as\u00ed que personal de la 1ra Comisar\u00eda en horas de la tarde del jueves materializ\u00f3 su detenci\u00f3n al interior de un local comercial de esta comuna\u00bb, indic\u00f3 el Oficial.<\/span><\/p>\n<p class=\"v1MsoNormal\" style=\"text-align: justify;\"><span lang=\"ES-MX\">Tras su detenci\u00f3n, el sujeto fue derivado a cumplir condena de 5 a\u00f1os, mientras que en forma paralela se levanta una investigaci\u00f3n en coordinaci\u00f3n con el Ministerio P\u00fablico para determinar si eventualmente existe o no conexi\u00f3n con otros delitos.<\/span><\/p>\n<p style=\"text-align: justify;\"><span lang=\"ES-MX\">Desde enero al 1 de septiembre del presente a\u00f1o, Carabineros ha detenido en la regi\u00f3n de Ays\u00e9n a 3.154 personas por diferentes delitos, de los cuales 389 corresponden a pr\u00f3fugos de la justicia y 133 por infracci\u00f3n a la ley de drogas (32% registra detenciones previas por parte de Carabineros), logrando sacar de circulaci\u00f3n 8,7 kg de droga.<\/span><\/p>\n<\/div><\/section><\/div><div  style='height:50px' class='hr hr-invisible   avia-builder-el-6  el_after_av_one_full  el_before_av_social_share '><span class='hr-inner ' ><span class='hr-inner-style'><\/span><\/span><\/div><\/p>\n<div  class='av-social-sharing-box  avia-builder-el-7  el_after_av_hr  el_before_av_hr  '><div class='av-share-box'><h5 class='av-share-link-description av-no-toc '>Compartir esta noticia<\/h5><ul class='av-share-box-list noLightbox'><li class='av-share-link av-social-link-facebook' ><a target=\"_blank\" aria-label=\"Compartir en Facebook\" href='https:\/\/www.facebook.com\/sharer.php?u=https:\/\/radiorevelacionfm.cl\/?p=45990&#038;t=En%20Coyhaique%20detienen%20a%20sujeto%20colombiano%20pr%C3%B3fugo%20de%20la%20justicia%20por%20tr%C3%A1fico%20de%20drogas%20y%20con%20orden%20de%20expulsi%C3%B3n%20del%20pa%C3%ADs' aria-hidden='false' data-av_icon='\ue8f3' data-av_iconfont='entypo-fontello' title='' data-avia-related-tooltip='Compartir en Facebook' rel=\"noopener\"><span class='avia_hidden_link_text'>Compartir en Facebook<\/span><\/a><\/li><li class='av-share-link av-social-link-twitter' ><a target=\"_blank\" aria-label=\"Compartir en Twitter\" href='https:\/\/twitter.com\/share?text=En%20Coyhaique%20detienen%20a%20sujeto%20colombiano%20pr%C3%B3fugo%20de%20la%20justicia%20por%20tr%C3%A1fico%20de%20drogas%20y%20con%20orden%20de%20expulsi%C3%B3n%20del%20pa%C3%ADs&#038;url=https:\/\/radiorevelacionfm.cl\/?p=45990' aria-hidden='false' data-av_icon='\ue8f1' data-av_iconfont='entypo-fontello' title='' data-avia-related-tooltip='Compartir en Twitter' rel=\"noopener\"><span class='avia_hidden_link_text'>Compartir en Twitter<\/span><\/a><\/li><li class='av-share-link av-social-link-whatsapp' ><a target=\"_blank\" aria-label=\"Compartir en Whatsapp\" href='https:\/\/api.whatsapp.com\/send?text=https:\/\/radiorevelacionfm.cl\/?p=45990' aria-hidden='false' data-av_icon='\uf232' data-av_iconfont='entypo-fontello' title='' data-avia-related-tooltip='Compartir en Whatsapp' rel=\"noopener\"><span class='avia_hidden_link_text'>Compartir en Whatsapp<\/span><\/a><\/li><li class='av-share-link av-social-link-linkedin' ><a target=\"_blank\" aria-label=\"Compartir en LinkedIn\" href='https:\/\/linkedin.com\/shareArticle?mini=true&#038;title=En%20Coyhaique%20detienen%20a%20sujeto%20colombiano%20pr%C3%B3fugo%20de%20la%20justicia%20por%20tr%C3%A1fico%20de%20drogas%20y%20con%20orden%20de%20expulsi%C3%B3n%20del%20pa%C3%ADs&#038;url=https:\/\/radiorevelacionfm.cl\/?p=45990' aria-hidden='false' data-av_icon='\ue8fc' data-av_iconfont='entypo-fontello' title='' data-avia-related-tooltip='Compartir en LinkedIn' rel=\"noopener\"><span class='avia_hidden_link_text'>Compartir en LinkedIn<\/span><\/a><\/li><li class='av-share-link av-social-link-mail' ><a  aria-label=\"Compartir por correo\" href='mailto:?subject=En%20Coyhaique%20detienen%20a%20sujeto%20colombiano%20pr%C3%B3fugo%20de%20la%20justicia%20por%20tr%C3%A1fico%20de%20drogas%20y%20con%20orden%20de%20expulsi%C3%B3n%20del%20pa%C3%ADs&#038;body=https:\/\/radiorevelacionfm.cl\/?p=45990' aria-hidden='false' data-av_icon='\ue805' data-av_iconfont='entypo-fontello' title='' data-avia-related-tooltip='Compartir por correo'><span class='avia_hidden_link_text'>Compartir por correo<\/span><\/a><\/li><\/ul><\/div><\/div>\n<div  style='height:50px' class='hr hr-invisible   avia-builder-el-8  el_after_av_social_share  el_before_av_comments_list '><span class='hr-inner ' ><span class='hr-inner-style'><\/span><\/span><\/div>\n<div  class='av-buildercomment  av-blog-meta-html-info-disabled av-blog-meta-tag-disabled  '><\/div>\n","protected":false},"excerpt":{"rendered":"","protected":false},"author":1,"featured_media":45991,"comment_status":"open","ping_status":"open","sticky":false,"template":"","format":"standard","meta":{"footnotes":""},"categories":[36],"tags":[],"class_list":["post-45990","post","type-post","status-publish","format-standard","has-post-thumbnail","hentry","category-policial"],"jetpack_featured_media_url":"https:\/\/radiorevelacionfm.cl\/wp-content\/uploads\/2024\/09\/carabineros1-1_optimized-1.jpg","_links":{"self":[{"href":"https:\/\/radiorevelacionfm.cl\/index.php?rest_route=\/wp\/v2\/posts\/45990","targetHints":{"allow":["GET"]}}],"collection":[{"href":"https:\/\/radiorevelacionfm.cl\/index.php?rest_route=\/wp\/v2\/posts"}],"about":[{"href":"https:\/\/radiorevelacionfm.cl\/index.php?rest_route=\/wp\/v2\/types\/post"}],"author":[{"embeddable":true,"href":"https:\/\/radiorevelacionfm.cl\/index.php?rest_route=\/wp\/v2\/users\/1"}],"replies":[{"embeddable":true,"href":"https:\/\/radiorevelacionfm.cl\/index.php?rest_route=%2Fwp%2Fv2%2Fcomments&post=45990"}],"version-history":[{"count":1,"href":"https:\/\/radiorevelacionfm.cl\/index.php?rest_route=\/wp\/v2\/posts\/45990\/revisions"}],"predecessor-version":[{"id":45992,"href":"https:\/\/radiorevelacionfm.cl\/index.php?rest_route=\/wp\/v2\/posts\/45990\/revisions\/45992"}],"wp:featuredmedia":[{"embeddable":true,"href":"https:\/\/radiorevelacionfm.cl\/index.php?rest_route=\/wp\/v2\/media\/45991"}],"wp:attachment":[{"href":"https:\/\/radiorevelacionfm.cl\/index.php?rest_route=%2Fwp%2Fv2%2Fmedia&parent=45990"}],"wp:term":[{"taxonomy":"category","embeddable":true,"href":"https:\/\/radiorevelacionfm.cl\/index.php?rest_route=%2Fwp%2Fv2%2Fcategories&post=45990"},{"taxonomy":"post_tag","embeddable":true,"href":"https:\/\/radiorevelacionfm.cl\/index.php?rest_route=%2Fwp%2Fv2%2Ftags&post=45990"}],"curies":[{"name":"wp","href":"https:\/\/api.w.org\/{rel}","templated":true}]}}