{"id":45988,"date":"2024-09-07T13:38:41","date_gmt":"2024-09-07T16:38:41","guid":{"rendered":"https:\/\/radiorevelacionfm.cl\/?p=45988"},"modified":"2024-09-07T13:38:41","modified_gmt":"2024-09-07T16:38:41","slug":"en-prision-preventiva-quedo-imputado-por-robo-en-puerto-aysen","status":"publish","type":"post","link":"https:\/\/radiorevelacionfm.cl\/?p=45988","title":{"rendered":"En prisi\u00f3n preventiva qued\u00f3 imputado por robo en Puerto Ays\u00e9n"},"content":{"rendered":"<div class=\"flex_column av_one_full  flex_column_div av-zero-column-padding first  avia-builder-el-0  el_before_av_one_full  avia-builder-el-first  \" style='border-radius:0px; '><div  class='avia-image-container  av-styling-    avia-builder-el-1  avia-builder-el-no-sibling  avia-align-center '  itemprop=\"image\" itemscope=\"itemscope\" itemtype=\"https:\/\/schema.org\/ImageObject\"  ><div class='avia-image-container-inner'><div class='avia-image-overlay-wrap'><img decoding=\"async\" class='wp-image-44755 avia-img-lazy-loading-not-44755 avia_image' src=\"https:\/\/radiorevelacionfm.cl\/wp-content\/uploads\/2024\/08\/Fiscal_Pino_3-1-1.jpg\" alt='' title='Fiscal_Pino_3 (1) (1)' height=\"600\" width=\"992\"  itemprop=\"thumbnailUrl\" srcset=\"https:\/\/radiorevelacionfm.cl\/wp-content\/uploads\/2024\/08\/Fiscal_Pino_3-1-1.jpg 992w, https:\/\/radiorevelacionfm.cl\/wp-content\/uploads\/2024\/08\/Fiscal_Pino_3-1-1-300x181.jpg 300w, https:\/\/radiorevelacionfm.cl\/wp-content\/uploads\/2024\/08\/Fiscal_Pino_3-1-1-768x465.jpg 768w, https:\/\/radiorevelacionfm.cl\/wp-content\/uploads\/2024\/08\/Fiscal_Pino_3-1-1-705x426.jpg 705w, https:\/\/radiorevelacionfm.cl\/wp-content\/uploads\/2024\/08\/Fiscal_Pino_3-1-1-450x272.jpg 450w, https:\/\/radiorevelacionfm.cl\/wp-content\/uploads\/2024\/08\/Fiscal_Pino_3-1-1-600x363.jpg 600w\" sizes=\"(max-width: 992px) 100vw, 992px\" \/><\/div><\/div><\/div><\/div><div class=\"flex_column av_one_full  flex_column_div av-zero-column-padding first  avia-builder-el-2  el_after_av_one_full  el_before_av_one_full  column-top-margin\" style='border-radius:0px; '><section class=\"av_textblock_section \"  itemscope=\"itemscope\" itemtype=\"https:\/\/schema.org\/BlogPosting\" itemprop=\"blogPost\" ><div class='avia_textblock  '   itemprop=\"text\" ><p style=\"text-align: center;\"><strong><span style=\"font-size: 18pt;\">En prisi\u00f3n preventiva qued\u00f3 imputado por robo en Puerto Ays\u00e9n<\/span><\/strong><\/p>\n<div id=\"gtx-trans\" style=\"position: absolute; left: -50px; top: 4.31534px;\">\n<div class=\"gtx-trans-icon\"><\/div>\n<\/div>\n<\/div><\/section><\/div><div class=\"flex_column av_one_full  flex_column_div av-zero-column-padding first  avia-builder-el-4  el_after_av_one_full  el_before_av_hr  column-top-margin\" style='border-radius:0px; '><section class=\"av_textblock_section \"  itemscope=\"itemscope\" itemtype=\"https:\/\/schema.org\/BlogPosting\" itemprop=\"blogPost\" ><div class='avia_textblock  '   itemprop=\"text\" ><p class=\"v1MsoNormal\" style=\"text-align: justify;\">De acuerdo a la declaraci\u00f3n de la v\u00edctima, hab\u00eda recibido amenazas de muerte previas e incluso da\u00f1os a su veh\u00edculo por parte del detenido.<\/p>\n<p class=\"v1MsoNormal\" style=\"text-align: justify;\">La Fiscal\u00eda de Ays\u00e9n solicit\u00f3 la prisi\u00f3n preventiva de un imputado de 35 a\u00f1os, quien posee condenas anteriores por diversos delitos, el cual fue detenido por personal de Carabineros de la Segunda Comisar\u00eda el pasado domingo tras efectuar un robo a dependencias de una casa en dicha comuna, el cual fue perpetrado cerca de las 04.45 horas de la madrugada.<\/p>\n<p class=\"v1MsoNormal\" style=\"text-align: justify;\">El imputado, quien tiene conflictos previos con la v\u00edctima, volvi\u00f3 al lugar de los hechos cerca de las 12.30 horas del domingo, tras lo cual fue detenido por Carabineros en base a la denuncia efectuada por el afectado, quien vive en el lugar.<\/p>\n<p class=\"v1MsoNormal\" style=\"text-align: justify;\">PELIGRO PARA LA V\u00cdCTIMA<\/p>\n<p class=\"v1MsoNormal\" style=\"text-align: justify;\">En este caso espec\u00edfico, se decret\u00f3 la prisi\u00f3n preventiva del imputado por el peligro que representa tanto para la seguridad de la sociedad como de la v\u00edctima, al cual conoce y de quien -de acuerdo a la declaraci\u00f3n del afectado- recibi\u00f3 amenazas de muerte previas y efectu\u00f3 da\u00f1os a su veh\u00edculo.<\/p>\n<p class=\"v1MsoNormal\" style=\"text-align: justify;\">\u201cEl Juzgado de Garant\u00eda de Ays\u00e9n decret\u00f3 la prisi\u00f3n preventiva de un hombre adulto que fue formalizado por el Ministerio P\u00fablico por el delito de robo en dependencias de un lugar habitado ocurrido en calle Bernarda Andrade en la comuna de Ays\u00e9n\u201d, coment\u00f3 el fiscal Fernando Pino.<\/p>\n<p class=\"v1MsoNormal\" style=\"text-align: justify;\">\u201cEn este caso, es un hombre que ingres\u00f3 en horas de la noche hasta un inmueble. Abri\u00f3 la puerta del port\u00f3n, ingres\u00f3 al patio y una vez en el patio, se dirigi\u00f3 a la bodega de dicho inmueble, rompi\u00f3 la aldaba de seguridad y al interior de la bodega sustrajo un cable de comunicaci\u00f3n de energ\u00eda entre veh\u00edculos y escap\u00f3 con la especie en su poder\u201d, a\u00f1adi\u00f3 el persecutor penal.<\/p>\n<p class=\"v1MsoNormal\" style=\"text-align: justify;\">PROTECCI\u00d3N<\/p>\n<p class=\"v1MsoNormal\" style=\"text-align: justify;\">\u201cEs importante se\u00f1alar que el Tribunal de Garant\u00eda entendi\u00f3 que este era un robo en dependencias de un lugar habitado. Y justamente, este tipo penal lo que busca proteger es todo lo que est\u00e9 en el interior del cierre perimetral de lo que nosotros llamamos nuestro domicilio, nuestra casa, enti\u00e9ndase antejard\u00edn, patio, bodega, estacionamiento y por de pronto la casa donde est\u00e1n las habitaciones\u201d, agreg\u00f3 el abogado.<\/p>\n<p class=\"v1MsoNormal\" style=\"text-align: justify;\">\u201cImportante en este caso fue el trabajo de Carabineros de la Segunda Comisar\u00eda de Ays\u00e9n y las colaboraciones de vecinos quienes, junto con c\u00e1maras de seguridad de inmuebles, permiti\u00f3 establecer la identidad del imputado y el hallazgo de la especie que hab\u00eda sido sustra\u00edda y que hab\u00eda sido guardada por el imputado en un sitio cercano al domicilio\u201d, dijo el fiscal Pino.<\/p>\n<\/div><\/section><\/div><div  style='height:50px' class='hr hr-invisible   avia-builder-el-6  el_after_av_one_full  el_before_av_social_share '><span class='hr-inner ' ><span class='hr-inner-style'><\/span><\/span><\/div><\/p>\n<div  class='av-social-sharing-box  avia-builder-el-7  el_after_av_hr  el_before_av_hr  '><div class='av-share-box'><h5 class='av-share-link-description av-no-toc '>Compartir esta noticia<\/h5><ul class='av-share-box-list noLightbox'><li class='av-share-link av-social-link-facebook' ><a target=\"_blank\" aria-label=\"Compartir en Facebook\" href='https:\/\/www.facebook.com\/sharer.php?u=https:\/\/radiorevelacionfm.cl\/?p=45988&#038;t=En%20prisi%C3%B3n%20preventiva%20qued%C3%B3%20imputado%20por%20robo%20en%20Puerto%20Ays%C3%A9n' aria-hidden='false' data-av_icon='\ue8f3' data-av_iconfont='entypo-fontello' title='' data-avia-related-tooltip='Compartir en Facebook' rel=\"noopener\"><span class='avia_hidden_link_text'>Compartir en Facebook<\/span><\/a><\/li><li class='av-share-link av-social-link-twitter' ><a target=\"_blank\" aria-label=\"Compartir en Twitter\" href='https:\/\/twitter.com\/share?text=En%20prisi%C3%B3n%20preventiva%20qued%C3%B3%20imputado%20por%20robo%20en%20Puerto%20Ays%C3%A9n&#038;url=https:\/\/radiorevelacionfm.cl\/?p=45988' aria-hidden='false' data-av_icon='\ue8f1' data-av_iconfont='entypo-fontello' title='' data-avia-related-tooltip='Compartir en Twitter' rel=\"noopener\"><span class='avia_hidden_link_text'>Compartir en Twitter<\/span><\/a><\/li><li class='av-share-link av-social-link-whatsapp' ><a target=\"_blank\" aria-label=\"Compartir en Whatsapp\" href='https:\/\/api.whatsapp.com\/send?text=https:\/\/radiorevelacionfm.cl\/?p=45988' aria-hidden='false' data-av_icon='\uf232' data-av_iconfont='entypo-fontello' title='' data-avia-related-tooltip='Compartir en Whatsapp' rel=\"noopener\"><span class='avia_hidden_link_text'>Compartir en Whatsapp<\/span><\/a><\/li><li class='av-share-link av-social-link-linkedin' ><a target=\"_blank\" aria-label=\"Compartir en LinkedIn\" href='https:\/\/linkedin.com\/shareArticle?mini=true&#038;title=En%20prisi%C3%B3n%20preventiva%20qued%C3%B3%20imputado%20por%20robo%20en%20Puerto%20Ays%C3%A9n&#038;url=https:\/\/radiorevelacionfm.cl\/?p=45988' aria-hidden='false' data-av_icon='\ue8fc' data-av_iconfont='entypo-fontello' title='' data-avia-related-tooltip='Compartir en LinkedIn' rel=\"noopener\"><span class='avia_hidden_link_text'>Compartir en LinkedIn<\/span><\/a><\/li><li class='av-share-link av-social-link-mail' ><a  aria-label=\"Compartir por correo\" href='mailto:?subject=En%20prisi%C3%B3n%20preventiva%20qued%C3%B3%20imputado%20por%20robo%20en%20Puerto%20Ays%C3%A9n&#038;body=https:\/\/radiorevelacionfm.cl\/?p=45988' aria-hidden='false' data-av_icon='\ue805' data-av_iconfont='entypo-fontello' title='' data-avia-related-tooltip='Compartir por correo'><span class='avia_hidden_link_text'>Compartir por correo<\/span><\/a><\/li><\/ul><\/div><\/div>\n<div  style='height:50px' class='hr hr-invisible   avia-builder-el-8  el_after_av_social_share  el_before_av_comments_list '><span class='hr-inner ' ><span class='hr-inner-style'><\/span><\/span><\/div>\n<div  class='av-buildercomment  av-blog-meta-html-info-disabled av-blog-meta-tag-disabled  '><\/div>\n","protected":false},"excerpt":{"rendered":"","protected":false},"author":1,"featured_media":44755,"comment_status":"open","ping_status":"open","sticky":false,"template":"","format":"standard","meta":{"footnotes":""},"categories":[55],"tags":[],"class_list":["post-45988","post","type-post","status-publish","format-standard","has-post-thumbnail","hentry","category-justicia"],"jetpack_featured_media_url":"https:\/\/radiorevelacionfm.cl\/wp-content\/uploads\/2024\/08\/Fiscal_Pino_3-1-1.jpg","_links":{"self":[{"href":"https:\/\/radiorevelacionfm.cl\/index.php?rest_route=\/wp\/v2\/posts\/45988","targetHints":{"allow":["GET"]}}],"collection":[{"href":"https:\/\/radiorevelacionfm.cl\/index.php?rest_route=\/wp\/v2\/posts"}],"about":[{"href":"https:\/\/radiorevelacionfm.cl\/index.php?rest_route=\/wp\/v2\/types\/post"}],"author":[{"embeddable":true,"href":"https:\/\/radiorevelacionfm.cl\/index.php?rest_route=\/wp\/v2\/users\/1"}],"replies":[{"embeddable":true,"href":"https:\/\/radiorevelacionfm.cl\/index.php?rest_route=%2Fwp%2Fv2%2Fcomments&post=45988"}],"version-history":[{"count":1,"href":"https:\/\/radiorevelacionfm.cl\/index.php?rest_route=\/wp\/v2\/posts\/45988\/revisions"}],"predecessor-version":[{"id":45989,"href":"https:\/\/radiorevelacionfm.cl\/index.php?rest_route=\/wp\/v2\/posts\/45988\/revisions\/45989"}],"wp:featuredmedia":[{"embeddable":true,"href":"https:\/\/radiorevelacionfm.cl\/index.php?rest_route=\/wp\/v2\/media\/44755"}],"wp:attachment":[{"href":"https:\/\/radiorevelacionfm.cl\/index.php?rest_route=%2Fwp%2Fv2%2Fmedia&parent=45988"}],"wp:term":[{"taxonomy":"category","embeddable":true,"href":"https:\/\/radiorevelacionfm.cl\/index.php?rest_route=%2Fwp%2Fv2%2Fcategories&post=45988"},{"taxonomy":"post_tag","embeddable":true,"href":"https:\/\/radiorevelacionfm.cl\/index.php?rest_route=%2Fwp%2Fv2%2Ftags&post=45988"}],"curies":[{"name":"wp","href":"https:\/\/api.w.org\/{rel}","templated":true}]}}