{"id":45985,"date":"2024-09-07T13:32:32","date_gmt":"2024-09-07T16:32:32","guid":{"rendered":"https:\/\/radiorevelacionfm.cl\/?p=45985"},"modified":"2024-09-07T13:32:32","modified_gmt":"2024-09-07T16:32:32","slug":"orquesta-sinfonica-juvenil-regional-de-aysen-prepara-temporada-2024","status":"publish","type":"post","link":"https:\/\/radiorevelacionfm.cl\/?p=45985","title":{"rendered":"Orquesta Sinf\u00f3nica Juvenil Regional de Ays\u00e9n prepara temporada 2024"},"content":{"rendered":"<div class=\"flex_column av_one_full  flex_column_div av-zero-column-padding first  avia-builder-el-0  el_before_av_one_full  avia-builder-el-first  \" style='border-radius:0px; '><div  class='avia-image-container  av-styling-    avia-builder-el-1  avia-builder-el-no-sibling  avia-align-center '  itemprop=\"image\" itemscope=\"itemscope\" itemtype=\"https:\/\/schema.org\/ImageObject\"  ><div class='avia-image-container-inner'><div class='avia-image-overlay-wrap'><img decoding=\"async\" class='wp-image-45986 avia-img-lazy-loading-not-45986 avia_image' src=\"https:\/\/radiorevelacionfm.cl\/wp-content\/uploads\/2024\/09\/OSJR-Aysen-IMG_3870-1-1.jpg\" alt='' title='OSJR Ays\u00e9n IMG_3870 (1) (1)' height=\"600\" width=\"900\"  itemprop=\"thumbnailUrl\" srcset=\"https:\/\/radiorevelacionfm.cl\/wp-content\/uploads\/2024\/09\/OSJR-Aysen-IMG_3870-1-1.jpg 900w, https:\/\/radiorevelacionfm.cl\/wp-content\/uploads\/2024\/09\/OSJR-Aysen-IMG_3870-1-1-300x200.jpg 300w, https:\/\/radiorevelacionfm.cl\/wp-content\/uploads\/2024\/09\/OSJR-Aysen-IMG_3870-1-1-768x512.jpg 768w, https:\/\/radiorevelacionfm.cl\/wp-content\/uploads\/2024\/09\/OSJR-Aysen-IMG_3870-1-1-705x470.jpg 705w, https:\/\/radiorevelacionfm.cl\/wp-content\/uploads\/2024\/09\/OSJR-Aysen-IMG_3870-1-1-450x300.jpg 450w, https:\/\/radiorevelacionfm.cl\/wp-content\/uploads\/2024\/09\/OSJR-Aysen-IMG_3870-1-1-600x400.jpg 600w\" sizes=\"(max-width: 900px) 100vw, 900px\" \/><\/div><\/div><\/div><\/div><div class=\"flex_column av_one_full  flex_column_div av-zero-column-padding first  avia-builder-el-2  el_after_av_one_full  el_before_av_one_full  column-top-margin\" style='border-radius:0px; '><section class=\"av_textblock_section \"  itemscope=\"itemscope\" itemtype=\"https:\/\/schema.org\/BlogPosting\" itemprop=\"blogPost\" ><div class='avia_textblock  '   itemprop=\"text\" ><p style=\"text-align: center;\"><span style=\"font-size: 18pt;\"><b>Orquesta Sinf\u00f3nica Juvenil Regional de Ays\u00e9n prepara temporada 2024<\/b><\/span><\/p>\n<div id=\"gtx-trans\" style=\"position: absolute; left: -50px; top: 4.31534px;\">\n<div class=\"gtx-trans-icon\"><\/div>\n<\/div>\n<\/div><\/section><\/div><div class=\"flex_column av_one_full  flex_column_div av-zero-column-padding first  avia-builder-el-4  el_after_av_one_full  el_before_av_hr  column-top-margin\" style='border-radius:0px; '><section class=\"av_textblock_section \"  itemscope=\"itemscope\" itemtype=\"https:\/\/schema.org\/BlogPosting\" itemprop=\"blogPost\" ><div class='avia_textblock  '   itemprop=\"text\" ><p class=\"v1MsoNormal\" style=\"text-align: justify;\" align=\"center\"><i>La OSJR de Ays\u00e9n, una de las 15 orquestas sinf\u00f3nicas regionales de la Fundaci\u00f3n de Orquestas Juveniles e Infantiles de Chile,<\/i><i>\u00a0se presentar\u00e1 con dos funciones, la primera de ella, este 9 de septiembre con car\u00e1cter educativo y de compartir conocimientos entre orquestas.<\/i><\/p>\n<p class=\"v1MsoNormal\" style=\"text-align: justify;\">Un activo trabajo y nuevos desaf\u00edos en este 2024 es el que ha llevado por delante en la Regi\u00f3n de Ays\u00e9n la Fundaci\u00f3n de Orquestas Juveniles e Infantiles de Chile, FOJI, a trav\u00e9s de la Orquesta Sinf\u00f3nica Juvenil Regional de Ays\u00e9n (OSJR Ays\u00e9n), dirigida por Jos\u00e9 Valdivia. Conjunto instrumental que se prepara con todo para deleitar una vez m\u00e1s a la comunidad de la regi\u00f3n con un Concierto Educacional y uno de Gala.<\/p>\n<p class=\"v1MsoNormal\" style=\"text-align: justify;\">Compuesta por 42 j\u00f3venes m\u00fasicos desde los 10 a los 18 a\u00f1os, provenientes de las comunas de Ays\u00e9n, Cisnes, Coyhaique y R\u00edo Ib\u00e1\u00f1ez, la OSJR de Ays\u00e9n interpretar\u00e1 un repertorio variado que va desde la m\u00fasica chilena a grandes compositores de todos los tiempos, y que como cada a\u00f1o invita a la comunidad aysenina a deleitarse.<\/p>\n<p class=\"v1MsoNormal\" style=\"text-align: justify;\">El primer concierto de car\u00e1cter educacional ser\u00e1 el lunes 09 de septiembre\u00a0en la Escuela Baquedano, al cual FOJI ha invitado exclusivamente a ocho orquestas infantiles y juveniles de la comuna de Coyhaique. Esto, precisamente para potenciar el desarrollo entre las diversas orquestas comunales.<\/p>\n<p class=\"v1MsoNormal\" style=\"text-align: justify;\">\u00abContaremos con la presencia de los peque\u00f1os de Valle Simpson y de R\u00edo Blanco, dos localidades rurales de nuestra comuna de Coyhaique, que est\u00e1n en un trabajo de iniciaci\u00f3n musical. Va a ser un concierto enfocado en resaltar y generar este v\u00ednculo con las orquestas de la comuna y como orquesta anfitriona estar\u00e1 el conjunto de la Escuela Baquedano, bajo la direcci\u00f3n de Felipe P\u00e9rez Orellana. As\u00ed que tambi\u00e9n va a ser un trabajo bien bonito, que va generar un nexo muy cercano con los con los ni\u00f1os, ni\u00f1as y j\u00f3venes que est\u00e1n siendo parte de la formaci\u00f3n inicial orquestal en la comuna de Coyhaique\u00bb, detall\u00f3 la Coordinadora de la OSJR de Ays\u00e9n, J\u00e9ssica Vera Vallejos.<\/p>\n<p class=\"v1MsoNormal\" style=\"text-align: justify;\">La segunda presentaci\u00f3n, gratuita y abierta a toda la familia, ser\u00e1 el s\u00e1bado 05 de octubre, a las 20 hrs., en la Catedral de Coyhaique.<\/p>\n<p class=\"v1MsoNormal\" style=\"text-align: justify;\">El Director Ejecutivo de FOJI, el compositor Pablo Aranda Rojas, relev\u00f3 el compromiso en las regiones al afirmar que \u00abpara FOJI la presencia de las orquestas regionales que tenemos a lo largo de todo Chile tiene un sentido de re significaci\u00f3n de la pr\u00e1ctica orquestal, al mismo tiempo que es un aporte a la descentralizaci\u00f3n y promueve un acceso m\u00e1s amplio a la m\u00fasica para orquesta\u00bb.<\/p>\n<p class=\"v1MsoNormal\" style=\"text-align: justify;\">En tanto que, Vera Vallejos, destac\u00f3 el trabajo sostenido en el tiempo y lo que se viene para este per\u00edodo. \u00abHa sido el a\u00f1o de nuevos caminos. Para la mitad de los integrantes de la orquesta es su primera experiencia en la OSJR de Ays\u00e9n y tambi\u00e9n tenemos un nuevo Director Musical: Jos\u00e9 Valdivia\u00bb, declar\u00f3 la coordinadora.<\/p>\n<p class=\"v1MsoNormal\" style=\"text-align: justify;\">Agreg\u00f3 que \u00abcomo FOJI hemos buscado desarrollar de manera \u00edntegra los aprendizajes musicales, contamos con una profesional del \u00e1rea psicosocial para poder brindar otras herramientas, tambi\u00e9n apoyamos el trabajo que las orquestas base est\u00e1n realizando en la regi\u00f3n y que podemos potenciar a trav\u00e9s de la Orquesta Sinf\u00f3nica Juvenil Regional de Ays\u00e9n\u00bb.<\/p>\n<p class=\"v1MsoNormal\" style=\"text-align: justify;\">Hay que destacar que la Orquesta Sinf\u00f3nica Juvenil Regional de Ays\u00e9n tiene una amplia trayectoria musical desde sus inicios en el a\u00f1o 2010 cuando se crea oficialmente, consolid\u00e1ndose en el paso del tiempo, con presentaciones a lo largo de la Regi\u00f3n de Ays\u00e9n y recorriendo escenarios en los distintos encuentros nacionales y macrozonales.<\/p>\n<div style=\"text-align: justify;\"><\/div>\n<\/div><\/section><\/div><div  style='height:50px' class='hr hr-invisible   avia-builder-el-6  el_after_av_one_full  el_before_av_social_share '><span class='hr-inner ' ><span class='hr-inner-style'><\/span><\/span><\/div><\/p>\n<div  class='av-social-sharing-box  avia-builder-el-7  el_after_av_hr  el_before_av_hr  '><div class='av-share-box'><h5 class='av-share-link-description av-no-toc '>Compartir esta noticia<\/h5><ul class='av-share-box-list noLightbox'><li class='av-share-link av-social-link-facebook' ><a target=\"_blank\" aria-label=\"Compartir en Facebook\" href='https:\/\/www.facebook.com\/sharer.php?u=https:\/\/radiorevelacionfm.cl\/?p=45985&#038;t=Orquesta%20Sinf%C3%B3nica%20Juvenil%20Regional%20de%20Ays%C3%A9n%20prepara%20temporada%202024' aria-hidden='false' data-av_icon='\ue8f3' data-av_iconfont='entypo-fontello' title='' data-avia-related-tooltip='Compartir en Facebook' rel=\"noopener\"><span class='avia_hidden_link_text'>Compartir en Facebook<\/span><\/a><\/li><li class='av-share-link av-social-link-twitter' ><a target=\"_blank\" aria-label=\"Compartir en Twitter\" href='https:\/\/twitter.com\/share?text=Orquesta%20Sinf%C3%B3nica%20Juvenil%20Regional%20de%20Ays%C3%A9n%20prepara%20temporada%202024&#038;url=https:\/\/radiorevelacionfm.cl\/?p=45985' aria-hidden='false' data-av_icon='\ue8f1' data-av_iconfont='entypo-fontello' title='' data-avia-related-tooltip='Compartir en Twitter' rel=\"noopener\"><span class='avia_hidden_link_text'>Compartir en Twitter<\/span><\/a><\/li><li class='av-share-link av-social-link-whatsapp' ><a target=\"_blank\" aria-label=\"Compartir en Whatsapp\" href='https:\/\/api.whatsapp.com\/send?text=https:\/\/radiorevelacionfm.cl\/?p=45985' aria-hidden='false' data-av_icon='\uf232' data-av_iconfont='entypo-fontello' title='' data-avia-related-tooltip='Compartir en Whatsapp' rel=\"noopener\"><span class='avia_hidden_link_text'>Compartir en Whatsapp<\/span><\/a><\/li><li class='av-share-link av-social-link-linkedin' ><a target=\"_blank\" aria-label=\"Compartir en LinkedIn\" href='https:\/\/linkedin.com\/shareArticle?mini=true&#038;title=Orquesta%20Sinf%C3%B3nica%20Juvenil%20Regional%20de%20Ays%C3%A9n%20prepara%20temporada%202024&#038;url=https:\/\/radiorevelacionfm.cl\/?p=45985' aria-hidden='false' data-av_icon='\ue8fc' data-av_iconfont='entypo-fontello' title='' data-avia-related-tooltip='Compartir en LinkedIn' rel=\"noopener\"><span class='avia_hidden_link_text'>Compartir en LinkedIn<\/span><\/a><\/li><li class='av-share-link av-social-link-mail' ><a  aria-label=\"Compartir por correo\" href='mailto:?subject=Orquesta%20Sinf%C3%B3nica%20Juvenil%20Regional%20de%20Ays%C3%A9n%20prepara%20temporada%202024&#038;body=https:\/\/radiorevelacionfm.cl\/?p=45985' aria-hidden='false' data-av_icon='\ue805' data-av_iconfont='entypo-fontello' title='' data-avia-related-tooltip='Compartir por correo'><span class='avia_hidden_link_text'>Compartir por correo<\/span><\/a><\/li><\/ul><\/div><\/div>\n<div  style='height:50px' class='hr hr-invisible   avia-builder-el-8  el_after_av_social_share  el_before_av_comments_list '><span class='hr-inner ' ><span class='hr-inner-style'><\/span><\/span><\/div>\n<div  class='av-buildercomment  av-blog-meta-html-info-disabled av-blog-meta-tag-disabled  '><\/div>\n","protected":false},"excerpt":{"rendered":"","protected":false},"author":1,"featured_media":45986,"comment_status":"open","ping_status":"open","sticky":false,"template":"","format":"standard","meta":{"footnotes":""},"categories":[43],"tags":[],"class_list":["post-45985","post","type-post","status-publish","format-standard","has-post-thumbnail","hentry","category-musica"],"jetpack_featured_media_url":"https:\/\/radiorevelacionfm.cl\/wp-content\/uploads\/2024\/09\/OSJR-Aysen-IMG_3870-1-1.jpg","_links":{"self":[{"href":"https:\/\/radiorevelacionfm.cl\/index.php?rest_route=\/wp\/v2\/posts\/45985","targetHints":{"allow":["GET"]}}],"collection":[{"href":"https:\/\/radiorevelacionfm.cl\/index.php?rest_route=\/wp\/v2\/posts"}],"about":[{"href":"https:\/\/radiorevelacionfm.cl\/index.php?rest_route=\/wp\/v2\/types\/post"}],"author":[{"embeddable":true,"href":"https:\/\/radiorevelacionfm.cl\/index.php?rest_route=\/wp\/v2\/users\/1"}],"replies":[{"embeddable":true,"href":"https:\/\/radiorevelacionfm.cl\/index.php?rest_route=%2Fwp%2Fv2%2Fcomments&post=45985"}],"version-history":[{"count":1,"href":"https:\/\/radiorevelacionfm.cl\/index.php?rest_route=\/wp\/v2\/posts\/45985\/revisions"}],"predecessor-version":[{"id":45987,"href":"https:\/\/radiorevelacionfm.cl\/index.php?rest_route=\/wp\/v2\/posts\/45985\/revisions\/45987"}],"wp:featuredmedia":[{"embeddable":true,"href":"https:\/\/radiorevelacionfm.cl\/index.php?rest_route=\/wp\/v2\/media\/45986"}],"wp:attachment":[{"href":"https:\/\/radiorevelacionfm.cl\/index.php?rest_route=%2Fwp%2Fv2%2Fmedia&parent=45985"}],"wp:term":[{"taxonomy":"category","embeddable":true,"href":"https:\/\/radiorevelacionfm.cl\/index.php?rest_route=%2Fwp%2Fv2%2Fcategories&post=45985"},{"taxonomy":"post_tag","embeddable":true,"href":"https:\/\/radiorevelacionfm.cl\/index.php?rest_route=%2Fwp%2Fv2%2Ftags&post=45985"}],"curies":[{"name":"wp","href":"https:\/\/api.w.org\/{rel}","templated":true}]}}