{"id":45980,"date":"2024-09-07T21:00:42","date_gmt":"2024-09-08T00:00:42","guid":{"rendered":"https:\/\/radiorevelacionfm.cl\/?p=45980"},"modified":"2024-09-07T21:00:42","modified_gmt":"2024-09-08T00:00:42","slug":"observatorio-laboral-aysen-inicia-su-encuesta-enadel-2024","status":"publish","type":"post","link":"https:\/\/radiorevelacionfm.cl\/?p=45980","title":{"rendered":"Observatorio Laboral Ays\u00e9n inicia su encuesta ENADEL 2024"},"content":{"rendered":"<div class=\"flex_column av_one_full  flex_column_div av-zero-column-padding first  avia-builder-el-0  el_before_av_one_full  avia-builder-el-first  \" style='border-radius:0px; '><div  class='avia-image-container  av-styling-    avia-builder-el-1  avia-builder-el-no-sibling  avia-align-center '  itemprop=\"image\" itemscope=\"itemscope\" itemtype=\"https:\/\/schema.org\/ImageObject\"  ><div class='avia-image-container-inner'><div class='avia-image-overlay-wrap'><img decoding=\"async\" class='wp-image-45981 avia-img-lazy-loading-not-45981 avia_image' src=\"https:\/\/radiorevelacionfm.cl\/wp-content\/uploads\/2024\/09\/13-13-1_optimized.jpg\" alt='' title='13-(13)-(1)_optimized' height=\"600\" width=\"897\"  itemprop=\"thumbnailUrl\" srcset=\"https:\/\/radiorevelacionfm.cl\/wp-content\/uploads\/2024\/09\/13-13-1_optimized.jpg 897w, https:\/\/radiorevelacionfm.cl\/wp-content\/uploads\/2024\/09\/13-13-1_optimized-300x201.jpg 300w, https:\/\/radiorevelacionfm.cl\/wp-content\/uploads\/2024\/09\/13-13-1_optimized-768x514.jpg 768w, https:\/\/radiorevelacionfm.cl\/wp-content\/uploads\/2024\/09\/13-13-1_optimized-705x472.jpg 705w, https:\/\/radiorevelacionfm.cl\/wp-content\/uploads\/2024\/09\/13-13-1_optimized-450x301.jpg 450w, https:\/\/radiorevelacionfm.cl\/wp-content\/uploads\/2024\/09\/13-13-1_optimized-600x401.jpg 600w\" sizes=\"(max-width: 897px) 100vw, 897px\" \/><\/div><\/div><\/div><\/div><div class=\"flex_column av_one_full  flex_column_div av-zero-column-padding first  avia-builder-el-2  el_after_av_one_full  el_before_av_one_full  column-top-margin\" style='border-radius:0px; '><section class=\"av_textblock_section \"  itemscope=\"itemscope\" itemtype=\"https:\/\/schema.org\/BlogPosting\" itemprop=\"blogPost\" ><div class='avia_textblock  '   itemprop=\"text\" ><p style=\"text-align: center;\"><span style=\"font-size: 18pt;\"><strong>Observatorio Laboral Ays\u00e9n inicia su encuesta ENADEL 2024<\/strong><\/span><\/p>\n<div id=\"gtx-trans\" style=\"position: absolute; left: -50px; top: 4.31534px;\">\n<div class=\"gtx-trans-icon\"><\/div>\n<\/div>\n<\/div><\/section><\/div><div class=\"flex_column av_one_full  flex_column_div av-zero-column-padding first  avia-builder-el-4  el_after_av_one_full  el_before_av_hr  column-top-margin\" style='border-radius:0px; '><section class=\"av_textblock_section \"  itemscope=\"itemscope\" itemtype=\"https:\/\/schema.org\/BlogPosting\" itemprop=\"blogPost\" ><div class='avia_textblock  '   itemprop=\"text\" ><p style=\"text-align: justify;\"><em>Desde el 02 de septiembre al 30 de noviembre se estar\u00e1 llevando a cabo la aplicaci\u00f3n de este instrumento, el que est\u00e1 a cargo de encuestadores del Observatorio Laboral de la regi\u00f3n, quienes se desplazar\u00e1n por las cuatro provincias de la Regi\u00f3n.<\/em><\/p>\n<p style=\"text-align: justify;\">Financiada con presupuesto p\u00fablico desde el a\u00f1o 2020, la Encuesta Nacional de Demanda Laboral, ENADEL es una pesquisa anual que tiene por objetivo levantar informaci\u00f3n detallada sobre la demanda actualizada de las ocupaciones a lo largo del pa\u00eds, donde a su vez impacta la incorporaci\u00f3n de nuevas tecnolog\u00edas en el \u00e1mbito laboral, incluyendo aspectos como desvinculaciones, contrataciones y reconversi\u00f3n laboral.<\/p>\n<p style=\"text-align: justify;\">El Seremi del Trabajo y Previsi\u00f3n Social, Rodrigo D\u00edaz Cordaro, se mostr\u00f3 muy contento por iniciar con este levantamiento e inst\u00f3 a las empresas de la regi\u00f3n que abran sus puertas y respondan fidedignamente las preguntas para lograr un an\u00e1lisis cuantitativo que sustente la muestra final reflejando nuestra realidad aysenina.<\/p>\n<p style=\"text-align: justify;\">\u201cTenemos la fortuna de contar nuevamente con el Observatorio Laboral, que desde sus inicios ha sido un instrumento fundamental para tener datos regionalizados y con una mirada local para tomar decisiones en pol\u00edticas p\u00fablicas y conocer temas relacionados con el mundo laboral. En este caso, la Encuesta Enadel ya comenz\u00f3 aplicarse y se encuestar\u00e1 en las cuatro provincias, por lo que les solicitamos a las empresas su m\u00e1ximo apoyo para conocer de primera fuente la realidad de las empresas en t\u00e9rminos laborales, sus necesidades y brechas de capital humano en sus equipos. Como Gobierno del Presidente Boris estamos avanzando en diversas materias de tem\u00e1ticas laborales y esperamos contribuir desde Sence y ChileValora, tanto en el desarrollo de las y los trabajadores, como de las empresas regionales, focalizando recursos, por ejemplo, a trav\u00e9s del Consejo Regional de Capacitaci\u00f3n y ajustando la oferta program\u00e1tica\u201d, afirm\u00f3 el Seremi D\u00edaz Cordaro.<\/p>\n<p style=\"text-align: justify;\">Seg\u00fan las palabras de C\u00e9sar G\u00f3mez Berrocal, Director del nuevo Observatorio Laboral de Ays\u00e9n, a cargo del Centro de Formaci\u00f3n T\u00e9cnica Estatal de Ays\u00e9n y financiado por la Subsecretar\u00eda del Trabajo, este estudio ser\u00e1 ejecutado a trav\u00e9s de la conformaci\u00f3n de un equipo multidisciplinario compuesto por coordinadores, analistas cualitativos y cuantitativos quienes trabajar\u00e1n en conjunto a encuestadores que se desplazar\u00e1n por el territorio.<\/p>\n<p style=\"text-align: justify;\">En este contexto se\u00f1al\u00f3 \u201cEs de vital importancia la disposici\u00f3n de las empresas regionales para recibir a los encuestadores de terreno ya que con este documento se genera informaci\u00f3n de calidad para la implementaci\u00f3n de pol\u00edticas publicas de capacitaci\u00f3n y empleo. Tambi\u00e9n quiero indicar que dentro del protocolo se considera un contacto previo con la empresa y env\u00edo del instrumento a la empresa, para su revisi\u00f3n previa. A su vez, los encuestadores contar\u00e1n con su respectiva credencial para garantizar la confiabilidad del proceso\u201d.<\/p>\n<p style=\"text-align: justify;\"><strong><u>ENADEL 2024<\/u><\/strong><\/p>\n<p style=\"text-align: justify;\">Con respecto al p\u00fablico objetivo de esta versi\u00f3n, se encuestar\u00e1 a empresas que tienen iniciaci\u00f3n de actividades al a\u00f1o 2023 y desarrollan alguna actividad seg\u00fan la preselecci\u00f3n y que declararon en promedio mensual, 10 o m\u00e1s trabajadores, incluyendo honorarios.<\/p>\n<p style=\"text-align: justify;\">Este documento consta de preguntas espec\u00edficas para los empleadores, a quienes se les contactar\u00e1 previamente v\u00eda telef\u00f3nica para agendar la visita y sepan de qu\u00e9 tenor ser\u00e1n las interrogantes, las cuales ser\u00e1n respondidas posteriormente con el encuestador quien, a su vez, las archivar\u00e1 en una plataforma nacional para completar la base de datos y dar paso a las estad\u00edsticas correspondientes que develar\u00e1n la realidad actualizada sobre oferta y demanda laboral en nuestra regi\u00f3n.<\/p>\n<p style=\"text-align: justify;\">Para conocer m\u00e1s del trabajo del nuevo Observatorio Laboral Ays\u00e9n, pueden revisar sus redes sociales en Instagram como @olraysen, en X como @OLRAysen y su fanpage de Facebook: Observatorio Laboral Ays\u00e9n.<\/p>\n<\/div><\/section><\/div><div  style='height:50px' class='hr hr-invisible   avia-builder-el-6  el_after_av_one_full  el_before_av_social_share '><span class='hr-inner ' ><span class='hr-inner-style'><\/span><\/span><\/div><\/p>\n<div  class='av-social-sharing-box  avia-builder-el-7  el_after_av_hr  el_before_av_hr  '><div class='av-share-box'><h5 class='av-share-link-description av-no-toc '>Compartir esta noticia<\/h5><ul class='av-share-box-list noLightbox'><li class='av-share-link av-social-link-facebook' ><a target=\"_blank\" aria-label=\"Compartir en Facebook\" href='https:\/\/www.facebook.com\/sharer.php?u=https:\/\/radiorevelacionfm.cl\/?p=45980&#038;t=Observatorio%20Laboral%20Ays%C3%A9n%20inicia%20su%20encuesta%20ENADEL%202024' aria-hidden='false' data-av_icon='\ue8f3' data-av_iconfont='entypo-fontello' title='' data-avia-related-tooltip='Compartir en Facebook' rel=\"noopener\"><span class='avia_hidden_link_text'>Compartir en Facebook<\/span><\/a><\/li><li class='av-share-link av-social-link-twitter' ><a target=\"_blank\" aria-label=\"Compartir en Twitter\" href='https:\/\/twitter.com\/share?text=Observatorio%20Laboral%20Ays%C3%A9n%20inicia%20su%20encuesta%20ENADEL%202024&#038;url=https:\/\/radiorevelacionfm.cl\/?p=45980' aria-hidden='false' data-av_icon='\ue8f1' data-av_iconfont='entypo-fontello' title='' data-avia-related-tooltip='Compartir en Twitter' rel=\"noopener\"><span class='avia_hidden_link_text'>Compartir en Twitter<\/span><\/a><\/li><li class='av-share-link av-social-link-whatsapp' ><a target=\"_blank\" aria-label=\"Compartir en Whatsapp\" href='https:\/\/api.whatsapp.com\/send?text=https:\/\/radiorevelacionfm.cl\/?p=45980' aria-hidden='false' data-av_icon='\uf232' data-av_iconfont='entypo-fontello' title='' data-avia-related-tooltip='Compartir en Whatsapp' rel=\"noopener\"><span class='avia_hidden_link_text'>Compartir en Whatsapp<\/span><\/a><\/li><li class='av-share-link av-social-link-linkedin' ><a target=\"_blank\" aria-label=\"Compartir en LinkedIn\" href='https:\/\/linkedin.com\/shareArticle?mini=true&#038;title=Observatorio%20Laboral%20Ays%C3%A9n%20inicia%20su%20encuesta%20ENADEL%202024&#038;url=https:\/\/radiorevelacionfm.cl\/?p=45980' aria-hidden='false' data-av_icon='\ue8fc' data-av_iconfont='entypo-fontello' title='' data-avia-related-tooltip='Compartir en LinkedIn' rel=\"noopener\"><span class='avia_hidden_link_text'>Compartir en LinkedIn<\/span><\/a><\/li><li class='av-share-link av-social-link-mail' ><a  aria-label=\"Compartir por correo\" href='mailto:?subject=Observatorio%20Laboral%20Ays%C3%A9n%20inicia%20su%20encuesta%20ENADEL%202024&#038;body=https:\/\/radiorevelacionfm.cl\/?p=45980' aria-hidden='false' data-av_icon='\ue805' data-av_iconfont='entypo-fontello' title='' data-avia-related-tooltip='Compartir por correo'><span class='avia_hidden_link_text'>Compartir por correo<\/span><\/a><\/li><\/ul><\/div><\/div>\n<div  style='height:50px' class='hr hr-invisible   avia-builder-el-8  el_after_av_social_share  el_before_av_comments_list '><span class='hr-inner ' ><span class='hr-inner-style'><\/span><\/span><\/div>\n<div  class='av-buildercomment  av-blog-meta-html-info-disabled av-blog-meta-tag-disabled  '><\/div>\n","protected":false},"excerpt":{"rendered":"","protected":false},"author":1,"featured_media":45981,"comment_status":"open","ping_status":"open","sticky":false,"template":"","format":"standard","meta":{"footnotes":""},"categories":[38],"tags":[],"class_list":["post-45980","post","type-post","status-publish","format-standard","has-post-thumbnail","hentry","category-regional"],"jetpack_featured_media_url":"https:\/\/radiorevelacionfm.cl\/wp-content\/uploads\/2024\/09\/13-13-1_optimized.jpg","_links":{"self":[{"href":"https:\/\/radiorevelacionfm.cl\/index.php?rest_route=\/wp\/v2\/posts\/45980","targetHints":{"allow":["GET"]}}],"collection":[{"href":"https:\/\/radiorevelacionfm.cl\/index.php?rest_route=\/wp\/v2\/posts"}],"about":[{"href":"https:\/\/radiorevelacionfm.cl\/index.php?rest_route=\/wp\/v2\/types\/post"}],"author":[{"embeddable":true,"href":"https:\/\/radiorevelacionfm.cl\/index.php?rest_route=\/wp\/v2\/users\/1"}],"replies":[{"embeddable":true,"href":"https:\/\/radiorevelacionfm.cl\/index.php?rest_route=%2Fwp%2Fv2%2Fcomments&post=45980"}],"version-history":[{"count":1,"href":"https:\/\/radiorevelacionfm.cl\/index.php?rest_route=\/wp\/v2\/posts\/45980\/revisions"}],"predecessor-version":[{"id":45982,"href":"https:\/\/radiorevelacionfm.cl\/index.php?rest_route=\/wp\/v2\/posts\/45980\/revisions\/45982"}],"wp:featuredmedia":[{"embeddable":true,"href":"https:\/\/radiorevelacionfm.cl\/index.php?rest_route=\/wp\/v2\/media\/45981"}],"wp:attachment":[{"href":"https:\/\/radiorevelacionfm.cl\/index.php?rest_route=%2Fwp%2Fv2%2Fmedia&parent=45980"}],"wp:term":[{"taxonomy":"category","embeddable":true,"href":"https:\/\/radiorevelacionfm.cl\/index.php?rest_route=%2Fwp%2Fv2%2Fcategories&post=45980"},{"taxonomy":"post_tag","embeddable":true,"href":"https:\/\/radiorevelacionfm.cl\/index.php?rest_route=%2Fwp%2Fv2%2Ftags&post=45980"}],"curies":[{"name":"wp","href":"https:\/\/api.w.org\/{rel}","templated":true}]}}