{"id":45977,"date":"2024-09-06T19:35:52","date_gmt":"2024-09-06T22:35:52","guid":{"rendered":"https:\/\/radiorevelacionfm.cl\/?p=45977"},"modified":"2024-09-06T19:35:52","modified_gmt":"2024-09-06T22:35:52","slug":"invitan-a-personas-emprendedoras-a-capacitarse-en-marketing-digital","status":"publish","type":"post","link":"https:\/\/radiorevelacionfm.cl\/?p=45977","title":{"rendered":"Invitan a personas emprendedoras a capacitarse en marketing digital"},"content":{"rendered":"<div class=\"flex_column av_one_full  flex_column_div av-zero-column-padding first  avia-builder-el-0  el_before_av_one_full  avia-builder-el-first  \" style='border-radius:0px; '><div  class='avia-image-container  av-styling-    avia-builder-el-1  avia-builder-el-no-sibling  avia-align-center '  itemprop=\"image\" itemscope=\"itemscope\" itemtype=\"https:\/\/schema.org\/ImageObject\"  ><div class='avia-image-container-inner'><div class='avia-image-overlay-wrap'><img decoding=\"async\" class='wp-image-45978 avia-img-lazy-loading-not-45978 avia_image' src=\"https:\/\/radiorevelacionfm.cl\/wp-content\/uploads\/2024\/09\/marketing-360-1_optimized.jpg\" alt='' title='marketing-360-(1)_optimized' height=\"600\" width=\"900\"  itemprop=\"thumbnailUrl\" srcset=\"https:\/\/radiorevelacionfm.cl\/wp-content\/uploads\/2024\/09\/marketing-360-1_optimized.jpg 900w, https:\/\/radiorevelacionfm.cl\/wp-content\/uploads\/2024\/09\/marketing-360-1_optimized-300x200.jpg 300w, https:\/\/radiorevelacionfm.cl\/wp-content\/uploads\/2024\/09\/marketing-360-1_optimized-768x512.jpg 768w, https:\/\/radiorevelacionfm.cl\/wp-content\/uploads\/2024\/09\/marketing-360-1_optimized-705x470.jpg 705w, https:\/\/radiorevelacionfm.cl\/wp-content\/uploads\/2024\/09\/marketing-360-1_optimized-450x300.jpg 450w, https:\/\/radiorevelacionfm.cl\/wp-content\/uploads\/2024\/09\/marketing-360-1_optimized-600x400.jpg 600w\" sizes=\"(max-width: 900px) 100vw, 900px\" \/><\/div><\/div><\/div><\/div><div class=\"flex_column av_one_full  flex_column_div av-zero-column-padding first  avia-builder-el-2  el_after_av_one_full  el_before_av_one_full  column-top-margin\" style='border-radius:0px; '><section class=\"av_textblock_section \"  itemscope=\"itemscope\" itemtype=\"https:\/\/schema.org\/BlogPosting\" itemprop=\"blogPost\" ><div class='avia_textblock  '   itemprop=\"text\" ><p style=\"text-align: center;\"><span style=\"font-size: 18pt;\"><strong>Invitan a personas emprendedoras a capacitarse en marketing digital<\/strong><\/span><\/p>\n<div id=\"gtx-trans\" style=\"position: absolute; left: -50px; top: 4.31534px;\">\n<div class=\"gtx-trans-icon\"><\/div>\n<\/div>\n<\/div><\/section><\/div><div class=\"flex_column av_one_full  flex_column_div av-zero-column-padding first  avia-builder-el-4  el_after_av_one_full  el_before_av_hr  column-top-margin\" style='border-radius:0px; '><section class=\"av_textblock_section \"  itemscope=\"itemscope\" itemtype=\"https:\/\/schema.org\/BlogPosting\" itemprop=\"blogPost\" ><div class='avia_textblock  '   itemprop=\"text\" ><p style=\"text-align: justify;\"><em>La formaci\u00f3n gratuita llamada \u201cMarketing 360\u00b0\u201d, ofrece herramientas para hacer crecer un negocio a trav\u00e9s de un plan de marketing, desarrollo de contenidos para redes sociales, an\u00e1lisis de m\u00e9tricas y uso de inteligencia artificial.<\/em><\/p>\n<p style=\"text-align: justify;\">El Fondo de Solidaridad e Inversi\u00f3n Social, FOSIS, en alianza con Microsoft Chile, abrieron mil inscripciones para capacitarse en marketing digital, para quienes quieran dar sus primeros pasos en el mundo digital y con ello poder mejorar sus ventas, mediante nuevas herramientas para planificar y generar contenidos para las redes sociales.<\/p>\n<p style=\"text-align: justify;\">Se trata de \u201cMarketing 360\u00b0\u201d, una formaci\u00f3n gratuita de 15 horas, impartida por Eidos Global, con un formato en l\u00ednea y asincr\u00f3nico, de manera que las personas participantes puedan decidir su propio ritmo para llevar a cabo las clases.<\/p>\n<p style=\"text-align: justify;\">La Directora Regional del FOSIS en Ays\u00e9n, Fernanda Leiva, destac\u00f3 que \u00abqueremos convocar a las personas emprendedoras de la regi\u00f3n para que puedan inscribirse en estas capacitaciones de marketing digital que hemos venido desarrollando en conjunto con Microsoft Chile, con la idea de poder entregarles de manera gratuita estas valiosas herramientas digitales para difundir sus emprendimientos, comercializar sus productos y servicios con creatividad y efectividad desde sus redes sociales\u00bb.<\/p>\n<p style=\"text-align: justify;\">La autoridad adem\u00e1s recalc\u00f3 que \u00abestamos ad-portas de una nueva conmemoraci\u00f3n del D\u00eda Internacional de la Alfabetizaci\u00f3n Digital y estas formaciones que estamos impulsando tienen que ver con c\u00f3mo nos estamos haciendo cargo de esta brecha que existe para acceder a servicios digitales, que principalmente afecta a las personas y familias m\u00e1s vulnerables\u00bb.<\/p>\n<p style=\"text-align: justify;\">La formaci\u00f3n es te\u00f3rica y pr\u00e1ctica, e incluye, entre otros temas, comprender qu\u00e9 es un modelo de negocios; qu\u00e9 es la comunicaci\u00f3n creativa, utilizando la t\u00e9cnica de storytelling; qu\u00e9 aplicaciones son \u00fatiles para generar contenidos de dise\u00f1o y edici\u00f3n de videos, principalmente para redes sociales como Facebook, Instagram, YouTube, Whatsapp y TikTok.<\/p>\n<p style=\"text-align: justify;\">Adem\u00e1s, considera aprender el uso de herramientas de medici\u00f3n de impacto, a trav\u00e9s de m\u00e9tricas y reportes, as\u00ed como tambi\u00e9n recursos para armar una grilla o pauta de contenidos para redes sociales. Tambi\u00e9n, en esta edici\u00f3n se incluir\u00e1 un m\u00f3dulo especial para explicar el uso de la inteligencia artificial, aplicada a los emprendimientos.<\/p>\n<p style=\"text-align: justify;\">Los requisitos para postular al curso son: ser mayor de 18 a\u00f1os, disponer un dispositivo m\u00f3vil o una computadora con acceso a internet y contar con Clave\u00danica. Las inscripciones estar\u00e1n abiertas entre el 5 y el 13 de septiembre en www.fosis.gob.cl.<\/p>\n<\/div><\/section><\/div><div  style='height:50px' class='hr hr-invisible   avia-builder-el-6  el_after_av_one_full  el_before_av_social_share '><span class='hr-inner ' ><span class='hr-inner-style'><\/span><\/span><\/div><\/p>\n<div  class='av-social-sharing-box  avia-builder-el-7  el_after_av_hr  el_before_av_hr  '><div class='av-share-box'><h5 class='av-share-link-description av-no-toc '>Compartir esta noticia<\/h5><ul class='av-share-box-list noLightbox'><li class='av-share-link av-social-link-facebook' ><a target=\"_blank\" aria-label=\"Compartir en Facebook\" href='https:\/\/www.facebook.com\/sharer.php?u=https:\/\/radiorevelacionfm.cl\/?p=45977&#038;t=Invitan%20a%20personas%20emprendedoras%20a%20capacitarse%20en%20marketing%20digital' aria-hidden='false' data-av_icon='\ue8f3' data-av_iconfont='entypo-fontello' title='' data-avia-related-tooltip='Compartir en Facebook' rel=\"noopener\"><span class='avia_hidden_link_text'>Compartir en Facebook<\/span><\/a><\/li><li class='av-share-link av-social-link-twitter' ><a target=\"_blank\" aria-label=\"Compartir en Twitter\" href='https:\/\/twitter.com\/share?text=Invitan%20a%20personas%20emprendedoras%20a%20capacitarse%20en%20marketing%20digital&#038;url=https:\/\/radiorevelacionfm.cl\/?p=45977' aria-hidden='false' data-av_icon='\ue8f1' data-av_iconfont='entypo-fontello' title='' data-avia-related-tooltip='Compartir en Twitter' rel=\"noopener\"><span class='avia_hidden_link_text'>Compartir en Twitter<\/span><\/a><\/li><li class='av-share-link av-social-link-whatsapp' ><a target=\"_blank\" aria-label=\"Compartir en Whatsapp\" href='https:\/\/api.whatsapp.com\/send?text=https:\/\/radiorevelacionfm.cl\/?p=45977' aria-hidden='false' data-av_icon='\uf232' data-av_iconfont='entypo-fontello' title='' data-avia-related-tooltip='Compartir en Whatsapp' rel=\"noopener\"><span class='avia_hidden_link_text'>Compartir en Whatsapp<\/span><\/a><\/li><li class='av-share-link av-social-link-linkedin' ><a target=\"_blank\" aria-label=\"Compartir en LinkedIn\" href='https:\/\/linkedin.com\/shareArticle?mini=true&#038;title=Invitan%20a%20personas%20emprendedoras%20a%20capacitarse%20en%20marketing%20digital&#038;url=https:\/\/radiorevelacionfm.cl\/?p=45977' aria-hidden='false' data-av_icon='\ue8fc' data-av_iconfont='entypo-fontello' title='' data-avia-related-tooltip='Compartir en LinkedIn' rel=\"noopener\"><span class='avia_hidden_link_text'>Compartir en LinkedIn<\/span><\/a><\/li><li class='av-share-link av-social-link-mail' ><a  aria-label=\"Compartir por correo\" href='mailto:?subject=Invitan%20a%20personas%20emprendedoras%20a%20capacitarse%20en%20marketing%20digital&#038;body=https:\/\/radiorevelacionfm.cl\/?p=45977' aria-hidden='false' data-av_icon='\ue805' data-av_iconfont='entypo-fontello' title='' data-avia-related-tooltip='Compartir por correo'><span class='avia_hidden_link_text'>Compartir por correo<\/span><\/a><\/li><\/ul><\/div><\/div>\n<div  style='height:50px' class='hr hr-invisible   avia-builder-el-8  el_after_av_social_share  el_before_av_comments_list '><span class='hr-inner ' ><span class='hr-inner-style'><\/span><\/span><\/div>\n<div  class='av-buildercomment  av-blog-meta-html-info-disabled av-blog-meta-tag-disabled  '><\/div>\n","protected":false},"excerpt":{"rendered":"","protected":false},"author":1,"featured_media":45978,"comment_status":"open","ping_status":"open","sticky":false,"template":"","format":"standard","meta":{"footnotes":""},"categories":[38],"tags":[],"class_list":["post-45977","post","type-post","status-publish","format-standard","has-post-thumbnail","hentry","category-regional"],"jetpack_featured_media_url":"https:\/\/radiorevelacionfm.cl\/wp-content\/uploads\/2024\/09\/marketing-360-1_optimized.jpg","_links":{"self":[{"href":"https:\/\/radiorevelacionfm.cl\/index.php?rest_route=\/wp\/v2\/posts\/45977","targetHints":{"allow":["GET"]}}],"collection":[{"href":"https:\/\/radiorevelacionfm.cl\/index.php?rest_route=\/wp\/v2\/posts"}],"about":[{"href":"https:\/\/radiorevelacionfm.cl\/index.php?rest_route=\/wp\/v2\/types\/post"}],"author":[{"embeddable":true,"href":"https:\/\/radiorevelacionfm.cl\/index.php?rest_route=\/wp\/v2\/users\/1"}],"replies":[{"embeddable":true,"href":"https:\/\/radiorevelacionfm.cl\/index.php?rest_route=%2Fwp%2Fv2%2Fcomments&post=45977"}],"version-history":[{"count":1,"href":"https:\/\/radiorevelacionfm.cl\/index.php?rest_route=\/wp\/v2\/posts\/45977\/revisions"}],"predecessor-version":[{"id":45979,"href":"https:\/\/radiorevelacionfm.cl\/index.php?rest_route=\/wp\/v2\/posts\/45977\/revisions\/45979"}],"wp:featuredmedia":[{"embeddable":true,"href":"https:\/\/radiorevelacionfm.cl\/index.php?rest_route=\/wp\/v2\/media\/45978"}],"wp:attachment":[{"href":"https:\/\/radiorevelacionfm.cl\/index.php?rest_route=%2Fwp%2Fv2%2Fmedia&parent=45977"}],"wp:term":[{"taxonomy":"category","embeddable":true,"href":"https:\/\/radiorevelacionfm.cl\/index.php?rest_route=%2Fwp%2Fv2%2Fcategories&post=45977"},{"taxonomy":"post_tag","embeddable":true,"href":"https:\/\/radiorevelacionfm.cl\/index.php?rest_route=%2Fwp%2Fv2%2Ftags&post=45977"}],"curies":[{"name":"wp","href":"https:\/\/api.w.org\/{rel}","templated":true}]}}