{"id":45974,"date":"2024-09-06T18:00:21","date_gmt":"2024-09-06T21:00:21","guid":{"rendered":"https:\/\/radiorevelacionfm.cl\/?p=45974"},"modified":"2024-09-06T18:00:21","modified_gmt":"2024-09-06T21:00:21","slug":"green-aysen-2024-finaliza-con-exito-con-la-participacion-de-mas-de-100-actores-del-turismo","status":"publish","type":"post","link":"https:\/\/radiorevelacionfm.cl\/?p=45974","title":{"rendered":"Green Ays\u00e9n 2024 finaliza con \u00e9xito con la participaci\u00f3n de m\u00e1s de 100 actores del turismo"},"content":{"rendered":"<div class=\"flex_column av_one_full  flex_column_div av-zero-column-padding first  avia-builder-el-0  el_before_av_one_full  avia-builder-el-first  \" style='border-radius:0px; '><div  class='avia-image-container  av-styling-    avia-builder-el-1  avia-builder-el-no-sibling  avia-align-center '  itemprop=\"image\" itemscope=\"itemscope\" itemtype=\"https:\/\/schema.org\/ImageObject\"  ><div class='avia-image-container-inner'><div class='avia-image-overlay-wrap'><img decoding=\"async\" class='wp-image-45975 avia-img-lazy-loading-not-45975 avia_image' src=\"https:\/\/radiorevelacionfm.cl\/wp-content\/uploads\/2024\/09\/01-greenaysen-1_optimized.jpeg\" alt='' title='01-greenays\u00e9n-(1)_optimized' height=\"600\" width=\"901\"  itemprop=\"thumbnailUrl\" srcset=\"https:\/\/radiorevelacionfm.cl\/wp-content\/uploads\/2024\/09\/01-greenaysen-1_optimized.jpeg 901w, https:\/\/radiorevelacionfm.cl\/wp-content\/uploads\/2024\/09\/01-greenaysen-1_optimized-300x200.jpeg 300w, https:\/\/radiorevelacionfm.cl\/wp-content\/uploads\/2024\/09\/01-greenaysen-1_optimized-768x511.jpeg 768w, https:\/\/radiorevelacionfm.cl\/wp-content\/uploads\/2024\/09\/01-greenaysen-1_optimized-705x469.jpeg 705w, https:\/\/radiorevelacionfm.cl\/wp-content\/uploads\/2024\/09\/01-greenaysen-1_optimized-450x300.jpeg 450w, https:\/\/radiorevelacionfm.cl\/wp-content\/uploads\/2024\/09\/01-greenaysen-1_optimized-600x400.jpeg 600w\" sizes=\"(max-width: 901px) 100vw, 901px\" \/><\/div><\/div><\/div><\/div><div class=\"flex_column av_one_full  flex_column_div av-zero-column-padding first  avia-builder-el-2  el_after_av_one_full  el_before_av_one_full  column-top-margin\" style='border-radius:0px; '><section class=\"av_textblock_section \"  itemscope=\"itemscope\" itemtype=\"https:\/\/schema.org\/BlogPosting\" itemprop=\"blogPost\" ><div class='avia_textblock  '   itemprop=\"text\" ><p style=\"text-align: center;\"><span style=\"font-size: 18pt;\"><b>Green Ays\u00e9n 2024 finaliza con \u00e9xito con la participaci\u00f3n de m\u00e1s de 100 actores del turismo<\/b><\/span><\/p>\n<div id=\"gtx-trans\" style=\"position: absolute; left: -50px; top: 4.31534px;\">\n<div class=\"gtx-trans-icon\"><\/div>\n<\/div>\n<\/div><\/section><\/div><div class=\"flex_column av_one_full  flex_column_div av-zero-column-padding first  avia-builder-el-4  el_after_av_one_full  el_before_av_hr  column-top-margin\" style='border-radius:0px; '><section class=\"av_textblock_section \"  itemscope=\"itemscope\" itemtype=\"https:\/\/schema.org\/BlogPosting\" itemprop=\"blogPost\" ><div class='avia_textblock  '   itemprop=\"text\" ><p style=\"font-weight: 400; text-align: justify;\"><em>Este encuentro, apoyado por Corfo, subray\u00f3 el compromiso con la sostenibilidad y la colaboraci\u00f3n entre emprendedores y expertos, consolidando a Ays\u00e9n como un modelo de turismo respetuoso con el medio ambiente y la cultura local.<\/em><\/p>\n<p style=\"font-weight: 400; text-align: justify;\">Con la participaci\u00f3n de Omar Valdez, Director Ejecutivo de <a href=\"https:\/\/www.unwto.org\/es\/academia-de-onu-turismo\" data-saferedirecturl=\"https:\/\/www.google.com\/url?q=https:\/\/www.unwto.org\/es\/academia-de-onu-turismo&amp;source=gmail&amp;ust=1725737895349000&amp;usg=AOvVaw0oj5U-N1hdeToQK4RLjMSz\">ONU Turismo Academy<\/a>; Beatriz Barreal, representante de\u00a0<a href=\"https:\/\/rivieramayasostenible.org\/\" data-saferedirecturl=\"https:\/\/www.google.com\/url?q=https:\/\/rivieramayasostenible.org\/&amp;source=gmail&amp;ust=1725737895349000&amp;usg=AOvVaw1oJ9P2CLfnB48_vJkNOFSA\">Rivera Maya Sostenible<\/a>\u00a0de M\u00e9xico; Ver\u00f3nica Zambrana de Eco Mujeres Bolivia; y destacados exponentes nacionales, GreenAys\u00e9n 2024 concluy\u00f3 exitosamente en Villa Cerro Castillo, R\u00edo Ib\u00e1\u00f1ez, evento que abord\u00f3 el desarrollo sostenible del turismo en la regi\u00f3n.<\/p>\n<p style=\"font-weight: 400; text-align: justify;\">Organizado por la empresa especialista en turismo\u00a0<a href=\"https:\/\/esquerreconsultores.cl\/\" data-saferedirecturl=\"https:\/\/www.google.com\/url?q=https:\/\/esquerreconsultores.cl\/&amp;source=gmail&amp;ust=1725737895349000&amp;usg=AOvVaw17AOyV-wkfnWxdPnY0tpAQ\">Esquerr\u00e9 Consultores<\/a>, con el apoyo de Corfo a trav\u00e9s de la l\u00ednea Viraliza Eventos y en colaboraci\u00f3n con\u00a0<a href=\"https:\/\/www.greendestinations.org\/\" data-saferedirecturl=\"https:\/\/www.google.com\/url?q=https:\/\/www.greendestinations.org\/&amp;source=gmail&amp;ust=1725737895349000&amp;usg=AOvVaw2sg3zN5bxNdZQ3Mkkauapy\">Green Destinations<\/a>, el encuentro se posicion\u00f3 como una plataforma de intercambio de conocimientos y experiencias sobre turismo consciente. Las actividades incluyeron exposiciones, networking y talleres pr\u00e1cticos dise\u00f1ados para proporcionar herramientas aplicables a los asistentes en sus pr\u00e1cticas profesionales.<\/p>\n<p style=\"font-weight: 400; text-align: justify;\">Humberto Mar\u00edn Leiva, director de Corfo Ays\u00e9n, indic\u00f3 que \u201cun evento como este, que crea un espacio de di\u00e1logo entre expertos internacionales, nacionales y emprendedores locales sobre la gesti\u00f3n sostenible del turismo en Ays\u00e9n, es sumamente relevante para Corfo\u201d. Detall\u00f3 que este enfoque subraya el compromiso de Corfo con actividades productivas y el desarrollo sustentable. En sus palabras, \u201ca trav\u00e9s del programa Viraliza Evento, se fomenta la colaboraci\u00f3n entre diversos actores del turismo\u201d, lo cual resalta la importancia de integrar a los emprendedores locales en discusiones cruciales sobre el futuro del turismo en la regi\u00f3n, alineadas con los objetivos de desarrollo sostenible del pa\u00eds.<\/p>\n<p style=\"font-weight: 400; text-align: justify;\">En tanto, Paola N\u00fa\u00f1ez, directora ejecutiva de Esquerr\u00e9 Consultores, expres\u00f3 su satisfacci\u00f3n por el \u00e9xito del evento. \u00abEstamos encantados con la respuesta y el entusiasmo que hemos visto y que se manifiesta con una gran convocatoria y la permanencia de los emprendedores durante todas las jornadas.<\/p>\n<p style=\"font-weight: 400; text-align: justify;\">Felipe Vera, vicepresidente de Green Destinations, tambi\u00e9n comparti\u00f3 su optimismo. \u201cEsperamos que los resultados de este Summit inspiren a m\u00e1s regiones a adoptar pr\u00e1cticas de turismo sostenible que respeten y valoren tanto el patrimonio natural como el humano. Ays\u00e9n, sin duda, es un destino que puede ser referente en estas materias\u201d.<\/p>\n<p style=\"font-weight: 400; text-align: justify;\">La actividad tambi\u00e9n cont\u00f3 la participaci\u00f3n especial de Fernando Gonz\u00e1lez, ex tenista, medallista ol\u00edmpico y hoy speaker en liderazgo que brind\u00f3 una charla especial para los emprendedores de la zona.<\/p>\n<p style=\"font-weight: 400; text-align: justify;\">Este evento cont\u00f3 con la colaboraci\u00f3n de varias entidades vinculadas al turismo y la sostenibilidad, incluyendo el programa Transforma Turismo, PER Turismo Ays\u00e9n, Amadeus, la Federaci\u00f3n de Empresas de Turismo de Chile, el proyecto GEF Gobernanza Marino Costera, la Municipalidad de R\u00edo Ib\u00e1\u00f1ez y la Corporaci\u00f3n de Turismo Parque Cerro Castillo, entre otras.<\/p>\n<p style=\"font-weight: 400; text-align: justify;\">La sistematizaci\u00f3n de la actividad y el registro estar\u00e1 disponible durante los pr\u00f3ximos d\u00edas en la p\u00e1gina web del evento\u00a0<a href=\"http:\/\/www.greenaysen.cl\/\" data-saferedirecturl=\"https:\/\/www.google.com\/url?q=http:\/\/www.greenaysen.cl&amp;source=gmail&amp;ust=1725737895349000&amp;usg=AOvVaw33yV8k-sL9h9xeAZVgZEAK\">www.greenaysen.cl<\/a>.<\/p>\n<\/div><\/section><\/div><div  style='height:50px' class='hr hr-invisible   avia-builder-el-6  el_after_av_one_full  el_before_av_social_share '><span class='hr-inner ' ><span class='hr-inner-style'><\/span><\/span><\/div><\/p>\n<div  class='av-social-sharing-box  avia-builder-el-7  el_after_av_hr  el_before_av_hr  '><div class='av-share-box'><h5 class='av-share-link-description av-no-toc '>Compartir esta noticia<\/h5><ul class='av-share-box-list noLightbox'><li class='av-share-link av-social-link-facebook' ><a target=\"_blank\" aria-label=\"Compartir en Facebook\" href='https:\/\/www.facebook.com\/sharer.php?u=https:\/\/radiorevelacionfm.cl\/?p=45974&#038;t=Green%20Ays%C3%A9n%202024%20finaliza%20con%20%C3%A9xito%20con%20la%20participaci%C3%B3n%20de%20m%C3%A1s%20de%20100%20actores%20del%20turismo' aria-hidden='false' data-av_icon='\ue8f3' data-av_iconfont='entypo-fontello' title='' data-avia-related-tooltip='Compartir en Facebook' rel=\"noopener\"><span class='avia_hidden_link_text'>Compartir en Facebook<\/span><\/a><\/li><li class='av-share-link av-social-link-twitter' ><a target=\"_blank\" aria-label=\"Compartir en Twitter\" href='https:\/\/twitter.com\/share?text=Green%20Ays%C3%A9n%202024%20finaliza%20con%20%C3%A9xito%20con%20la%20participaci%C3%B3n%20de%20m%C3%A1s%20de%20100%20actores%20del%20turismo&#038;url=https:\/\/radiorevelacionfm.cl\/?p=45974' aria-hidden='false' data-av_icon='\ue8f1' data-av_iconfont='entypo-fontello' title='' data-avia-related-tooltip='Compartir en Twitter' rel=\"noopener\"><span class='avia_hidden_link_text'>Compartir en Twitter<\/span><\/a><\/li><li class='av-share-link av-social-link-whatsapp' ><a target=\"_blank\" aria-label=\"Compartir en Whatsapp\" href='https:\/\/api.whatsapp.com\/send?text=https:\/\/radiorevelacionfm.cl\/?p=45974' aria-hidden='false' data-av_icon='\uf232' data-av_iconfont='entypo-fontello' title='' data-avia-related-tooltip='Compartir en Whatsapp' rel=\"noopener\"><span class='avia_hidden_link_text'>Compartir en Whatsapp<\/span><\/a><\/li><li class='av-share-link av-social-link-linkedin' ><a target=\"_blank\" aria-label=\"Compartir en LinkedIn\" href='https:\/\/linkedin.com\/shareArticle?mini=true&#038;title=Green%20Ays%C3%A9n%202024%20finaliza%20con%20%C3%A9xito%20con%20la%20participaci%C3%B3n%20de%20m%C3%A1s%20de%20100%20actores%20del%20turismo&#038;url=https:\/\/radiorevelacionfm.cl\/?p=45974' aria-hidden='false' data-av_icon='\ue8fc' data-av_iconfont='entypo-fontello' title='' data-avia-related-tooltip='Compartir en LinkedIn' rel=\"noopener\"><span class='avia_hidden_link_text'>Compartir en LinkedIn<\/span><\/a><\/li><li class='av-share-link av-social-link-mail' ><a  aria-label=\"Compartir por correo\" href='mailto:?subject=Green%20Ays%C3%A9n%202024%20finaliza%20con%20%C3%A9xito%20con%20la%20participaci%C3%B3n%20de%20m%C3%A1s%20de%20100%20actores%20del%20turismo&#038;body=https:\/\/radiorevelacionfm.cl\/?p=45974' aria-hidden='false' data-av_icon='\ue805' data-av_iconfont='entypo-fontello' title='' data-avia-related-tooltip='Compartir por correo'><span class='avia_hidden_link_text'>Compartir por correo<\/span><\/a><\/li><\/ul><\/div><\/div>\n<div  style='height:50px' class='hr hr-invisible   avia-builder-el-8  el_after_av_social_share  el_before_av_comments_list '><span class='hr-inner ' ><span class='hr-inner-style'><\/span><\/span><\/div>\n<div  class='av-buildercomment  av-blog-meta-html-info-disabled av-blog-meta-tag-disabled  '><\/div>\n","protected":false},"excerpt":{"rendered":"","protected":false},"author":1,"featured_media":45975,"comment_status":"open","ping_status":"open","sticky":false,"template":"","format":"standard","meta":{"footnotes":""},"categories":[38],"tags":[],"class_list":["post-45974","post","type-post","status-publish","format-standard","has-post-thumbnail","hentry","category-regional"],"jetpack_featured_media_url":"https:\/\/radiorevelacionfm.cl\/wp-content\/uploads\/2024\/09\/01-greenaysen-1_optimized.jpeg","_links":{"self":[{"href":"https:\/\/radiorevelacionfm.cl\/index.php?rest_route=\/wp\/v2\/posts\/45974","targetHints":{"allow":["GET"]}}],"collection":[{"href":"https:\/\/radiorevelacionfm.cl\/index.php?rest_route=\/wp\/v2\/posts"}],"about":[{"href":"https:\/\/radiorevelacionfm.cl\/index.php?rest_route=\/wp\/v2\/types\/post"}],"author":[{"embeddable":true,"href":"https:\/\/radiorevelacionfm.cl\/index.php?rest_route=\/wp\/v2\/users\/1"}],"replies":[{"embeddable":true,"href":"https:\/\/radiorevelacionfm.cl\/index.php?rest_route=%2Fwp%2Fv2%2Fcomments&post=45974"}],"version-history":[{"count":1,"href":"https:\/\/radiorevelacionfm.cl\/index.php?rest_route=\/wp\/v2\/posts\/45974\/revisions"}],"predecessor-version":[{"id":45976,"href":"https:\/\/radiorevelacionfm.cl\/index.php?rest_route=\/wp\/v2\/posts\/45974\/revisions\/45976"}],"wp:featuredmedia":[{"embeddable":true,"href":"https:\/\/radiorevelacionfm.cl\/index.php?rest_route=\/wp\/v2\/media\/45975"}],"wp:attachment":[{"href":"https:\/\/radiorevelacionfm.cl\/index.php?rest_route=%2Fwp%2Fv2%2Fmedia&parent=45974"}],"wp:term":[{"taxonomy":"category","embeddable":true,"href":"https:\/\/radiorevelacionfm.cl\/index.php?rest_route=%2Fwp%2Fv2%2Fcategories&post=45974"},{"taxonomy":"post_tag","embeddable":true,"href":"https:\/\/radiorevelacionfm.cl\/index.php?rest_route=%2Fwp%2Fv2%2Ftags&post=45974"}],"curies":[{"name":"wp","href":"https:\/\/api.w.org\/{rel}","templated":true}]}}