{"id":45964,"date":"2024-09-16T12:02:23","date_gmt":"2024-09-16T15:02:23","guid":{"rendered":"https:\/\/radiorevelacionfm.cl\/?p=45964"},"modified":"2024-09-16T12:02:23","modified_gmt":"2024-09-16T15:02:23","slug":"perros-de-asistencia-psiquiatrica-podrian-estar-en-la-categoria-de-apoyo-para-personas-con-discapacidad","status":"publish","type":"post","link":"https:\/\/radiorevelacionfm.cl\/?p=45964","title":{"rendered":"\u201cPerros de asistencia psiqui\u00e1trica\u201d podr\u00edan estar en la categor\u00eda de apoyo para personas con discapacidad"},"content":{"rendered":"<div class=\"flex_column av_one_full  flex_column_div av-zero-column-padding first  avia-builder-el-0  el_before_av_one_full  avia-builder-el-first  \" style='border-radius:0px; '><div  class='avia-image-container  av-styling-    avia-builder-el-1  avia-builder-el-no-sibling  avia-align-center '  itemprop=\"image\" itemscope=\"itemscope\" itemtype=\"https:\/\/schema.org\/ImageObject\"  ><div class='avia-image-container-inner'><div class='avia-image-overlay-wrap'><img decoding=\"async\" class='wp-image-45965 avia-img-lazy-loading-not-45965 avia_image' src=\"https:\/\/radiorevelacionfm.cl\/wp-content\/uploads\/2024\/09\/perro-de-asistencia-1_optimized-1.jpg\" alt='' title='perro-de-asistencia-(1)_optimized (1)' height=\"600\" width=\"1138\"  itemprop=\"thumbnailUrl\" srcset=\"https:\/\/radiorevelacionfm.cl\/wp-content\/uploads\/2024\/09\/perro-de-asistencia-1_optimized-1.jpg 1138w, https:\/\/radiorevelacionfm.cl\/wp-content\/uploads\/2024\/09\/perro-de-asistencia-1_optimized-1-300x158.jpg 300w, https:\/\/radiorevelacionfm.cl\/wp-content\/uploads\/2024\/09\/perro-de-asistencia-1_optimized-1-1030x543.jpg 1030w, https:\/\/radiorevelacionfm.cl\/wp-content\/uploads\/2024\/09\/perro-de-asistencia-1_optimized-1-768x405.jpg 768w, https:\/\/radiorevelacionfm.cl\/wp-content\/uploads\/2024\/09\/perro-de-asistencia-1_optimized-1-710x375.jpg 710w, https:\/\/radiorevelacionfm.cl\/wp-content\/uploads\/2024\/09\/perro-de-asistencia-1_optimized-1-705x372.jpg 705w, https:\/\/radiorevelacionfm.cl\/wp-content\/uploads\/2024\/09\/perro-de-asistencia-1_optimized-1-450x237.jpg 450w, https:\/\/radiorevelacionfm.cl\/wp-content\/uploads\/2024\/09\/perro-de-asistencia-1_optimized-1-600x316.jpg 600w\" sizes=\"(max-width: 1138px) 100vw, 1138px\" \/><\/div><\/div><\/div><\/div><div class=\"flex_column av_one_full  flex_column_div av-zero-column-padding first  avia-builder-el-2  el_after_av_one_full  el_before_av_one_full  column-top-margin\" style='border-radius:0px; '><section class=\"av_textblock_section \"  itemscope=\"itemscope\" itemtype=\"https:\/\/schema.org\/BlogPosting\" itemprop=\"blogPost\" ><div class='avia_textblock  '   itemprop=\"text\" ><p style=\"text-align: center;\"><strong><span style=\"font-size: 18pt;\">\u201cPerros de asistencia psiqui\u00e1trica\u201d podr\u00edan estar en la categor\u00eda de apoyo para personas con discapacidad<\/span><\/strong><\/p>\n<div id=\"gtx-trans\" style=\"position: absolute; left: -50px; top: 4.31534px;\">\n<div class=\"gtx-trans-icon\"><\/div>\n<\/div>\n<\/div><\/section><\/div><div class=\"flex_column av_one_full  flex_column_div av-zero-column-padding first  avia-builder-el-4  el_after_av_one_full  el_before_av_hr  column-top-margin\" style='border-radius:0px; '><section class=\"av_textblock_section \"  itemscope=\"itemscope\" itemtype=\"https:\/\/schema.org\/BlogPosting\" itemprop=\"blogPost\" ><div class='avia_textblock  '   itemprop=\"text\" ><div class=\"text--md mb-3 mb-lg-7\">\n<p style=\"text-align: justify;\">As\u00ed lo propone el proyecto recientemente aprobado en general por la Comisi\u00f3n del Adulto Mayor y Discapacidad. El texto, que cumple su segundo tr\u00e1mite, fue despachado a Sala y se espera avanzar en su perfeccionamiento.<\/p>\n<\/div>\n<div class=\"mb-3 mb-lg-7\">\n<div class=\"mb-3 mb-lg-7\" style=\"text-align: justify;\">\n<div>\n<p class=\"text-align-justify MsoNormal\"><span lang=\"ES-MX\" xml:lang=\"ES-MX\">Por unanimidad, la\u00a0<\/span><a href=\"https:\/\/www.senado.cl\/actividad-legislativa\/comisiones\/1133\"><span lang=\"ES-MX\" xml:lang=\"ES-MX\">Comisi\u00f3n del Adulto Mayor y Discapacidad<\/span><\/a><span lang=\"ES-MX\" xml:lang=\"ES-MX\">, presidida por el\u00a0senador Karim Bianchi,\u00a0aprob\u00f3 la idea de legislar\u00a0sobre el proyecto que\u00a0modifica la ley 19.284,<\/span><span lang=\"ES-MX\" xml:lang=\"ES-MX\">\u00a0<\/span><span lang=\"ES-MX\" xml:lang=\"ES-MX\">que establece normas para la plena integraci\u00f3n social de personas con discapacidad, para incorporar entre los perros de asistencia para personas con discapacidad, a aquellos de asistencia psiqui\u00e1trica.<\/span><\/p>\n<p class=\"text-align-justify MsoNormal\"><span lang=\"ES-MX\" xml:lang=\"ES-MX\">Una vez que la secretar\u00eda de la mencionada comisi\u00f3n emita el respectivo informe, el proyecto -que se encuentra en segundo tr\u00e1mite constitucional- ser\u00e1 sancionado por la Sala, pero solo en general.\u00a0<\/span><\/p>\n<p class=\"text-align-justify MsoNormal\"><span lang=\"ES-MX\" xml:lang=\"ES-MX\">Esto, porque transversalmente\u00a0se espera profundizar m\u00e1s y despejar una serie de dudas sobre la iniciativa, entre ellas, procurar el adecuado entrenamiento de los perros de asistencia, su financiamiento, reglamento, inclusi\u00f3n (o no) de razas peligrosas, registro de mascotas de asistencia, sanciones por mal uso, entre otros.<\/span><\/p>\n<p class=\"text-align-justify MsoNormal\"><span lang=\"ES-MX\" xml:lang=\"ES-MX\">Una de las autoras de la moci\u00f3n, la\u00a0diputada Lorena Fries, precis\u00f3 que se busca actualizar la legislaci\u00f3n vigente y especificar en la ley a los \u201cperros de asistencia psiqui\u00e1trica\u201d, de forma tal de \u201cevitar que la no menci\u00f3n expresa de esta categor\u00eda de asistencia d\u00e9 lugar, en la pr\u00e1ctica, a exclusiones y\/o barreras para el tratamiento de problemas de salud mental\u201d.<\/span><\/p>\n<p class=\"text-align-justify MsoNormal\"><span lang=\"ES-MX\" xml:lang=\"ES-MX\">Aclar\u00f3 que\u00a0la normativa no es para \u201cperros de contenci\u00f3n emocional\u201d, porque finalmente \u201ctoda mascota lo es\u201d.<\/span><\/p>\n<div class=\"mb-3 mb-lg-7\">\n<div>\n<p class=\"text-align-justify MsoNormal\"><span lang=\"ES-MX\" xml:lang=\"ES-MX\">Gustavo Serrano, presidente de la Escuela de Perros Gu\u00eda de Fundalurp, llam\u00f3 a procurar aspectos, a su juicio centrales, como el entrenamiento adecuado, con el fin de no exponer a las personas del entorno. \u201cUn perro de asistencia psiqui\u00e1trica siempre debe ser adiestrado por una persona preparada para eso\u201d, subray\u00f3.<\/span><\/p>\n<p class=\"text-align-justify MsoNormal\"><span lang=\"ES-MX\" xml:lang=\"ES-MX\">Desde el\u00a0SENADIS, su director Daniel Concha, coincidi\u00f3 en que se deben aplicar a los perros de asistencia psiqui\u00e1trica todos los requisitos y condiciones establecidos por el marco normativo vigente para las restantes categor\u00edas de perros de asistencia en lo referido, a lo menos, al derecho al acompa\u00f1amiento permanente por un perro de asistencia, tenencia responsable y condiciones de utilizaci\u00f3n, identificaci\u00f3n, condiciones sanitarias, adiestramiento y registro.<\/span><\/p>\n<p class=\"text-align-justify MsoNormal\">\n<\/div>\n<\/div>\n<\/div>\n<\/div>\n<div class=\"mb-3 mb-lg-7\">\n<div class=\"component\" style=\"text-align: justify;\"><\/div>\n<\/div>\n<\/div>\n<\/div><\/section><\/div><div  style='height:50px' class='hr hr-invisible   avia-builder-el-6  el_after_av_one_full  el_before_av_social_share '><span class='hr-inner ' ><span class='hr-inner-style'><\/span><\/span><\/div><\/p>\n<div  class='av-social-sharing-box  avia-builder-el-7  el_after_av_hr  el_before_av_hr  '><div class='av-share-box'><h5 class='av-share-link-description av-no-toc '>Compartir esta noticia<\/h5><ul class='av-share-box-list noLightbox'><li class='av-share-link av-social-link-facebook' ><a target=\"_blank\" aria-label=\"Compartir en Facebook\" href='https:\/\/www.facebook.com\/sharer.php?u=https:\/\/radiorevelacionfm.cl\/?p=45964&#038;t=%E2%80%9CPerros%20de%20asistencia%20psiqui%C3%A1trica%E2%80%9D%20podr%C3%ADan%20estar%20en%20la%20categor%C3%ADa%20de%20apoyo%20para%20personas%20con%20discapacidad' aria-hidden='false' data-av_icon='\ue8f3' data-av_iconfont='entypo-fontello' title='' data-avia-related-tooltip='Compartir en Facebook' rel=\"noopener\"><span class='avia_hidden_link_text'>Compartir en Facebook<\/span><\/a><\/li><li class='av-share-link av-social-link-twitter' ><a target=\"_blank\" aria-label=\"Compartir en Twitter\" href='https:\/\/twitter.com\/share?text=%E2%80%9CPerros%20de%20asistencia%20psiqui%C3%A1trica%E2%80%9D%20podr%C3%ADan%20estar%20en%20la%20categor%C3%ADa%20de%20apoyo%20para%20personas%20con%20discapacidad&#038;url=https:\/\/radiorevelacionfm.cl\/?p=45964' aria-hidden='false' data-av_icon='\ue8f1' data-av_iconfont='entypo-fontello' title='' data-avia-related-tooltip='Compartir en Twitter' rel=\"noopener\"><span class='avia_hidden_link_text'>Compartir en Twitter<\/span><\/a><\/li><li class='av-share-link av-social-link-whatsapp' ><a target=\"_blank\" aria-label=\"Compartir en Whatsapp\" href='https:\/\/api.whatsapp.com\/send?text=https:\/\/radiorevelacionfm.cl\/?p=45964' aria-hidden='false' data-av_icon='\uf232' data-av_iconfont='entypo-fontello' title='' data-avia-related-tooltip='Compartir en Whatsapp' rel=\"noopener\"><span class='avia_hidden_link_text'>Compartir en Whatsapp<\/span><\/a><\/li><li class='av-share-link av-social-link-linkedin' ><a target=\"_blank\" aria-label=\"Compartir en LinkedIn\" href='https:\/\/linkedin.com\/shareArticle?mini=true&#038;title=%E2%80%9CPerros%20de%20asistencia%20psiqui%C3%A1trica%E2%80%9D%20podr%C3%ADan%20estar%20en%20la%20categor%C3%ADa%20de%20apoyo%20para%20personas%20con%20discapacidad&#038;url=https:\/\/radiorevelacionfm.cl\/?p=45964' aria-hidden='false' data-av_icon='\ue8fc' data-av_iconfont='entypo-fontello' title='' data-avia-related-tooltip='Compartir en LinkedIn' rel=\"noopener\"><span class='avia_hidden_link_text'>Compartir en LinkedIn<\/span><\/a><\/li><li class='av-share-link av-social-link-mail' ><a  aria-label=\"Compartir por correo\" href='mailto:?subject=%E2%80%9CPerros%20de%20asistencia%20psiqui%C3%A1trica%E2%80%9D%20podr%C3%ADan%20estar%20en%20la%20categor%C3%ADa%20de%20apoyo%20para%20personas%20con%20discapacidad&#038;body=https:\/\/radiorevelacionfm.cl\/?p=45964' aria-hidden='false' data-av_icon='\ue805' data-av_iconfont='entypo-fontello' title='' data-avia-related-tooltip='Compartir por correo'><span class='avia_hidden_link_text'>Compartir por correo<\/span><\/a><\/li><\/ul><\/div><\/div>\n<div  style='height:50px' class='hr hr-invisible   avia-builder-el-8  el_after_av_social_share  el_before_av_comments_list '><span class='hr-inner ' ><span class='hr-inner-style'><\/span><\/span><\/div>\n<div  class='av-buildercomment  av-blog-meta-html-info-disabled av-blog-meta-tag-disabled  '><\/div>\n","protected":false},"excerpt":{"rendered":"","protected":false},"author":1,"featured_media":45965,"comment_status":"open","ping_status":"open","sticky":false,"template":"","format":"standard","meta":{"footnotes":""},"categories":[61],"tags":[],"class_list":["post-45964","post","type-post","status-publish","format-standard","has-post-thumbnail","hentry","category-nacional"],"jetpack_featured_media_url":"https:\/\/radiorevelacionfm.cl\/wp-content\/uploads\/2024\/09\/perro-de-asistencia-1_optimized-1.jpg","_links":{"self":[{"href":"https:\/\/radiorevelacionfm.cl\/index.php?rest_route=\/wp\/v2\/posts\/45964","targetHints":{"allow":["GET"]}}],"collection":[{"href":"https:\/\/radiorevelacionfm.cl\/index.php?rest_route=\/wp\/v2\/posts"}],"about":[{"href":"https:\/\/radiorevelacionfm.cl\/index.php?rest_route=\/wp\/v2\/types\/post"}],"author":[{"embeddable":true,"href":"https:\/\/radiorevelacionfm.cl\/index.php?rest_route=\/wp\/v2\/users\/1"}],"replies":[{"embeddable":true,"href":"https:\/\/radiorevelacionfm.cl\/index.php?rest_route=%2Fwp%2Fv2%2Fcomments&post=45964"}],"version-history":[{"count":1,"href":"https:\/\/radiorevelacionfm.cl\/index.php?rest_route=\/wp\/v2\/posts\/45964\/revisions"}],"predecessor-version":[{"id":45966,"href":"https:\/\/radiorevelacionfm.cl\/index.php?rest_route=\/wp\/v2\/posts\/45964\/revisions\/45966"}],"wp:featuredmedia":[{"embeddable":true,"href":"https:\/\/radiorevelacionfm.cl\/index.php?rest_route=\/wp\/v2\/media\/45965"}],"wp:attachment":[{"href":"https:\/\/radiorevelacionfm.cl\/index.php?rest_route=%2Fwp%2Fv2%2Fmedia&parent=45964"}],"wp:term":[{"taxonomy":"category","embeddable":true,"href":"https:\/\/radiorevelacionfm.cl\/index.php?rest_route=%2Fwp%2Fv2%2Fcategories&post=45964"},{"taxonomy":"post_tag","embeddable":true,"href":"https:\/\/radiorevelacionfm.cl\/index.php?rest_route=%2Fwp%2Fv2%2Ftags&post=45964"}],"curies":[{"name":"wp","href":"https:\/\/api.w.org\/{rel}","templated":true}]}}