{"id":45959,"date":"2024-09-06T16:36:55","date_gmt":"2024-09-06T19:36:55","guid":{"rendered":"https:\/\/radiorevelacionfm.cl\/?p=45959"},"modified":"2024-09-06T16:36:55","modified_gmt":"2024-09-06T19:36:55","slug":"calisto-resalta-el-inicio-del-pago-del-deficit-de-becas-patagonia-y-reitera-llamado-al-gobierno-para-que-esto-no-se-repita-el-proximo-ano","status":"publish","type":"post","link":"https:\/\/radiorevelacionfm.cl\/?p=45959","title":{"rendered":"Calisto resalta el inicio del pago del d\u00e9ficit de becas Patagonia y reitera llamado al Gobierno para que esto no se repita el pr\u00f3ximo a\u00f1o"},"content":{"rendered":"<div class=\"flex_column av_one_full  flex_column_div av-zero-column-padding first  avia-builder-el-0  el_before_av_one_full  avia-builder-el-first  \" style='border-radius:0px; '><div  class='avia-image-container  av-styling-    avia-builder-el-1  avia-builder-el-no-sibling  avia-align-center '  itemprop=\"image\" itemscope=\"itemscope\" itemtype=\"https:\/\/schema.org\/ImageObject\"  ><div class='avia-image-container-inner'><div class='avia-image-overlay-wrap'><img decoding=\"async\" class='wp-image-5120 avia-img-lazy-loading-not-5120 avia_image' src=\"https:\/\/radiorevelacionfm.cl\/wp-content\/uploads\/2021\/06\/calisto-3-1-1.jpg\" alt='' title='calisto 3 (1) (1)' height=\"590\" width=\"846\"  itemprop=\"thumbnailUrl\" srcset=\"https:\/\/radiorevelacionfm.cl\/wp-content\/uploads\/2021\/06\/calisto-3-1-1.jpg 846w, https:\/\/radiorevelacionfm.cl\/wp-content\/uploads\/2021\/06\/calisto-3-1-1-300x209.jpg 300w, https:\/\/radiorevelacionfm.cl\/wp-content\/uploads\/2021\/06\/calisto-3-1-1-768x536.jpg 768w, https:\/\/radiorevelacionfm.cl\/wp-content\/uploads\/2021\/06\/calisto-3-1-1-705x492.jpg 705w, https:\/\/radiorevelacionfm.cl\/wp-content\/uploads\/2021\/06\/calisto-3-1-1-600x418.jpg 600w\" sizes=\"(max-width: 846px) 100vw, 846px\" \/><\/div><\/div><\/div><\/div><div class=\"flex_column av_one_full  flex_column_div av-zero-column-padding first  avia-builder-el-2  el_after_av_one_full  el_before_av_one_full  column-top-margin\" style='border-radius:0px; '><section class=\"av_textblock_section \"  itemscope=\"itemscope\" itemtype=\"https:\/\/schema.org\/BlogPosting\" itemprop=\"blogPost\" ><div class='avia_textblock  '   itemprop=\"text\" ><p style=\"text-align: center;\"><span style=\"font-size: 18pt;\"><strong><span lang=\"ES\">Calisto resalta el inicio del pago del d\u00e9ficit de becas Patagonia y reitera llamado al Gobierno para que esto no se repita el pr\u00f3ximo a\u00f1o<\/span><\/strong><\/span><\/p>\n<div id=\"gtx-trans\" style=\"position: absolute; left: -50px; top: 4.31534px;\">\n<div class=\"gtx-trans-icon\"><\/div>\n<\/div>\n<\/div><\/section><\/div><div class=\"flex_column av_one_full  flex_column_div av-zero-column-padding first  avia-builder-el-4  el_after_av_one_full  el_before_av_hr  column-top-margin\" style='border-radius:0px; '><section class=\"av_textblock_section \"  itemscope=\"itemscope\" itemtype=\"https:\/\/schema.org\/BlogPosting\" itemprop=\"blogPost\" ><div class='avia_textblock  '   itemprop=\"text\" ><p style=\"font-weight: 400; text-align: justify;\">Aunque valor\u00f3 el inicio del pago de la beca Patagonia a m\u00e1s de 200 estudiantes que no hab\u00edan recibido el beneficio, el diputado Miguel \u00c1ngel Calisto retir\u00f3 el llamado al Gobierno para que el pr\u00f3ximo a\u00f1o se adelante a esta situaci\u00f3n y se asegure el pago para todos los que cumplan los requisitos.<\/p>\n<p style=\"font-weight: 400; text-align: justify;\">Seg\u00fan el legislador, \u201cestamos contentos porque finalmente estos d\u00edas ya comenzaron a pagarse las becas que estaban pendientes de la beca Patagonia, se trata de alumnos que cumpl\u00edan con los requisitos pero estaban sin su beneficio. Nosotros hicimos gestiones con el Ministro de Hacienda, con la DIPRES y esto se pudo concretar\u201d.<\/p>\n<p style=\"font-weight: 400; text-align: justify;\">\u201cSin embargo, quedan pendientes cerca de 80 alumnos que tambi\u00e9n cumplen con los requisitos pero que a\u00fan no reciben la beca. Estamos esperando el tr\u00e1mite de la modificaci\u00f3n de presupuesto, que est\u00e1 en la Dipres y esperamos que salga pronto. Estos son temas burocr\u00e1ticas y administrativas que lamentablemente terminan afectando a los estudiantes\u201d.<\/p>\n<p style=\"font-weight: 400; text-align: justify;\">Calisto agreg\u00f3 que \u201cpor estos motivos, es importante que le pr\u00f3ximo a\u00f1o el Gobierno se adelante a esta situaci\u00f3n y pueda tomar medidas que permitan entregar el beneficio a todos los estudiantes que cumplan el requisito. No puede ser que tengan que esperar hasta septiembre, y algunos hasta noviembre para tener esta plata, tomando en cuenta que est\u00e1n estudiando desde marzo\u201d.<\/p>\n<p style=\"font-weight: 400; text-align: justify;\">El parlamentario indic\u00f3 que \u201cya en total se han becado cerca de cinco mil alumnos, m\u00e1s de tres mil con la beca Patagonia. Esto es una demostraci\u00f3n que el proyecto que iniciamos hace ya 12 o 13 a\u00f1os, ha dado frutos concretos a nuestros estudiantes, quienes est\u00e1n mejorando su rendimiento y permite tener mejores profesionales en la regi\u00f3n\u201d.<\/p>\n<p style=\"font-weight: 400; text-align: justify;\">Finalmente, el legislador declar\u00f3 que \u201cquiero relevar, a prop\u00f3sito de la historia de la creaci\u00f3n de la beca Patagonia, a los dirigentes Jos\u00e9 Alvarado, a la se\u00f1ora Margarita Bravo, a la se\u00f1ora Mercedes Mayorga y muchos otros que han impulsado este proceso\u201d.<\/p>\n<\/div><\/section><\/div><div  style='height:50px' class='hr hr-invisible   avia-builder-el-6  el_after_av_one_full  el_before_av_social_share '><span class='hr-inner ' ><span class='hr-inner-style'><\/span><\/span><\/div><\/p>\n<div  class='av-social-sharing-box  avia-builder-el-7  el_after_av_hr  el_before_av_hr  '><div class='av-share-box'><h5 class='av-share-link-description av-no-toc '>Compartir esta noticia<\/h5><ul class='av-share-box-list noLightbox'><li class='av-share-link av-social-link-facebook' ><a target=\"_blank\" aria-label=\"Compartir en Facebook\" href='https:\/\/www.facebook.com\/sharer.php?u=https:\/\/radiorevelacionfm.cl\/?p=45959&#038;t=Calisto%20resalta%20el%20inicio%20del%20pago%20del%20d%C3%A9ficit%20de%20becas%20Patagonia%20y%20reitera%20llamado%20al%20Gobierno%20para%20que%20esto%20no%20se%20repita%20el%20pr%C3%B3ximo%20a%C3%B1o' aria-hidden='false' data-av_icon='\ue8f3' data-av_iconfont='entypo-fontello' title='' data-avia-related-tooltip='Compartir en Facebook' rel=\"noopener\"><span class='avia_hidden_link_text'>Compartir en Facebook<\/span><\/a><\/li><li class='av-share-link av-social-link-twitter' ><a target=\"_blank\" aria-label=\"Compartir en Twitter\" href='https:\/\/twitter.com\/share?text=Calisto%20resalta%20el%20inicio%20del%20pago%20del%20d%C3%A9ficit%20de%20becas%20Patagonia%20y%20reitera%20llamado%20al%20Gobierno%20para%20que%20esto%20no%20se%20repita%20el%20pr%C3%B3ximo%20a%C3%B1o&#038;url=https:\/\/radiorevelacionfm.cl\/?p=45959' aria-hidden='false' data-av_icon='\ue8f1' data-av_iconfont='entypo-fontello' title='' data-avia-related-tooltip='Compartir en Twitter' rel=\"noopener\"><span class='avia_hidden_link_text'>Compartir en Twitter<\/span><\/a><\/li><li class='av-share-link av-social-link-whatsapp' ><a target=\"_blank\" aria-label=\"Compartir en Whatsapp\" href='https:\/\/api.whatsapp.com\/send?text=https:\/\/radiorevelacionfm.cl\/?p=45959' aria-hidden='false' data-av_icon='\uf232' data-av_iconfont='entypo-fontello' title='' data-avia-related-tooltip='Compartir en Whatsapp' rel=\"noopener\"><span class='avia_hidden_link_text'>Compartir en Whatsapp<\/span><\/a><\/li><li class='av-share-link av-social-link-linkedin' ><a target=\"_blank\" aria-label=\"Compartir en LinkedIn\" href='https:\/\/linkedin.com\/shareArticle?mini=true&#038;title=Calisto%20resalta%20el%20inicio%20del%20pago%20del%20d%C3%A9ficit%20de%20becas%20Patagonia%20y%20reitera%20llamado%20al%20Gobierno%20para%20que%20esto%20no%20se%20repita%20el%20pr%C3%B3ximo%20a%C3%B1o&#038;url=https:\/\/radiorevelacionfm.cl\/?p=45959' aria-hidden='false' data-av_icon='\ue8fc' data-av_iconfont='entypo-fontello' title='' data-avia-related-tooltip='Compartir en LinkedIn' rel=\"noopener\"><span class='avia_hidden_link_text'>Compartir en LinkedIn<\/span><\/a><\/li><li class='av-share-link av-social-link-mail' ><a  aria-label=\"Compartir por correo\" href='mailto:?subject=Calisto%20resalta%20el%20inicio%20del%20pago%20del%20d%C3%A9ficit%20de%20becas%20Patagonia%20y%20reitera%20llamado%20al%20Gobierno%20para%20que%20esto%20no%20se%20repita%20el%20pr%C3%B3ximo%20a%C3%B1o&#038;body=https:\/\/radiorevelacionfm.cl\/?p=45959' aria-hidden='false' data-av_icon='\ue805' data-av_iconfont='entypo-fontello' title='' data-avia-related-tooltip='Compartir por correo'><span class='avia_hidden_link_text'>Compartir por correo<\/span><\/a><\/li><\/ul><\/div><\/div>\n<div  style='height:50px' class='hr hr-invisible   avia-builder-el-8  el_after_av_social_share  el_before_av_comments_list '><span class='hr-inner ' ><span class='hr-inner-style'><\/span><\/span><\/div>\n<div  class='av-buildercomment  av-blog-meta-html-info-disabled av-blog-meta-tag-disabled  '><\/div>\n","protected":false},"excerpt":{"rendered":"","protected":false},"author":1,"featured_media":5120,"comment_status":"open","ping_status":"open","sticky":false,"template":"","format":"standard","meta":{"footnotes":""},"categories":[35],"tags":[],"class_list":["post-45959","post","type-post","status-publish","format-standard","has-post-thumbnail","hentry","category-politica"],"jetpack_featured_media_url":"https:\/\/radiorevelacionfm.cl\/wp-content\/uploads\/2021\/06\/calisto-3-1-1.jpg","_links":{"self":[{"href":"https:\/\/radiorevelacionfm.cl\/index.php?rest_route=\/wp\/v2\/posts\/45959","targetHints":{"allow":["GET"]}}],"collection":[{"href":"https:\/\/radiorevelacionfm.cl\/index.php?rest_route=\/wp\/v2\/posts"}],"about":[{"href":"https:\/\/radiorevelacionfm.cl\/index.php?rest_route=\/wp\/v2\/types\/post"}],"author":[{"embeddable":true,"href":"https:\/\/radiorevelacionfm.cl\/index.php?rest_route=\/wp\/v2\/users\/1"}],"replies":[{"embeddable":true,"href":"https:\/\/radiorevelacionfm.cl\/index.php?rest_route=%2Fwp%2Fv2%2Fcomments&post=45959"}],"version-history":[{"count":1,"href":"https:\/\/radiorevelacionfm.cl\/index.php?rest_route=\/wp\/v2\/posts\/45959\/revisions"}],"predecessor-version":[{"id":45960,"href":"https:\/\/radiorevelacionfm.cl\/index.php?rest_route=\/wp\/v2\/posts\/45959\/revisions\/45960"}],"wp:featuredmedia":[{"embeddable":true,"href":"https:\/\/radiorevelacionfm.cl\/index.php?rest_route=\/wp\/v2\/media\/5120"}],"wp:attachment":[{"href":"https:\/\/radiorevelacionfm.cl\/index.php?rest_route=%2Fwp%2Fv2%2Fmedia&parent=45959"}],"wp:term":[{"taxonomy":"category","embeddable":true,"href":"https:\/\/radiorevelacionfm.cl\/index.php?rest_route=%2Fwp%2Fv2%2Fcategories&post=45959"},{"taxonomy":"post_tag","embeddable":true,"href":"https:\/\/radiorevelacionfm.cl\/index.php?rest_route=%2Fwp%2Fv2%2Ftags&post=45959"}],"curies":[{"name":"wp","href":"https:\/\/api.w.org\/{rel}","templated":true}]}}