{"id":45953,"date":"2024-09-06T15:54:15","date_gmt":"2024-09-06T18:54:15","guid":{"rendered":"https:\/\/radiorevelacionfm.cl\/?p=45953"},"modified":"2024-09-06T15:54:15","modified_gmt":"2024-09-06T18:54:15","slug":"obra-teatral-partir-lloviendo-sera-presentada-en-puerto-cisnes-coyhaique-y-aysen","status":"publish","type":"post","link":"https:\/\/radiorevelacionfm.cl\/?p=45953","title":{"rendered":"Obra teatral \u201cPartir lloviendo\u201d ser\u00e1 presentada en Puerto Cisnes, Coyhaique y Ays\u00e9n"},"content":{"rendered":"<div class=\"flex_column av_one_full  flex_column_div av-zero-column-padding first  avia-builder-el-0  el_before_av_one_full  avia-builder-el-first  \" style='border-radius:0px; '><div  class='avia-image-container  av-styling-    avia-builder-el-1  avia-builder-el-no-sibling  avia-align-center '  itemprop=\"image\" itemscope=\"itemscope\" itemtype=\"https:\/\/schema.org\/ImageObject\"  ><div class='avia-image-container-inner'><div class='avia-image-overlay-wrap'><img decoding=\"async\" class='wp-image-45954 avia-img-lazy-loading-not-45954 avia_image' src=\"https:\/\/radiorevelacionfm.cl\/wp-content\/uploads\/2024\/09\/Partir-Lloviendo-Quinta-Esencia-12-1-1.jpeg\" alt='' title='Partir Lloviendo Quinta Esencia (12) (1) (1)' height=\"600\" width=\"900\"  itemprop=\"thumbnailUrl\" srcset=\"https:\/\/radiorevelacionfm.cl\/wp-content\/uploads\/2024\/09\/Partir-Lloviendo-Quinta-Esencia-12-1-1.jpeg 900w, https:\/\/radiorevelacionfm.cl\/wp-content\/uploads\/2024\/09\/Partir-Lloviendo-Quinta-Esencia-12-1-1-300x200.jpeg 300w, https:\/\/radiorevelacionfm.cl\/wp-content\/uploads\/2024\/09\/Partir-Lloviendo-Quinta-Esencia-12-1-1-768x512.jpeg 768w, https:\/\/radiorevelacionfm.cl\/wp-content\/uploads\/2024\/09\/Partir-Lloviendo-Quinta-Esencia-12-1-1-705x470.jpeg 705w, https:\/\/radiorevelacionfm.cl\/wp-content\/uploads\/2024\/09\/Partir-Lloviendo-Quinta-Esencia-12-1-1-450x300.jpeg 450w, https:\/\/radiorevelacionfm.cl\/wp-content\/uploads\/2024\/09\/Partir-Lloviendo-Quinta-Esencia-12-1-1-600x400.jpeg 600w\" sizes=\"(max-width: 900px) 100vw, 900px\" \/><\/div><\/div><\/div><\/div>\n<div class=\"flex_column av_one_full  flex_column_div av-zero-column-padding first  avia-builder-el-2  el_after_av_one_full  el_before_av_one_full  column-top-margin\" style='border-radius:0px; '><section class=\"av_textblock_section \"  itemscope=\"itemscope\" itemtype=\"https:\/\/schema.org\/BlogPosting\" itemprop=\"blogPost\" ><div class='avia_textblock  '   itemprop=\"text\" ><p style=\"text-align: center;\"><strong><span style=\"font-size: 18pt;\">Obra teatral \u201cPartir lloviendo\u201d ser\u00e1 presentada en Puerto Cisnes, Coyhaique y Ays\u00e9n<\/span><\/strong><\/p>\n<div id=\"gtx-trans\" style=\"position: absolute; left: -50px; top: 4.31534px;\">\n<div class=\"gtx-trans-icon\"><\/div>\n<\/div>\n<\/div><\/section><\/div><div class=\"flex_column av_one_full  flex_column_div av-zero-column-padding first  avia-builder-el-4  el_after_av_one_full  el_before_av_hr  column-top-margin\" style='border-radius:0px; '><section class=\"av_textblock_section \"  itemscope=\"itemscope\" itemtype=\"https:\/\/schema.org\/BlogPosting\" itemprop=\"blogPost\" ><div class='avia_textblock  '   itemprop=\"text\" ><p style=\"text-align: justify;\">Despu\u00e9s de un largo receso, la obra \u201cPartir lloviendo\u201d, escrita y actuada por Antonietta Inostroza Garabito, actriz, directora teatral y gestora cultural, dirigida por Andrea Giadach, con el dise\u00f1o esc\u00e9nico de Loreto Mart\u00ednez, la m\u00fasica de Diego Chandia, y la producci\u00f3n de Alexandra Saravia, vuelve recargada y con m\u00e1s fuerza esta conmovedora puesta en escena, que retrata la dura experiencia de las mujeres colonas de Puerto Cisnes, cuenta nuevamente con su equipo original, quienes se re\u00fanen para seguir compartiendo esta emocionante historia con estudiantes y con p\u00fablico general, desde el 09 al 12 de septiembre de 2024.<\/p>\n<p style=\"text-align: justify;\">\u201cPartir lloviendo\u201d es una oportunidad \u00fanica para reflexionar sobre el pasado y conectar con las ra\u00edces de las mujeres que forjaron la historia de la regi\u00f3n de Ays\u00e9n.<\/p>\n<p style=\"text-align: justify;\">Esta iniciativa es financiada por el Fondo Concursable del 8% del Gobierno Regional Ays\u00e9n, convocatoria 2024.<\/p>\n<p style=\"text-align: justify;\"><strong>\u00a0<\/strong><\/p>\n<p style=\"text-align: justify;\"><strong>Fechas y lugares de presentaci\u00f3n: \u00a0<\/strong><\/p>\n<p style=\"text-align: justify;\">PUERTO CISNES<\/p>\n<ul style=\"text-align: justify;\">\n<li>Fecha: 9 de septiembre<\/li>\n<li>Hora: 10:00 a 11:30 horas (presentaci\u00f3n especial a estudiantes)<\/li>\n<li>Lugar: Emporcha<\/li>\n<li>Funci\u00f3n abierta a todo p\u00fablico: 18:00 horas<\/li>\n<\/ul>\n<p style=\"text-align: justify;\">COYHAIQUE<\/p>\n<ul style=\"text-align: justify;\">\n<li>Fecha: 11 de septiembre<\/li>\n<li>Hora: 10:00 a 11:30 horas (presentaci\u00f3n especial)<\/li>\n<li>Lugar: Centro Cultural de Coyhaique.<\/li>\n<li>Funci\u00f3n abierta a todo p\u00fablico: 18:00 horas<\/li>\n<\/ul>\n<p style=\"text-align: justify;\">PUERTO AYS\u00c9N<\/p>\n<ul>\n<li style=\"text-align: justify;\">Fecha: 12 de septiembre<\/li>\n<li style=\"text-align: justify;\">Lugar: Por confirmar<\/li>\n<li style=\"text-align: justify;\">Hora: 10:00 a 11:30 horas (presentaci\u00f3n especial)<\/li>\n<\/ul>\n<\/div><\/section><\/div><div  style='height:50px' class='hr hr-invisible   avia-builder-el-6  el_after_av_one_full  el_before_av_social_share '><span class='hr-inner ' ><span class='hr-inner-style'><\/span><\/span><\/div><\/p>\n<div  class='av-social-sharing-box  avia-builder-el-7  el_after_av_hr  el_before_av_hr  '><div class='av-share-box'><h5 class='av-share-link-description av-no-toc '>Compartir esta noticia<\/h5><ul class='av-share-box-list noLightbox'><li class='av-share-link av-social-link-facebook' ><a target=\"_blank\" aria-label=\"Compartir en Facebook\" href='https:\/\/www.facebook.com\/sharer.php?u=https:\/\/radiorevelacionfm.cl\/?p=45953&#038;t=Obra%20teatral%20%E2%80%9CPartir%20lloviendo%E2%80%9D%20ser%C3%A1%20presentada%20en%20Puerto%20Cisnes%2C%20Coyhaique%20y%20Ays%C3%A9n' aria-hidden='false' data-av_icon='\ue8f3' data-av_iconfont='entypo-fontello' title='' data-avia-related-tooltip='Compartir en Facebook' rel=\"noopener\"><span class='avia_hidden_link_text'>Compartir en Facebook<\/span><\/a><\/li><li class='av-share-link av-social-link-twitter' ><a target=\"_blank\" aria-label=\"Compartir en Twitter\" href='https:\/\/twitter.com\/share?text=Obra%20teatral%20%E2%80%9CPartir%20lloviendo%E2%80%9D%20ser%C3%A1%20presentada%20en%20Puerto%20Cisnes%2C%20Coyhaique%20y%20Ays%C3%A9n&#038;url=https:\/\/radiorevelacionfm.cl\/?p=45953' aria-hidden='false' data-av_icon='\ue8f1' data-av_iconfont='entypo-fontello' title='' data-avia-related-tooltip='Compartir en Twitter' rel=\"noopener\"><span class='avia_hidden_link_text'>Compartir en Twitter<\/span><\/a><\/li><li class='av-share-link av-social-link-whatsapp' ><a target=\"_blank\" aria-label=\"Compartir en Whatsapp\" href='https:\/\/api.whatsapp.com\/send?text=https:\/\/radiorevelacionfm.cl\/?p=45953' aria-hidden='false' data-av_icon='\uf232' data-av_iconfont='entypo-fontello' title='' data-avia-related-tooltip='Compartir en Whatsapp' rel=\"noopener\"><span class='avia_hidden_link_text'>Compartir en Whatsapp<\/span><\/a><\/li><li class='av-share-link av-social-link-linkedin' ><a target=\"_blank\" aria-label=\"Compartir en LinkedIn\" href='https:\/\/linkedin.com\/shareArticle?mini=true&#038;title=Obra%20teatral%20%E2%80%9CPartir%20lloviendo%E2%80%9D%20ser%C3%A1%20presentada%20en%20Puerto%20Cisnes%2C%20Coyhaique%20y%20Ays%C3%A9n&#038;url=https:\/\/radiorevelacionfm.cl\/?p=45953' aria-hidden='false' data-av_icon='\ue8fc' data-av_iconfont='entypo-fontello' title='' data-avia-related-tooltip='Compartir en LinkedIn' rel=\"noopener\"><span class='avia_hidden_link_text'>Compartir en LinkedIn<\/span><\/a><\/li><li class='av-share-link av-social-link-mail' ><a  aria-label=\"Compartir por correo\" href='mailto:?subject=Obra%20teatral%20%E2%80%9CPartir%20lloviendo%E2%80%9D%20ser%C3%A1%20presentada%20en%20Puerto%20Cisnes%2C%20Coyhaique%20y%20Ays%C3%A9n&#038;body=https:\/\/radiorevelacionfm.cl\/?p=45953' aria-hidden='false' data-av_icon='\ue805' data-av_iconfont='entypo-fontello' title='' data-avia-related-tooltip='Compartir por correo'><span class='avia_hidden_link_text'>Compartir por correo<\/span><\/a><\/li><\/ul><\/div><\/div>\n<div  style='height:50px' class='hr hr-invisible   avia-builder-el-8  el_after_av_social_share  el_before_av_comments_list '><span class='hr-inner ' ><span class='hr-inner-style'><\/span><\/span><\/div>\n<div  class='av-buildercomment  av-blog-meta-html-info-disabled av-blog-meta-tag-disabled  '><\/div>\n","protected":false},"excerpt":{"rendered":"","protected":false},"author":1,"featured_media":45954,"comment_status":"open","ping_status":"open","sticky":false,"template":"","format":"standard","meta":{"footnotes":""},"categories":[52],"tags":[],"class_list":["post-45953","post","type-post","status-publish","format-standard","has-post-thumbnail","hentry","category-cultura"],"jetpack_featured_media_url":"https:\/\/radiorevelacionfm.cl\/wp-content\/uploads\/2024\/09\/Partir-Lloviendo-Quinta-Esencia-12-1-1.jpeg","_links":{"self":[{"href":"https:\/\/radiorevelacionfm.cl\/index.php?rest_route=\/wp\/v2\/posts\/45953","targetHints":{"allow":["GET"]}}],"collection":[{"href":"https:\/\/radiorevelacionfm.cl\/index.php?rest_route=\/wp\/v2\/posts"}],"about":[{"href":"https:\/\/radiorevelacionfm.cl\/index.php?rest_route=\/wp\/v2\/types\/post"}],"author":[{"embeddable":true,"href":"https:\/\/radiorevelacionfm.cl\/index.php?rest_route=\/wp\/v2\/users\/1"}],"replies":[{"embeddable":true,"href":"https:\/\/radiorevelacionfm.cl\/index.php?rest_route=%2Fwp%2Fv2%2Fcomments&post=45953"}],"version-history":[{"count":2,"href":"https:\/\/radiorevelacionfm.cl\/index.php?rest_route=\/wp\/v2\/posts\/45953\/revisions"}],"predecessor-version":[{"id":45956,"href":"https:\/\/radiorevelacionfm.cl\/index.php?rest_route=\/wp\/v2\/posts\/45953\/revisions\/45956"}],"wp:featuredmedia":[{"embeddable":true,"href":"https:\/\/radiorevelacionfm.cl\/index.php?rest_route=\/wp\/v2\/media\/45954"}],"wp:attachment":[{"href":"https:\/\/radiorevelacionfm.cl\/index.php?rest_route=%2Fwp%2Fv2%2Fmedia&parent=45953"}],"wp:term":[{"taxonomy":"category","embeddable":true,"href":"https:\/\/radiorevelacionfm.cl\/index.php?rest_route=%2Fwp%2Fv2%2Fcategories&post=45953"},{"taxonomy":"post_tag","embeddable":true,"href":"https:\/\/radiorevelacionfm.cl\/index.php?rest_route=%2Fwp%2Fv2%2Ftags&post=45953"}],"curies":[{"name":"wp","href":"https:\/\/api.w.org\/{rel}","templated":true}]}}