{"id":45950,"date":"2024-09-06T10:53:52","date_gmt":"2024-09-06T13:53:52","guid":{"rendered":"https:\/\/radiorevelacionfm.cl\/?p=45950"},"modified":"2024-09-06T10:53:52","modified_gmt":"2024-09-06T13:53:52","slug":"apicultores-de-aysen-participan-en-el-xxv-congreso-apicola-huasco-2024-con-el-apoyo-de-indap","status":"publish","type":"post","link":"https:\/\/radiorevelacionfm.cl\/?p=45950","title":{"rendered":"Apicultores de Ays\u00e9n participan en el XXV Congreso Ap\u00edcola Huasco 2024 con el apoyo de Indap"},"content":{"rendered":"<div class=\"flex_column av_one_full  flex_column_div av-zero-column-padding first  avia-builder-el-0  el_before_av_one_full  avia-builder-el-first  \" style='border-radius:0px; '><div  class='avia-image-container  av-styling-    avia-builder-el-1  avia-builder-el-no-sibling  avia-align-center '  itemprop=\"image\" itemscope=\"itemscope\" itemtype=\"https:\/\/schema.org\/ImageObject\"  ><div class='avia-image-container-inner'><div class='avia-image-overlay-wrap'><img decoding=\"async\" class='wp-image-45951 avia-img-lazy-loading-not-45951 avia_image' src=\"https:\/\/radiorevelacionfm.cl\/wp-content\/uploads\/2024\/09\/congreso-red-apicola-demostracion-1-1.jpg\" alt='' title='congreso red apicola demostracion (1) (1)' height=\"600\" width=\"878\"  itemprop=\"thumbnailUrl\" srcset=\"https:\/\/radiorevelacionfm.cl\/wp-content\/uploads\/2024\/09\/congreso-red-apicola-demostracion-1-1.jpg 878w, https:\/\/radiorevelacionfm.cl\/wp-content\/uploads\/2024\/09\/congreso-red-apicola-demostracion-1-1-300x205.jpg 300w, https:\/\/radiorevelacionfm.cl\/wp-content\/uploads\/2024\/09\/congreso-red-apicola-demostracion-1-1-768x525.jpg 768w, https:\/\/radiorevelacionfm.cl\/wp-content\/uploads\/2024\/09\/congreso-red-apicola-demostracion-1-1-705x482.jpg 705w, https:\/\/radiorevelacionfm.cl\/wp-content\/uploads\/2024\/09\/congreso-red-apicola-demostracion-1-1-450x308.jpg 450w, https:\/\/radiorevelacionfm.cl\/wp-content\/uploads\/2024\/09\/congreso-red-apicola-demostracion-1-1-600x410.jpg 600w\" sizes=\"(max-width: 878px) 100vw, 878px\" \/><\/div><\/div><\/div><\/div><div class=\"flex_column av_one_full  flex_column_div av-zero-column-padding first  avia-builder-el-2  el_after_av_one_full  el_before_av_one_full  column-top-margin\" style='border-radius:0px; '><section class=\"av_textblock_section \"  itemscope=\"itemscope\" itemtype=\"https:\/\/schema.org\/BlogPosting\" itemprop=\"blogPost\" ><div class='avia_textblock  '   itemprop=\"text\" ><p style=\"text-align: center;\"><strong><span style=\"font-size: 18pt;\">Apicultores de Ays\u00e9n participan en el XXV Congreso Ap\u00edcola Huasco 2024 con el apoyo de Indap<\/span><\/strong><\/p>\n<div id=\"gtx-trans\" style=\"position: absolute; left: -50px; top: 4.31534px;\">\n<div class=\"gtx-trans-icon\"><\/div>\n<\/div>\n<\/div><\/section><\/div><div class=\"flex_column av_one_full  flex_column_div av-zero-column-padding first  avia-builder-el-4  el_after_av_one_full  el_before_av_hr  column-top-margin\" style='border-radius:0px; '><section class=\"av_textblock_section \"  itemscope=\"itemscope\" itemtype=\"https:\/\/schema.org\/BlogPosting\" itemprop=\"blogPost\" ><div class='avia_textblock  '   itemprop=\"text\" ><p style=\"text-align: justify;\">Apicultores de la regi\u00f3n de Ays\u00e9n tuvieron la oportunidad de asistir al XXV Congreso Ap\u00edcola, celebrado en el hermoso Valle de Huasco, en la Regi\u00f3n de Atacama. Este importante evento, que reuni\u00f3 a m\u00e1s de 250 profesionales y expertos en apicultura a nivel nacional e internacional, fue una ocasi\u00f3n \u00fanica para intercambiar conocimientos, establecer redes de contacto y conocer las pr\u00e1cticas ap\u00edcolas en una regi\u00f3n tan singular como Huasco, situada a las puertas del desierto m\u00e1s \u00e1rido del mundo.<\/p>\n<p style=\"text-align: justify;\">La jornada inaugural del congreso incluy\u00f3 una serie de presentaciones regionales, donde la delegaci\u00f3n de Ays\u00e9n tuvo la oportunidad de destacar la gesti\u00f3n y los antecedentes generales del rubro en su territorio. Asimismo, los apicultores ayseninos participaron en actividades de integraci\u00f3n, lo que permiti\u00f3 establecer lazos con colegas de otras partes de Chile y del mundo.<\/p>\n<p style=\"text-align: justify;\">\u00abLa participaci\u00f3n de nuestros apicultores en este congreso es fundamental para fortalecer sus conocimientos y habilidades, permiti\u00e9ndoles adaptarse a los desaf\u00edos que enfrenta el sector. INDAP seguir\u00e1 comprometido en apoyar a nuestros agricultores en su camino hacia la innovaci\u00f3n y el desarrollo sostenible,\u00bb destac\u00f3 Yessica Lagos C\u00e1rdenas, directora de INDAP Ays\u00e9n.<\/p>\n<p style=\"text-align: justify;\">Adem\u00e1s, se llev\u00f3 a cabo un curso especializado en gesti\u00f3n org\u00e1nica, dictado por la asociaci\u00f3n Tierra Viva A.G., donde se exploraron los fundamentos de la agricultura org\u00e1nica con un enfoque ap\u00edcola, as\u00ed como las rutas hacia la certificaci\u00f3n org\u00e1nica, lo que representa una alternativa viable para peque\u00f1os y medianos apicultores en la Regi\u00f3n de Ays\u00e9n.<\/p>\n<p style=\"text-align: justify;\">Con el apoyo de INDAP, los apicultores de Ays\u00e9n pudieron formar parte de este destacado congreso, que cada a\u00f1o congrega a la comunidad ap\u00edcola del pa\u00eds. La participaci\u00f3n de Ays\u00e9n en este congreso permiti\u00f3 a las y los apicultores compartir sus experiencias y aprender de otras regiones, reforzando el compromiso de INDAP con una mirada que integra la innovaci\u00f3n y el intercambio de conocimientos de alto nivel para la Regi\u00f3n de Ays\u00e9n.<\/p>\n<p style=\"text-align: justify;\">Con su participaci\u00f3n en este evento, los apicultores de Ays\u00e9n regresan a la regi\u00f3n con nuevas herramientas y conocimientos que contribuir\u00e1n al desarrollo sustentable de la apicultura local, reafirmando as\u00ed la importancia de estos encuentros para el crecimiento y la profesionalizaci\u00f3n del sector.<\/p>\n<\/div><\/section><\/div><div  style='height:50px' class='hr hr-invisible   avia-builder-el-6  el_after_av_one_full  el_before_av_social_share '><span class='hr-inner ' ><span class='hr-inner-style'><\/span><\/span><\/div><\/p>\n<div  class='av-social-sharing-box  avia-builder-el-7  el_after_av_hr  el_before_av_hr  '><div class='av-share-box'><h5 class='av-share-link-description av-no-toc '>Compartir esta noticia<\/h5><ul class='av-share-box-list noLightbox'><li class='av-share-link av-social-link-facebook' ><a target=\"_blank\" aria-label=\"Compartir en Facebook\" href='https:\/\/www.facebook.com\/sharer.php?u=https:\/\/radiorevelacionfm.cl\/?p=45950&#038;t=Apicultores%20de%20Ays%C3%A9n%20participan%20en%20el%20XXV%20Congreso%20Ap%C3%ADcola%20Huasco%202024%20con%20el%20apoyo%20de%20Indap' aria-hidden='false' data-av_icon='\ue8f3' data-av_iconfont='entypo-fontello' title='' data-avia-related-tooltip='Compartir en Facebook' rel=\"noopener\"><span class='avia_hidden_link_text'>Compartir en Facebook<\/span><\/a><\/li><li class='av-share-link av-social-link-twitter' ><a target=\"_blank\" aria-label=\"Compartir en Twitter\" href='https:\/\/twitter.com\/share?text=Apicultores%20de%20Ays%C3%A9n%20participan%20en%20el%20XXV%20Congreso%20Ap%C3%ADcola%20Huasco%202024%20con%20el%20apoyo%20de%20Indap&#038;url=https:\/\/radiorevelacionfm.cl\/?p=45950' aria-hidden='false' data-av_icon='\ue8f1' data-av_iconfont='entypo-fontello' title='' data-avia-related-tooltip='Compartir en Twitter' rel=\"noopener\"><span class='avia_hidden_link_text'>Compartir en Twitter<\/span><\/a><\/li><li class='av-share-link av-social-link-whatsapp' ><a target=\"_blank\" aria-label=\"Compartir en Whatsapp\" href='https:\/\/api.whatsapp.com\/send?text=https:\/\/radiorevelacionfm.cl\/?p=45950' aria-hidden='false' data-av_icon='\uf232' data-av_iconfont='entypo-fontello' title='' data-avia-related-tooltip='Compartir en Whatsapp' rel=\"noopener\"><span class='avia_hidden_link_text'>Compartir en Whatsapp<\/span><\/a><\/li><li class='av-share-link av-social-link-linkedin' ><a target=\"_blank\" aria-label=\"Compartir en LinkedIn\" href='https:\/\/linkedin.com\/shareArticle?mini=true&#038;title=Apicultores%20de%20Ays%C3%A9n%20participan%20en%20el%20XXV%20Congreso%20Ap%C3%ADcola%20Huasco%202024%20con%20el%20apoyo%20de%20Indap&#038;url=https:\/\/radiorevelacionfm.cl\/?p=45950' aria-hidden='false' data-av_icon='\ue8fc' data-av_iconfont='entypo-fontello' title='' data-avia-related-tooltip='Compartir en LinkedIn' rel=\"noopener\"><span class='avia_hidden_link_text'>Compartir en LinkedIn<\/span><\/a><\/li><li class='av-share-link av-social-link-mail' ><a  aria-label=\"Compartir por correo\" href='mailto:?subject=Apicultores%20de%20Ays%C3%A9n%20participan%20en%20el%20XXV%20Congreso%20Ap%C3%ADcola%20Huasco%202024%20con%20el%20apoyo%20de%20Indap&#038;body=https:\/\/radiorevelacionfm.cl\/?p=45950' aria-hidden='false' data-av_icon='\ue805' data-av_iconfont='entypo-fontello' title='' data-avia-related-tooltip='Compartir por correo'><span class='avia_hidden_link_text'>Compartir por correo<\/span><\/a><\/li><\/ul><\/div><\/div>\n<div  style='height:50px' class='hr hr-invisible   avia-builder-el-8  el_after_av_social_share  el_before_av_comments_list '><span class='hr-inner ' ><span class='hr-inner-style'><\/span><\/span><\/div>\n<div  class='av-buildercomment  av-blog-meta-html-info-disabled av-blog-meta-tag-disabled  '><\/div>\n","protected":false},"excerpt":{"rendered":"","protected":false},"author":1,"featured_media":45951,"comment_status":"open","ping_status":"open","sticky":false,"template":"","format":"standard","meta":{"footnotes":""},"categories":[58],"tags":[],"class_list":["post-45950","post","type-post","status-publish","format-standard","has-post-thumbnail","hentry","category-agricultura"],"jetpack_featured_media_url":"https:\/\/radiorevelacionfm.cl\/wp-content\/uploads\/2024\/09\/congreso-red-apicola-demostracion-1-1.jpg","_links":{"self":[{"href":"https:\/\/radiorevelacionfm.cl\/index.php?rest_route=\/wp\/v2\/posts\/45950","targetHints":{"allow":["GET"]}}],"collection":[{"href":"https:\/\/radiorevelacionfm.cl\/index.php?rest_route=\/wp\/v2\/posts"}],"about":[{"href":"https:\/\/radiorevelacionfm.cl\/index.php?rest_route=\/wp\/v2\/types\/post"}],"author":[{"embeddable":true,"href":"https:\/\/radiorevelacionfm.cl\/index.php?rest_route=\/wp\/v2\/users\/1"}],"replies":[{"embeddable":true,"href":"https:\/\/radiorevelacionfm.cl\/index.php?rest_route=%2Fwp%2Fv2%2Fcomments&post=45950"}],"version-history":[{"count":1,"href":"https:\/\/radiorevelacionfm.cl\/index.php?rest_route=\/wp\/v2\/posts\/45950\/revisions"}],"predecessor-version":[{"id":45952,"href":"https:\/\/radiorevelacionfm.cl\/index.php?rest_route=\/wp\/v2\/posts\/45950\/revisions\/45952"}],"wp:featuredmedia":[{"embeddable":true,"href":"https:\/\/radiorevelacionfm.cl\/index.php?rest_route=\/wp\/v2\/media\/45951"}],"wp:attachment":[{"href":"https:\/\/radiorevelacionfm.cl\/index.php?rest_route=%2Fwp%2Fv2%2Fmedia&parent=45950"}],"wp:term":[{"taxonomy":"category","embeddable":true,"href":"https:\/\/radiorevelacionfm.cl\/index.php?rest_route=%2Fwp%2Fv2%2Fcategories&post=45950"},{"taxonomy":"post_tag","embeddable":true,"href":"https:\/\/radiorevelacionfm.cl\/index.php?rest_route=%2Fwp%2Fv2%2Ftags&post=45950"}],"curies":[{"name":"wp","href":"https:\/\/api.w.org\/{rel}","templated":true}]}}