{"id":45947,"date":"2024-09-06T11:26:45","date_gmt":"2024-09-06T14:26:45","guid":{"rendered":"https:\/\/radiorevelacionfm.cl\/?p=45947"},"modified":"2024-09-06T11:26:45","modified_gmt":"2024-09-06T14:26:45","slug":"con-visita-de-mas-de-700-estudiantes-uaysen-inicia-proceso-de-admision-2025","status":"publish","type":"post","link":"https:\/\/radiorevelacionfm.cl\/?p=45947","title":{"rendered":"Con visita de m\u00e1s de 700 estudiantes UAys\u00e9n inicia proceso de Admisi\u00f3n 2025"},"content":{"rendered":"<div class=\"flex_column av_one_full  flex_column_div av-zero-column-padding first  avia-builder-el-0  el_before_av_one_full  avia-builder-el-first  \" style='border-radius:0px; '><div  class='avia-image-container  av-styling-    avia-builder-el-1  avia-builder-el-no-sibling  avia-align-center '  itemprop=\"image\" itemscope=\"itemscope\" itemtype=\"https:\/\/schema.org\/ImageObject\"  ><div class='avia-image-container-inner'><div class='avia-image-overlay-wrap'><img decoding=\"async\" class='wp-image-45948 avia-img-lazy-loading-not-45948 avia_image' src=\"https:\/\/radiorevelacionfm.cl\/wp-content\/uploads\/2024\/09\/dsc00931-2_optimized.jpg\" alt='' title='dsc00931-(2)_optimized' height=\"600\" width=\"898\"  itemprop=\"thumbnailUrl\" srcset=\"https:\/\/radiorevelacionfm.cl\/wp-content\/uploads\/2024\/09\/dsc00931-2_optimized.jpg 898w, https:\/\/radiorevelacionfm.cl\/wp-content\/uploads\/2024\/09\/dsc00931-2_optimized-300x200.jpg 300w, https:\/\/radiorevelacionfm.cl\/wp-content\/uploads\/2024\/09\/dsc00931-2_optimized-768x513.jpg 768w, https:\/\/radiorevelacionfm.cl\/wp-content\/uploads\/2024\/09\/dsc00931-2_optimized-705x471.jpg 705w, https:\/\/radiorevelacionfm.cl\/wp-content\/uploads\/2024\/09\/dsc00931-2_optimized-450x301.jpg 450w, https:\/\/radiorevelacionfm.cl\/wp-content\/uploads\/2024\/09\/dsc00931-2_optimized-600x401.jpg 600w\" sizes=\"(max-width: 898px) 100vw, 898px\" \/><\/div><\/div><\/div><\/div><div class=\"flex_column av_one_full  flex_column_div av-zero-column-padding first  avia-builder-el-2  el_after_av_one_full  el_before_av_one_full  column-top-margin\" style='border-radius:0px; '><section class=\"av_textblock_section \"  itemscope=\"itemscope\" itemtype=\"https:\/\/schema.org\/BlogPosting\" itemprop=\"blogPost\" ><div class='avia_textblock  '   itemprop=\"text\" ><p style=\"text-align: center;\"><strong><span style=\"font-size: 18pt;\">Con visita de m\u00e1s de 700 estudiantes UAys\u00e9n inicia proceso de Admisi\u00f3n 2025<\/span><\/strong><\/p>\n<div id=\"gtx-trans\" style=\"position: absolute; left: -50px; top: 4.31534px;\">\n<div class=\"gtx-trans-icon\"><\/div>\n<\/div>\n<\/div><\/section><\/div><div class=\"flex_column av_one_full  flex_column_div av-zero-column-padding first  avia-builder-el-4  el_after_av_one_full  el_before_av_hr  column-top-margin\" style='border-radius:0px; '><section class=\"av_textblock_section \"  itemscope=\"itemscope\" itemtype=\"https:\/\/schema.org\/BlogPosting\" itemprop=\"blogPost\" ><div class='avia_textblock  '   itemprop=\"text\" ><div>\n<p dir=\"ltr\" style=\"text-align: justify;\"><em>La casa de estudios regional realiz\u00f3 su ya tradicional Jornada Puertas, oportunidad en la que recibi\u00f3 a 17 establecimientos educacionales de Coyhaique y Puerto Ays\u00e9n.<\/em><\/p>\n<p dir=\"ltr\" style=\"text-align: justify;\">M\u00e1s de 700 estudiantes pertenecientes a 10 establecimientos educacionales de las comunas de Coyhaique y Puerto Ays\u00e9n, visitaron las dependencias del Campus Lillo 1 y Campus Lillo 2 de la Universidad de Ays\u00e9n, en el marco de su ya tradicional Jornada Puertas Abiertas de Admisi\u00f3n, instancia que la casa de estudios regional realiza desde el a\u00f1o 2017 con la finalidad de entregar informaci\u00f3n sobre su oferta acad\u00e9mica, becas, beneficios y mostrar a los j\u00f3venes sus instalaciones, infraestructura y equipamiento adem\u00e1s de brindar la oportunidad de di\u00e1logo directo con sus acad\u00e9micos y estudiantes.<\/p>\n<p dir=\"ltr\" style=\"text-align: justify;\">Juan Pablo Prieto, administrador provisional de la Universidad de Ays\u00e9n, se\u00f1al\u00f3 que se encuentran muy satisfechos con la actividad y el proceso de admisi\u00f3n que se avecina para la casa de estudios. \u00abBueno, estamos muy felices con este d\u00eda de Puertas Abiertas, que hemos recibido un conjunto muy importante de estudiantes y establecimientos que han venido a conocer la Universidad de Ays\u00e9n y su oferta acad\u00e9mica, de manera que seguiremos trabajando con ellos, seguimos invitando a los estudiantes, estamos seguros que la Universidad Estatal de Ays\u00e9n ser\u00e1 una prioridad para su elecci\u00f3n como estudios profesionales en la regi\u00f3n. As\u00ed que, invitados todos y todas a que sigan viniendo, sigan contact\u00e1ndose, vean nuestra p\u00e1gina web y se informen de lo que hemos estado haciendo y lo que estamos preparando para el inicio del a\u00f1o acad\u00e9mico 2025. Hoy d\u00eda partimos con el proceso de admisi\u00f3n 2025 y esperamos recibirlo con cada vez mejores y mayor infraestructura, recibirlo con mejor equipamiento y, por supuesto, como siempre, con un cuerpo acad\u00e9mico de excelencia\u00bb, puntualiz\u00f3.<\/p>\n<p dir=\"ltr\" style=\"text-align: justify;\">En la misma l\u00ednea, Marco Vega L\u00f3pez, director general acad\u00e9mico de la UAys\u00e9n enfatiz\u00f3 en la importancia de esta jornada y del proceso de admisi\u00f3n. \u00abHoy d\u00eda estamos en la Jornada Puertas Abiertas, que es una actividad tradicional de la universidad donde recibimos a los y las estudiantes de la regi\u00f3n. Nos acompa\u00f1an hoy d\u00eda m\u00e1s de 17 delegaciones de diferentes colegios de la regi\u00f3n. Ha habido un gran inter\u00e9s. Aqu\u00ed vienen los estudiantes a conocer las carreras, conocer a la universidad, a sus autoridades, la infraestructura, sobre todo a responder dudas en un proceso que para ellos es siempre complejo, el tr\u00e1nsito desde el colegio a la vida universitaria. Entonces tienen esta oportunidad donde pueden interactuar con estudiantes, futuros compa\u00f1eros, con profesores, con acad\u00e9micos, y resolver algunas dudas durante este proceso que para ellos es tan importante. Y la universidad tambi\u00e9n, de acuerdo a sus valores institucionales, la transparencia y adem\u00e1s el contacto constante con la comunidad y su regional, est\u00e1 muy contenta de recibir a los estudiantes y las delegaciones de los colegios\u00bb, expres\u00f3.<\/p>\n<p dir=\"ltr\" style=\"text-align: justify;\">En la oportunidad, Mar\u00eda Constanza Carre\u00f1o, estudiante de Trabajo Social relat\u00f3 su positiva experiencia en la Universidad de Ays\u00e9n. \u00abHa sido muy grata desde principio hasta el momento. Yo entr\u00e9 justo en pandemia y a pesar de que no nos ve\u00edamos como curso, con los profesores y todo, siempre la universidad intent\u00f3 buscar la forma de que la educaci\u00f3n fuera cercana, y no solo en lo acad\u00e9mico, sino en las necesidades en general como que nosotros tuvi\u00e9semos internet, computadores, etc., para desarrollar bien este proceso. Y bueno, luego entrando ya en la modalidad presencial, tambi\u00e9n ha sido muy grato todo. La comunidad es peque\u00f1a, pero es muy acogedora en general, acad\u00e9micos, estudiantes, ha sido un muy buen recibimiento\u00bb, se\u00f1al\u00f3.<\/p>\n<\/div>\n<div style=\"text-align: justify;\"><\/div>\n<\/div><\/section><\/div><div  style='height:50px' class='hr hr-invisible   avia-builder-el-6  el_after_av_one_full  el_before_av_social_share '><span class='hr-inner ' ><span class='hr-inner-style'><\/span><\/span><\/div><\/p>\n<div  class='av-social-sharing-box  avia-builder-el-7  el_after_av_hr  el_before_av_hr  '><div class='av-share-box'><h5 class='av-share-link-description av-no-toc '>Compartir esta noticia<\/h5><ul class='av-share-box-list noLightbox'><li class='av-share-link av-social-link-facebook' ><a target=\"_blank\" aria-label=\"Compartir en Facebook\" href='https:\/\/www.facebook.com\/sharer.php?u=https:\/\/radiorevelacionfm.cl\/?p=45947&#038;t=Con%20visita%20de%20m%C3%A1s%20de%20700%20estudiantes%20UAys%C3%A9n%20inicia%20proceso%20de%20Admisi%C3%B3n%202025' aria-hidden='false' data-av_icon='\ue8f3' data-av_iconfont='entypo-fontello' title='' data-avia-related-tooltip='Compartir en Facebook' rel=\"noopener\"><span class='avia_hidden_link_text'>Compartir en Facebook<\/span><\/a><\/li><li class='av-share-link av-social-link-twitter' ><a target=\"_blank\" aria-label=\"Compartir en Twitter\" href='https:\/\/twitter.com\/share?text=Con%20visita%20de%20m%C3%A1s%20de%20700%20estudiantes%20UAys%C3%A9n%20inicia%20proceso%20de%20Admisi%C3%B3n%202025&#038;url=https:\/\/radiorevelacionfm.cl\/?p=45947' aria-hidden='false' data-av_icon='\ue8f1' data-av_iconfont='entypo-fontello' title='' data-avia-related-tooltip='Compartir en Twitter' rel=\"noopener\"><span class='avia_hidden_link_text'>Compartir en Twitter<\/span><\/a><\/li><li class='av-share-link av-social-link-whatsapp' ><a target=\"_blank\" aria-label=\"Compartir en Whatsapp\" href='https:\/\/api.whatsapp.com\/send?text=https:\/\/radiorevelacionfm.cl\/?p=45947' aria-hidden='false' data-av_icon='\uf232' data-av_iconfont='entypo-fontello' title='' data-avia-related-tooltip='Compartir en Whatsapp' rel=\"noopener\"><span class='avia_hidden_link_text'>Compartir en Whatsapp<\/span><\/a><\/li><li class='av-share-link av-social-link-linkedin' ><a target=\"_blank\" aria-label=\"Compartir en LinkedIn\" href='https:\/\/linkedin.com\/shareArticle?mini=true&#038;title=Con%20visita%20de%20m%C3%A1s%20de%20700%20estudiantes%20UAys%C3%A9n%20inicia%20proceso%20de%20Admisi%C3%B3n%202025&#038;url=https:\/\/radiorevelacionfm.cl\/?p=45947' aria-hidden='false' data-av_icon='\ue8fc' data-av_iconfont='entypo-fontello' title='' data-avia-related-tooltip='Compartir en LinkedIn' rel=\"noopener\"><span class='avia_hidden_link_text'>Compartir en LinkedIn<\/span><\/a><\/li><li class='av-share-link av-social-link-mail' ><a  aria-label=\"Compartir por correo\" href='mailto:?subject=Con%20visita%20de%20m%C3%A1s%20de%20700%20estudiantes%20UAys%C3%A9n%20inicia%20proceso%20de%20Admisi%C3%B3n%202025&#038;body=https:\/\/radiorevelacionfm.cl\/?p=45947' aria-hidden='false' data-av_icon='\ue805' data-av_iconfont='entypo-fontello' title='' data-avia-related-tooltip='Compartir por correo'><span class='avia_hidden_link_text'>Compartir por correo<\/span><\/a><\/li><\/ul><\/div><\/div>\n<div  style='height:50px' class='hr hr-invisible   avia-builder-el-8  el_after_av_social_share  el_before_av_comments_list '><span class='hr-inner ' ><span class='hr-inner-style'><\/span><\/span><\/div>\n<div  class='av-buildercomment  av-blog-meta-html-info-disabled av-blog-meta-tag-disabled  '><\/div>\n","protected":false},"excerpt":{"rendered":"","protected":false},"author":1,"featured_media":45948,"comment_status":"open","ping_status":"open","sticky":false,"template":"","format":"standard","meta":{"footnotes":""},"categories":[49],"tags":[],"class_list":["post-45947","post","type-post","status-publish","format-standard","has-post-thumbnail","hentry","category-educacion"],"jetpack_featured_media_url":"https:\/\/radiorevelacionfm.cl\/wp-content\/uploads\/2024\/09\/dsc00931-2_optimized.jpg","_links":{"self":[{"href":"https:\/\/radiorevelacionfm.cl\/index.php?rest_route=\/wp\/v2\/posts\/45947","targetHints":{"allow":["GET"]}}],"collection":[{"href":"https:\/\/radiorevelacionfm.cl\/index.php?rest_route=\/wp\/v2\/posts"}],"about":[{"href":"https:\/\/radiorevelacionfm.cl\/index.php?rest_route=\/wp\/v2\/types\/post"}],"author":[{"embeddable":true,"href":"https:\/\/radiorevelacionfm.cl\/index.php?rest_route=\/wp\/v2\/users\/1"}],"replies":[{"embeddable":true,"href":"https:\/\/radiorevelacionfm.cl\/index.php?rest_route=%2Fwp%2Fv2%2Fcomments&post=45947"}],"version-history":[{"count":1,"href":"https:\/\/radiorevelacionfm.cl\/index.php?rest_route=\/wp\/v2\/posts\/45947\/revisions"}],"predecessor-version":[{"id":45949,"href":"https:\/\/radiorevelacionfm.cl\/index.php?rest_route=\/wp\/v2\/posts\/45947\/revisions\/45949"}],"wp:featuredmedia":[{"embeddable":true,"href":"https:\/\/radiorevelacionfm.cl\/index.php?rest_route=\/wp\/v2\/media\/45948"}],"wp:attachment":[{"href":"https:\/\/radiorevelacionfm.cl\/index.php?rest_route=%2Fwp%2Fv2%2Fmedia&parent=45947"}],"wp:term":[{"taxonomy":"category","embeddable":true,"href":"https:\/\/radiorevelacionfm.cl\/index.php?rest_route=%2Fwp%2Fv2%2Fcategories&post=45947"},{"taxonomy":"post_tag","embeddable":true,"href":"https:\/\/radiorevelacionfm.cl\/index.php?rest_route=%2Fwp%2Fv2%2Ftags&post=45947"}],"curies":[{"name":"wp","href":"https:\/\/api.w.org\/{rel}","templated":true}]}}