{"id":45944,"date":"2024-09-06T11:04:27","date_gmt":"2024-09-06T14:04:27","guid":{"rendered":"https:\/\/radiorevelacionfm.cl\/?p=45944"},"modified":"2024-09-06T11:08:09","modified_gmt":"2024-09-06T14:08:09","slug":"refuerzan-despliegue-preventivo-para-seguridad-en-fiestas-patrias","status":"publish","type":"post","link":"https:\/\/radiorevelacionfm.cl\/?p=45944","title":{"rendered":"Gobierno refuerza despliegue preventivo para seguridad en Fiestas Patrias"},"content":{"rendered":"<div class=\"flex_column av_one_full  flex_column_div av-zero-column-padding first  avia-builder-el-0  el_before_av_one_full  avia-builder-el-first  \" style='border-radius:0px; '><div  class='avia-image-container  av-styling-    avia-builder-el-1  avia-builder-el-no-sibling  avia-align-center '  itemprop=\"image\" itemscope=\"itemscope\" itemtype=\"https:\/\/schema.org\/ImageObject\"  ><div class='avia-image-container-inner'><div class='avia-image-overlay-wrap'><img decoding=\"async\" class='wp-image-45945 avia-img-lazy-loading-not-45945 avia_image' src=\"https:\/\/radiorevelacionfm.cl\/wp-content\/uploads\/2024\/09\/img_4977-1_optimized.jpg\" alt='' title='img_4977-(1)_optimized' height=\"600\" width=\"894\"  itemprop=\"thumbnailUrl\" srcset=\"https:\/\/radiorevelacionfm.cl\/wp-content\/uploads\/2024\/09\/img_4977-1_optimized.jpg 894w, https:\/\/radiorevelacionfm.cl\/wp-content\/uploads\/2024\/09\/img_4977-1_optimized-300x201.jpg 300w, https:\/\/radiorevelacionfm.cl\/wp-content\/uploads\/2024\/09\/img_4977-1_optimized-768x515.jpg 768w, https:\/\/radiorevelacionfm.cl\/wp-content\/uploads\/2024\/09\/img_4977-1_optimized-705x473.jpg 705w, https:\/\/radiorevelacionfm.cl\/wp-content\/uploads\/2024\/09\/img_4977-1_optimized-450x302.jpg 450w, https:\/\/radiorevelacionfm.cl\/wp-content\/uploads\/2024\/09\/img_4977-1_optimized-600x403.jpg 600w\" sizes=\"(max-width: 894px) 100vw, 894px\" \/><\/div><\/div><\/div><\/div>\n<div class=\"flex_column av_one_full  flex_column_div av-zero-column-padding first  avia-builder-el-2  el_after_av_one_full  el_before_av_one_full  column-top-margin\" style='border-radius:0px; '><section class=\"av_textblock_section \"  itemscope=\"itemscope\" itemtype=\"https:\/\/schema.org\/BlogPosting\" itemprop=\"blogPost\" ><div class='avia_textblock  '   itemprop=\"text\" ><p style=\"text-align: center;\"><strong><span style=\"font-size: 18pt;\">Gobierno refuerza despliegue preventivo para seguridad en Fiestas Patrias<\/span><\/strong><\/p>\n<div id=\"gtx-trans\" style=\"position: absolute; left: -50px; top: 4.31534px;\">\n<div class=\"gtx-trans-icon\"><\/div>\n<\/div>\n<\/div><\/section><\/div><div class=\"flex_column av_one_full  flex_column_div av-zero-column-padding first  avia-builder-el-4  el_after_av_one_full  el_before_av_hr  column-top-margin\" style='border-radius:0px; '><section class=\"av_textblock_section \"  itemscope=\"itemscope\" itemtype=\"https:\/\/schema.org\/BlogPosting\" itemprop=\"blogPost\" ><div class='avia_textblock  '   itemprop=\"text\" ><p style=\"font-weight: 400; text-align: justify;\"><em>El Delegado Presidencial Regional, Rodrigo Araya, inform\u00f3 que\u00a0el Plan Integrado de Prevenci\u00f3n y Seguridad Septiembre 2024 integra\u00a0cerca de 20 servicios y m\u00e1s de 500 funcionarios y funcionarias de Carabineros, adem\u00e1s de Polic\u00eda de Investigaciones (PDI).<\/em><\/p>\n<p style=\"font-weight: 400; text-align: justify;\">Cerca de 20 servicios con competencias preventivas y fiscalizadoras, m\u00e1s de 500 funcionarios y funcionarias de Carabineros, adem\u00e1s de la Polic\u00eda de Investigaciones (PDI), integran el Plan Integrado de Prevenci\u00f3n y Seguridad Septiembre 2024, dispuesto por el Gobierno para la seguridad de las personas durante fiestas patrias.<\/p>\n<p style=\"font-weight: 400; text-align: justify;\">As\u00ed lo inform\u00f3 este jueves el Delegado Presidencial Regional de Ays\u00e9n, Rodrigo Araya Morales, quien indic\u00f3 que el mensaje es \u201cUnidos por un 18 seguro\u201d, con foco en el autocuidado, gesti\u00f3n de riesgos y emergencias, fiscalizaciones y controles, particularmente, en prevenci\u00f3n de accidentes de tr\u00e1nsito y delitos violentos y homicidios.<\/p>\n<p style=\"font-weight: 400; text-align: justify;\">\u201cEstas Fiestas Patrias tienen muchos d\u00edas disponibles para que las personas se puedan reunir en familia, con amigos, en actividades recreativas, lo que requiere del autocuidado, pensando en la seguridad de las familias y de las personas. Como Gobierno estamos coordinando las actividades correspondientes con las instituciones que tienen que ver con la prevenci\u00f3n y la seguridad para garantizar aquello\u201d, recalc\u00f3.<\/p>\n<p style=\"font-weight: 400; text-align: justify;\">El Prefecto de Carabineros, Coronel Fuad Chab\u00e1n Vilches, indic\u00f3 que los servicios comenzar\u00e1n este viernes, con m\u00e1s de 500 carabineros focalizados en prevenci\u00f3n de abigeato, Plan Ruta Segura y otros orientados a prevenir la ocurrencia de delitos, as\u00ed como la p\u00e9rdida de vidas humanas asociadas a la accidentabilidad o al consumo de alcohol.<\/p>\n<p style=\"font-weight: 400; text-align: justify;\">\u201cVamos a estar presentes en todas las localidades y actividades que se desarrollen durante el mes de septiembre. Nuestro llamado es a la prevenci\u00f3n en la conducci\u00f3n, las medidas de seguridad en sus desplazamientos tanto a trav\u00e9s de las rutas como en zonas urbanas y en los propios hogares\u201d.<\/p>\n<p style=\"font-weight: 400; text-align: justify;\">Record\u00f3 que durante las celebraciones del a\u00f1o 2023 no hubo personas fallecidas en accidentes de tr\u00e1nsito, aunque s\u00ed con resultado de lesiones leves, precisando que \u201cnuestro objetivo es que no se registren accidentes con consecuencias tan graves o lamentables. Recordamos a la comunidad que Carabineros previene controlando, marcando presencia en distintos lugares focalizados para el desarrollo de controles vehiculares tanto en la ciudad como en toda la regi\u00f3n, pudiendo estar donde la comunidad nos necesita\u201d.<\/p>\n<p style=\"font-weight: 400; text-align: justify;\">El prefecto Patricio Barrios, jefe de la prefectura provincial Coyhaique a\u00f1adi\u00f3 que \u201cla Polic\u00eda de Investigaciones, al igual que en todas las oportunidades y sobre todo en estas fiestas, tiene desplegados los diferentes equipos, a trav\u00e9s de sus unidades especializadas\u201d.\u00a0 Adem\u00e1s, llam\u00f3 a denunciar eventuales delitos y recomend\u00f3 estar atentos a posibles estafas. \u201cEl llamado es a no entregar datos sensibles, personales, para no ser susceptible de delito inform\u00e1tico y puedan as\u00ed vulnerar, en este caso, sus cuentas bancarias\u201d, finaliz\u00f3.<\/p>\n<p style=\"font-weight: 400; text-align: justify;\">En caso de requerir atenci\u00f3n, la coordinadora de Seguridad P\u00fablica, Camila Covarrubias, record\u00f3 que tambi\u00e9n est\u00e1 disponible el n\u00famero telef\u00f3nico \u201c*4242, donde podemos denunciar de manera an\u00f3nima, confidencial, gratuita y funciona las 24 horas del d\u00eda. Por otro lado, ponemos a disposici\u00f3n nuestro programa de Apoyo a V\u00edctimas, que va a funcionar en horario extendido, desde las 09:00 horas hasta las dos de la madrugada, para recibir llamados de personas que puedan haber sido v\u00edctimas de alg\u00fan delito, en el n\u00famero 600 818 1000\u201d.<\/p>\n<p style=\"font-weight: 400; text-align: justify;\"><strong>Consumo responsable<\/strong><\/p>\n<p style=\"font-weight: 400; text-align: justify;\">Por su parte, la directora de Senda, Victoria Contreras, destac\u00f3 la implementaci\u00f3n de \u201cla campa\u00f1a \u201cEl Otro Plan\u201d, que es un llamado a planificar, a organizarnos como familia y tomar resguardos que nos permitan celebrar, pero tambi\u00e9n tomar precauciones. En ese sentido, no normalizar el consumo de sustancias frente a ni\u00f1os, ni\u00f1as, adolescentes y organizar el conductor designado, de manera de anticiparnos a ciertas situaciones de riesgo\u201d.<\/p>\n<p style=\"font-weight: 400; text-align: justify;\">En materia alimentaria, la seremi de Salud, Carmen Monsalve, sostuvo que \u201cm\u00e1s de 150 acciones de fiscalizaci\u00f3n est\u00e1n programadas a lo largo y ancho de todo el territorio regional, particularmente, aquellos locales de elaboraci\u00f3n y expendio de alimentos, para resguardar la inocuidad alimentaria. La recomendaci\u00f3n es a consumir los alimentos de manera responsable, eligiendo los lugares autorizados por la Seremi de Salud\u201d.<\/p>\n<p style=\"font-weight: 400; text-align: justify;\">Por su parte, el Servicio de Salud Ays\u00e9n mantendr\u00e1 operativos los dispositivos, a trav\u00e9s de sus cinco hospitales en la regi\u00f3n: Coyhaique, Cisnes, Ays\u00e9n, Chile Chico y Cochrane, adem\u00e1s de los dispositivos de atenci\u00f3n primaria como postas, CESFAM y CESCOF, como explic\u00f3 el director del servicio Juan Pablo Bravo.<\/p>\n<p style=\"font-weight: 400; text-align: justify;\">Por \u00faltimo, el director del Trabajo, Christian Aros, record\u00f3 que los d\u00edas 18 y 19 de septiembre corresponden a fechas establecidas como feriado irrenunciable para trabajadoras y trabajadores del comercio.<\/p>\n<\/div><\/section><\/div><\/p>\n<div  style='height:50px' class='hr hr-invisible   avia-builder-el-6  el_after_av_one_full  el_before_av_social_share '><span class='hr-inner ' ><span class='hr-inner-style'><\/span><\/span><\/div>\n<div  class='av-social-sharing-box  avia-builder-el-7  el_after_av_hr  el_before_av_hr  '><div class='av-share-box'><h5 class='av-share-link-description av-no-toc '>Compartir esta noticia<\/h5><ul class='av-share-box-list noLightbox'><li class='av-share-link av-social-link-facebook' ><a target=\"_blank\" aria-label=\"Compartir en Facebook\" href='https:\/\/www.facebook.com\/sharer.php?u=https:\/\/radiorevelacionfm.cl\/?p=45944&#038;t=Gobierno%20refuerza%20despliegue%20preventivo%20para%20seguridad%20en%20Fiestas%20Patrias' aria-hidden='false' data-av_icon='\ue8f3' data-av_iconfont='entypo-fontello' title='' data-avia-related-tooltip='Compartir en Facebook' rel=\"noopener\"><span class='avia_hidden_link_text'>Compartir en Facebook<\/span><\/a><\/li><li class='av-share-link av-social-link-twitter' ><a target=\"_blank\" aria-label=\"Compartir en Twitter\" href='https:\/\/twitter.com\/share?text=Gobierno%20refuerza%20despliegue%20preventivo%20para%20seguridad%20en%20Fiestas%20Patrias&#038;url=https:\/\/radiorevelacionfm.cl\/?p=45944' aria-hidden='false' data-av_icon='\ue8f1' data-av_iconfont='entypo-fontello' title='' data-avia-related-tooltip='Compartir en Twitter' rel=\"noopener\"><span class='avia_hidden_link_text'>Compartir en Twitter<\/span><\/a><\/li><li class='av-share-link av-social-link-whatsapp' ><a target=\"_blank\" aria-label=\"Compartir en Whatsapp\" href='https:\/\/api.whatsapp.com\/send?text=https:\/\/radiorevelacionfm.cl\/?p=45944' aria-hidden='false' data-av_icon='\uf232' data-av_iconfont='entypo-fontello' title='' data-avia-related-tooltip='Compartir en Whatsapp' rel=\"noopener\"><span class='avia_hidden_link_text'>Compartir en Whatsapp<\/span><\/a><\/li><li class='av-share-link av-social-link-linkedin' ><a target=\"_blank\" aria-label=\"Compartir en LinkedIn\" href='https:\/\/linkedin.com\/shareArticle?mini=true&#038;title=Gobierno%20refuerza%20despliegue%20preventivo%20para%20seguridad%20en%20Fiestas%20Patrias&#038;url=https:\/\/radiorevelacionfm.cl\/?p=45944' aria-hidden='false' data-av_icon='\ue8fc' data-av_iconfont='entypo-fontello' title='' data-avia-related-tooltip='Compartir en LinkedIn' rel=\"noopener\"><span class='avia_hidden_link_text'>Compartir en LinkedIn<\/span><\/a><\/li><li class='av-share-link av-social-link-mail' ><a  aria-label=\"Compartir por correo\" href='mailto:?subject=Gobierno%20refuerza%20despliegue%20preventivo%20para%20seguridad%20en%20Fiestas%20Patrias&#038;body=https:\/\/radiorevelacionfm.cl\/?p=45944' aria-hidden='false' data-av_icon='\ue805' data-av_iconfont='entypo-fontello' title='' data-avia-related-tooltip='Compartir por correo'><span class='avia_hidden_link_text'>Compartir por correo<\/span><\/a><\/li><\/ul><\/div><\/div>\n<div  style='height:50px' class='hr hr-invisible   avia-builder-el-8  el_after_av_social_share  el_before_av_comments_list '><span class='hr-inner ' ><span class='hr-inner-style'><\/span><\/span><\/div>\n<div  class='av-buildercomment  av-blog-meta-html-info-disabled av-blog-meta-tag-disabled  '><\/div>\n","protected":false},"excerpt":{"rendered":"","protected":false},"author":1,"featured_media":45945,"comment_status":"open","ping_status":"open","sticky":false,"template":"","format":"standard","meta":{"footnotes":""},"categories":[38],"tags":[],"class_list":["post-45944","post","type-post","status-publish","format-standard","has-post-thumbnail","hentry","category-regional"],"jetpack_featured_media_url":"https:\/\/radiorevelacionfm.cl\/wp-content\/uploads\/2024\/09\/img_4977-1_optimized.jpg","_links":{"self":[{"href":"https:\/\/radiorevelacionfm.cl\/index.php?rest_route=\/wp\/v2\/posts\/45944","targetHints":{"allow":["GET"]}}],"collection":[{"href":"https:\/\/radiorevelacionfm.cl\/index.php?rest_route=\/wp\/v2\/posts"}],"about":[{"href":"https:\/\/radiorevelacionfm.cl\/index.php?rest_route=\/wp\/v2\/types\/post"}],"author":[{"embeddable":true,"href":"https:\/\/radiorevelacionfm.cl\/index.php?rest_route=\/wp\/v2\/users\/1"}],"replies":[{"embeddable":true,"href":"https:\/\/radiorevelacionfm.cl\/index.php?rest_route=%2Fwp%2Fv2%2Fcomments&post=45944"}],"version-history":[{"count":2,"href":"https:\/\/radiorevelacionfm.cl\/index.php?rest_route=\/wp\/v2\/posts\/45944\/revisions"}],"predecessor-version":[{"id":45958,"href":"https:\/\/radiorevelacionfm.cl\/index.php?rest_route=\/wp\/v2\/posts\/45944\/revisions\/45958"}],"wp:featuredmedia":[{"embeddable":true,"href":"https:\/\/radiorevelacionfm.cl\/index.php?rest_route=\/wp\/v2\/media\/45945"}],"wp:attachment":[{"href":"https:\/\/radiorevelacionfm.cl\/index.php?rest_route=%2Fwp%2Fv2%2Fmedia&parent=45944"}],"wp:term":[{"taxonomy":"category","embeddable":true,"href":"https:\/\/radiorevelacionfm.cl\/index.php?rest_route=%2Fwp%2Fv2%2Fcategories&post=45944"},{"taxonomy":"post_tag","embeddable":true,"href":"https:\/\/radiorevelacionfm.cl\/index.php?rest_route=%2Fwp%2Fv2%2Ftags&post=45944"}],"curies":[{"name":"wp","href":"https:\/\/api.w.org\/{rel}","templated":true}]}}