{"id":4594,"date":"2021-05-27T17:18:41","date_gmt":"2021-05-27T20:18:41","guid":{"rendered":"https:\/\/radiorevelacionfm.cl\/?p=4594"},"modified":"2021-05-27T17:18:41","modified_gmt":"2021-05-27T20:18:41","slug":"alcalde-de-cisnes-compromete-apoyo-para-crear-brigada-de-bomberos-en-melimoyu","status":"publish","type":"post","link":"https:\/\/radiorevelacionfm.cl\/?p=4594","title":{"rendered":"Alcalde de Cisnes compromete apoyo para crear Brigada de Bomberos en Melimoyu"},"content":{"rendered":"<div class=\"flex_column av_one_full  flex_column_div av-zero-column-padding first  avia-builder-el-0  el_before_av_one_full  avia-builder-el-first  \" style='border-radius:0px; '><div  class='avia-image-container  av-styling-    avia-builder-el-1  avia-builder-el-no-sibling  avia-align-center '  itemprop=\"image\" itemscope=\"itemscope\" itemtype=\"https:\/\/schema.org\/ImageObject\"  ><div class='avia-image-container-inner'><div class='avia-image-overlay-wrap'><img decoding=\"async\" class='wp-image-0 avia-img-lazy-loading-not-0 avia_image' src=\"https:\/\/radiorevelacionfm.cl\/wp-content\/uploads\/2021\/05\/ALCALDE-Y-COMANDANTE-BOMBEROS-CISNES1-1.jpg\" alt='' title=''   itemprop=\"thumbnailUrl\"  \/><\/div><\/div><\/div><\/div><div class=\"flex_column av_one_full  flex_column_div av-zero-column-padding first  avia-builder-el-2  el_after_av_one_full  el_before_av_one_full  column-top-margin\" style='border-radius:0px; '><section class=\"av_textblock_section \"  itemscope=\"itemscope\" itemtype=\"https:\/\/schema.org\/BlogPosting\" itemprop=\"blogPost\" ><div class='avia_textblock  '   itemprop=\"text\" ><p style=\"text-align: center;\"><span style=\"font-size: 18pt;\"><strong>Alcalde de Cisnes compromete apoyo para crear Brigada de Bomberos en Melimoyu<\/strong><\/span><\/p>\n<div id=\"gtx-trans\" style=\"position: absolute; left: -50px; top: 4.31534px;\">\n<div class=\"gtx-trans-icon\"><\/div>\n<\/div>\n<\/div><\/section><\/div><div class=\"flex_column av_one_full  flex_column_div av-zero-column-padding first  avia-builder-el-4  el_after_av_one_full  el_before_av_hr  column-top-margin\" style='border-radius:0px; '><section class=\"av_textblock_section \"  itemscope=\"itemscope\" itemtype=\"https:\/\/schema.org\/BlogPosting\" itemprop=\"blogPost\" ><div class='avia_textblock  '   itemprop=\"text\" ><p style=\"text-align: justify;\">La m\u00e1xima autoridad comunal reafirm\u00f3 su compromiso a seguir colaborando con Bomberos e insisti\u00f3 en el llamado a la prevenci\u00f3n.<\/p>\n<p style=\"text-align: justify;\">Los \u00faltimos d\u00edas han sido muy tristes para familias de Melimoyu y Puyuhuapi, esto a ra\u00edz de incendios que han cobrado la vida de dos personas en estas emergencias declaradas y que han evidenciado algunas necesidades, como la falta de un ente de emergencia en la primera localidad.<\/p>\n<p style=\"text-align: justify;\">Preocupado de esta situaci\u00f3n desde el momento que se enter\u00f3, el Alcalde de la comuna de Cisnes, Francisco Roncagliolo, se coordin\u00f3 con el equipo municipal para colaborar tanto desde el punto de vista social como desde lo operativo. Es de esta forma que, se reuni\u00f3 con el Comandante de Bomberos, H\u00e9ctor Andrade.<\/p>\n<p style=\"text-align: justify;\">En la reuni\u00f3n la autoridad puso a disposici\u00f3n del voluntariado todas las acciones en las que pueda colaborar el Municipio e inmediatamente se fij\u00f3 una reuni\u00f3n en Melimoyu, con la finalidad de crear la Brigada Bomberil del sector, ya que, de los tres incendios ocurridos recientemente dos se produjeron en esa localidad.<\/p>\n<p style=\"text-align: justify;\">Adem\u00e1s, el Alcalde Roncagliolo, se\u00f1al\u00f3 que mediante la Delegaci\u00f3n Municipal est\u00e1 toda la voluntad e intenci\u00f3n de colaborar con familia de la persona fallecida en Puyuhuapi.<\/p>\n<p style=\"text-align: justify;\">\u201cNos hemos puesto a disposici\u00f3n de la familia y de quien corresponda para apoyar socialmente en la recuperaci\u00f3n de infraestructura y a la familia. Pero tambi\u00e9n dada la situaci\u00f3n que ha acontecido, nos hemos reunido con Bomberos de nuestra comuna, para fortalecer las l\u00edneas de acci\u00f3n que ellos tienen y que obviamente se ponen a disposici\u00f3n de la comunidad. Es por eso que, est\u00e1n trabajando para crear una Brigada en Melimoyu, a la cual nosotros como Municipalidad vamos a aportar con insumos y distintos medios de acuerdo a la evaluaci\u00f3n que ellos realicen en esta visita t\u00e9cnica y de conformaci\u00f3n de esa unidad. La idea es, buscar en conjunto enfrentar futuras situaciones como las que ya lamentablemente hemos vivido como comuna\u201d.<\/p>\n<p style=\"text-align: justify;\">Por su parte, H\u00e9ctor Andrade, Comandante de Bomberos de Lago Verde y Cisnes, concord\u00f3 con el Alcalde y confirm\u00f3 que este s\u00e1bado viajar\u00e1n a Melimoyu para concretar la conformaci\u00f3n de una Brigada. \u201cPara este d\u00eda s\u00e1bado vamos saliendo a las nueve de la ma\u00f1ana con destino a esa localidad, para poder gestionar y armar una Brigada de primera intervenci\u00f3n. Vamos junto al Superintendente del Cuerpo de Bomberos de Cisnes, tambi\u00e9n nos acompa\u00f1ar\u00e1 el oficial civil que ir\u00eda como ministro de fe, para poder constituir esta Brigada de Bomberos en Melimoyu\u201d.<\/p>\n<p style=\"text-align: justify;\">El Alcalde de la comuna de Cisnes, Francisco Roncagliolo y el Comandante de Bomberos, H\u00e9ctor Andrade, hicieron un llamado a la comunidad, sobre todo en esta \u00e9poca cuando aumenta el consumo de le\u00f1a, a tomar todas las medidas preventivas y de autocuidado que eviten una emergencia tan lamentable como la ocurrida en Melimoyu y Puyuhuapi.<\/p>\n<p style=\"text-align: justify;\">Por ello, se remarc\u00f3 la importancia de limpiar peri\u00f3dicamente los ductos de humo, cambiar estos mismos art\u00edculos si ya presentan alg\u00fan deterioro, evitar hacer fuego con pl\u00e1stico que se pega en los ca\u00f1os. Lo otro importante es que, durante las noches no dejar ropa muy cerca de los artefactos a le\u00f1a, revisar peri\u00f3dicamente las instalaciones el\u00e9ctricas y de gas.<\/p>\n<\/div><\/section><\/div><div  style='height:50px' class='hr hr-invisible   avia-builder-el-6  el_after_av_one_full  el_before_av_social_share '><span class='hr-inner ' ><span class='hr-inner-style'><\/span><\/span><\/div><\/p>\n<div  class='av-social-sharing-box  avia-builder-el-7  el_after_av_hr  el_before_av_hr  '><div class='av-share-box'><h5 class='av-share-link-description av-no-toc '>Compartir esta noticia<\/h5><ul class='av-share-box-list noLightbox'><li class='av-share-link av-social-link-facebook' ><a target=\"_blank\" aria-label=\"Compartir en Facebook\" href='https:\/\/www.facebook.com\/sharer.php?u=https:\/\/radiorevelacionfm.cl\/?p=4594&#038;t=Alcalde%20de%20Cisnes%20compromete%20apoyo%20para%20crear%20Brigada%20de%20Bomberos%20en%20Melimoyu' aria-hidden='false' data-av_icon='\ue8f3' data-av_iconfont='entypo-fontello' title='' data-avia-related-tooltip='Compartir en Facebook' rel=\"noopener\"><span class='avia_hidden_link_text'>Compartir en Facebook<\/span><\/a><\/li><li class='av-share-link av-social-link-twitter' ><a target=\"_blank\" aria-label=\"Compartir en Twitter\" href='https:\/\/twitter.com\/share?text=Alcalde%20de%20Cisnes%20compromete%20apoyo%20para%20crear%20Brigada%20de%20Bomberos%20en%20Melimoyu&#038;url=https:\/\/radiorevelacionfm.cl\/?p=4594' aria-hidden='false' data-av_icon='\ue8f1' data-av_iconfont='entypo-fontello' title='' data-avia-related-tooltip='Compartir en Twitter' rel=\"noopener\"><span class='avia_hidden_link_text'>Compartir en Twitter<\/span><\/a><\/li><li class='av-share-link av-social-link-whatsapp' ><a target=\"_blank\" aria-label=\"Compartir en Whatsapp\" href='https:\/\/api.whatsapp.com\/send?text=https:\/\/radiorevelacionfm.cl\/?p=4594' aria-hidden='false' data-av_icon='\uf232' data-av_iconfont='entypo-fontello' title='' data-avia-related-tooltip='Compartir en Whatsapp' rel=\"noopener\"><span class='avia_hidden_link_text'>Compartir en Whatsapp<\/span><\/a><\/li><li class='av-share-link av-social-link-linkedin' ><a target=\"_blank\" aria-label=\"Compartir en LinkedIn\" href='https:\/\/linkedin.com\/shareArticle?mini=true&#038;title=Alcalde%20de%20Cisnes%20compromete%20apoyo%20para%20crear%20Brigada%20de%20Bomberos%20en%20Melimoyu&#038;url=https:\/\/radiorevelacionfm.cl\/?p=4594' aria-hidden='false' data-av_icon='\ue8fc' data-av_iconfont='entypo-fontello' title='' data-avia-related-tooltip='Compartir en LinkedIn' rel=\"noopener\"><span class='avia_hidden_link_text'>Compartir en LinkedIn<\/span><\/a><\/li><li class='av-share-link av-social-link-mail' ><a  aria-label=\"Compartir por correo\" href='mailto:?subject=Alcalde%20de%20Cisnes%20compromete%20apoyo%20para%20crear%20Brigada%20de%20Bomberos%20en%20Melimoyu&#038;body=https:\/\/radiorevelacionfm.cl\/?p=4594' aria-hidden='false' data-av_icon='\ue805' data-av_iconfont='entypo-fontello' title='' data-avia-related-tooltip='Compartir por correo'><span class='avia_hidden_link_text'>Compartir por correo<\/span><\/a><\/li><\/ul><\/div><\/div>\n<div  style='height:50px' class='hr hr-invisible   avia-builder-el-8  el_after_av_social_share  el_before_av_comments_list '><span class='hr-inner ' ><span class='hr-inner-style'><\/span><\/span><\/div>\n<div  class='av-buildercomment  av-blog-meta-html-info-disabled av-blog-meta-tag-disabled  '><\/div>\n","protected":false},"excerpt":{"rendered":"","protected":false},"author":1,"featured_media":0,"comment_status":"open","ping_status":"open","sticky":false,"template":"","format":"standard","meta":{"footnotes":""},"categories":[38],"tags":[],"class_list":["post-4594","post","type-post","status-publish","format-standard","hentry","category-regional"],"jetpack_featured_media_url":"","_links":{"self":[{"href":"https:\/\/radiorevelacionfm.cl\/index.php?rest_route=\/wp\/v2\/posts\/4594","targetHints":{"allow":["GET"]}}],"collection":[{"href":"https:\/\/radiorevelacionfm.cl\/index.php?rest_route=\/wp\/v2\/posts"}],"about":[{"href":"https:\/\/radiorevelacionfm.cl\/index.php?rest_route=\/wp\/v2\/types\/post"}],"author":[{"embeddable":true,"href":"https:\/\/radiorevelacionfm.cl\/index.php?rest_route=\/wp\/v2\/users\/1"}],"replies":[{"embeddable":true,"href":"https:\/\/radiorevelacionfm.cl\/index.php?rest_route=%2Fwp%2Fv2%2Fcomments&post=4594"}],"version-history":[{"count":1,"href":"https:\/\/radiorevelacionfm.cl\/index.php?rest_route=\/wp\/v2\/posts\/4594\/revisions"}],"predecessor-version":[{"id":4596,"href":"https:\/\/radiorevelacionfm.cl\/index.php?rest_route=\/wp\/v2\/posts\/4594\/revisions\/4596"}],"wp:attachment":[{"href":"https:\/\/radiorevelacionfm.cl\/index.php?rest_route=%2Fwp%2Fv2%2Fmedia&parent=4594"}],"wp:term":[{"taxonomy":"category","embeddable":true,"href":"https:\/\/radiorevelacionfm.cl\/index.php?rest_route=%2Fwp%2Fv2%2Fcategories&post=4594"},{"taxonomy":"post_tag","embeddable":true,"href":"https:\/\/radiorevelacionfm.cl\/index.php?rest_route=%2Fwp%2Fv2%2Ftags&post=4594"}],"curies":[{"name":"wp","href":"https:\/\/api.w.org\/{rel}","templated":true}]}}