{"id":45938,"date":"2024-09-05T18:58:21","date_gmt":"2024-09-05T21:58:21","guid":{"rendered":"https:\/\/radiorevelacionfm.cl\/?p=45938"},"modified":"2024-09-05T18:58:21","modified_gmt":"2024-09-05T21:58:21","slug":"carabineros-de-rio-tranquilo-brindan-apoyo-a-la-comunidad-y-a-quienes-hacen-patria-en-sector-exploradores","status":"publish","type":"post","link":"https:\/\/radiorevelacionfm.cl\/?p=45938","title":{"rendered":"Carabineros de R\u00edo Tranquilo brindan apoyo a la comunidad y a quienes hacen patria en sector Exploradores"},"content":{"rendered":"<div class=\"flex_column av_one_full  flex_column_div av-zero-column-padding first  avia-builder-el-0  el_before_av_one_full  avia-builder-el-first  \" style='border-radius:0px; '><div  class='avia-image-container  av-styling-    avia-builder-el-1  avia-builder-el-no-sibling  avia-align-center '  itemprop=\"image\" itemscope=\"itemscope\" itemtype=\"https:\/\/schema.org\/ImageObject\"  ><div class='avia-image-container-inner'><div class='avia-image-overlay-wrap'><img decoding=\"async\" class='wp-image-45939 avia-img-lazy-loading-not-45939 avia_image' src=\"https:\/\/radiorevelacionfm.cl\/wp-content\/uploads\/2024\/09\/45d01de2-a8f2-4305-9c12-b9e139df6e5a-1-1.jpg\" alt='' title='45d01de2-a8f2-4305-9c12-b9e139df6e5a (1) (1)' height=\"600\" width=\"1235\"  itemprop=\"thumbnailUrl\" srcset=\"https:\/\/radiorevelacionfm.cl\/wp-content\/uploads\/2024\/09\/45d01de2-a8f2-4305-9c12-b9e139df6e5a-1-1.jpg 1235w, https:\/\/radiorevelacionfm.cl\/wp-content\/uploads\/2024\/09\/45d01de2-a8f2-4305-9c12-b9e139df6e5a-1-1-300x146.jpg 300w, https:\/\/radiorevelacionfm.cl\/wp-content\/uploads\/2024\/09\/45d01de2-a8f2-4305-9c12-b9e139df6e5a-1-1-1030x500.jpg 1030w, https:\/\/radiorevelacionfm.cl\/wp-content\/uploads\/2024\/09\/45d01de2-a8f2-4305-9c12-b9e139df6e5a-1-1-768x373.jpg 768w, https:\/\/radiorevelacionfm.cl\/wp-content\/uploads\/2024\/09\/45d01de2-a8f2-4305-9c12-b9e139df6e5a-1-1-705x343.jpg 705w, https:\/\/radiorevelacionfm.cl\/wp-content\/uploads\/2024\/09\/45d01de2-a8f2-4305-9c12-b9e139df6e5a-1-1-450x219.jpg 450w, https:\/\/radiorevelacionfm.cl\/wp-content\/uploads\/2024\/09\/45d01de2-a8f2-4305-9c12-b9e139df6e5a-1-1-600x291.jpg 600w\" sizes=\"(max-width: 1235px) 100vw, 1235px\" \/><\/div><\/div><\/div><\/div><div class=\"flex_column av_one_full  flex_column_div av-zero-column-padding first  avia-builder-el-2  el_after_av_one_full  el_before_av_one_full  column-top-margin\" style='border-radius:0px; '><section class=\"av_textblock_section \"  itemscope=\"itemscope\" itemtype=\"https:\/\/schema.org\/BlogPosting\" itemprop=\"blogPost\" ><div class='avia_textblock  '   itemprop=\"text\" ><p style=\"text-align: center;\"><strong><span style=\"font-size: 18pt;\">Carabineros de R\u00edo Tranquilo brindan apoyo a la comunidad y a quienes hacen patria en sector Exploradores<\/span><\/strong><\/p>\n<div id=\"gtx-trans\" style=\"position: absolute; left: -50px; top: 4.31534px;\">\n<div class=\"gtx-trans-icon\"><\/div>\n<\/div>\n<\/div><\/section><\/div><div class=\"flex_column av_one_full  flex_column_div av-zero-column-padding first  avia-builder-el-4  el_after_av_one_full  el_before_av_hr  column-top-margin\" style='border-radius:0px; '><section class=\"av_textblock_section \"  itemscope=\"itemscope\" itemtype=\"https:\/\/schema.org\/BlogPosting\" itemprop=\"blogPost\" ><div class='avia_textblock  '   itemprop=\"text\" ><p class=\"v1MsoNormal\" style=\"text-align: justify;\"><em><span lang=\"ES-MX\">El personal desarroll\u00f3 trabajos en apoyo de adultos mayores contribuyendo a mejorar la calidad de vida y condiciones de seguridad para prevenir incendios en el hogar.<\/span><\/em><\/p>\n<p class=\"v1MsoNormal\" style=\"text-align: justify;\"><span lang=\"ES-MX\">En el vasto territorio de la regi\u00f3n de Ays\u00e9n, Carabineros cumple un rol que va m\u00e1s all\u00e1 de tareas relacionadas con el resguardo y protecci\u00f3n de las personas y sus bienes. En remotos lugares, constituyen la presencia del Estado junto con resguardar la soberan\u00eda, haciendo patria y dando una mano amiga a quien lo requiera.<\/span><\/p>\n<p class=\"v1MsoNormal\" style=\"text-align: justify;\"><span lang=\"ES-MX\">A 215 km al sur de ciudad de Coyhaique -a trav\u00e9s de la Carretera Austral (Ruta 7)- ba\u00f1ada por las aguas del Lago General Carrera, se encuentra la tur\u00edstica localidad de Puerto R\u00edo Tranquilo, en la cual residen cerca de 600 habitantes, donde la ganader\u00eda y servicios de turismo constituyen su principal actividad econ\u00f3mica.<\/span><\/p>\n<p class=\"v1MsoNormal\" style=\"text-align: justify;\"><span lang=\"ES-MX\">Desde el a\u00f1o 1968 Carabineros mantiene una presencia permanente efectuando patrullajes preventivos, control, fiscalizaci\u00f3n de quienes se dirigen hacia o desde el sur de la regi\u00f3n, junto con prevenir la comisi\u00f3n de delitos, pero tambi\u00e9n -en su rol de comodidad p\u00fablica y apoyo a la comunidad- desarrolla diversas acciones en favor de quienes hacen patria en estas apartadas zonas geogr\u00e1ficas.<\/span><\/p>\n<p class=\"v1MsoNormal\" style=\"text-align: justify;\"><span lang=\"ES-MX\">Las bajas temperaturas que se registran en el sector, especialmente durante la \u00e9poca invernal, hacen de la le\u00f1a la principal fuente de combustible usada por lugare\u00f1os y residentes para uso de calefacci\u00f3n y hacer llevadera la vida en estas latitudes.<\/span><\/p>\n<p class=\"v1MsoNormal\" style=\"text-align: justify;\"><span lang=\"ES-MX\">En un operativo conjunto desarrollado entre Carabineros y la Delegaci\u00f3n municipal de la localidad de R\u00edo Tranquilo perteneciente a la Ilustre Municipalidad de R\u00edo Ib\u00e1\u00f1ez, los funcionarios se trasladaron hasta el km 20 de la ruta a Exploradores -cerca del glaciar del mismo nombre en Campos de Hielo Norte- brindado apoyo a adultos mayores que hacen patria en estas latitudes.<\/span><\/p>\n<p class=\"v1MsoNormal\" style=\"text-align: justify;\"><b><span lang=\"ES-MX\">Al servicio de todos<\/span><\/b><\/p>\n<p class=\"v1MsoNormal\" style=\"text-align: justify;\"><span lang=\"ES-MX\">Al mando del Jefe de Ret\u00e9n, el Suboficial Rodrigo Contreras junto a un grupo de Carabineros y cargando diversos implementos utilizados para la limpieza de ca\u00f1os del Ret\u00e9n, los funcionarios junto a la Delegaci\u00f3n Municipal concurrieron hasta el lugar antes se\u00f1alado, desarrollando acciones en apoyo de la comunidad, contribuyendo a un mejor bienestar y seguridad, al prevenir -con la limpieza de ductos de humo- la ocurrencia de incendios en el lugar.<\/span><\/p>\n<p class=\"v1MsoNormal\" style=\"text-align: justify;\"><span lang=\"ES-MX\">\u00abPara los adultos mayores fue toda una sorpresa, ellos no sab\u00edan que \u00edbamos los carabineros a efectuar la limpieza de ca\u00f1os. Estaban muy agradecidos de sus carabineros que se preocupen por ellos, de su seguridad y bienestar con la finalidad de prevenir alg\u00fan percance o recalentamiento por el uso de le\u00f1a\u00bb, expres\u00f3.<\/span><\/p>\n<p class=\"v1MsoNormal\" style=\"text-align: justify;\"><span lang=\"ES-MX\">El Jefe de Ret\u00e9n indic\u00f3 que se trata de pobladores que han desarrollado su vida en este sector de la regi\u00f3n, un sector de veleidosa geograf\u00eda, surcado por las aguas del r\u00edo Exploradores que avanza a trav\u00e9s de los montes cordilleranos, a\u00fan con abundante presencia de nieve y hielos eternos, donde las temperaturas bajo cero se acent\u00faan durante las horas de oscuridad y m\u00e1s a\u00fan en esta estaci\u00f3n invernal.<\/span><\/p>\n<p class=\"v1MsoNormal\" style=\"text-align: justify;\"><span lang=\"ES-MX\">\u00abA diario en nuestra regi\u00f3n, Carabineros adopta m\u00faltiples procedimientos en el \u00e1mbito operativo, no obstante, en lugares apartados como \u00e9ste, el trabajo que desarrollamos cobra m\u00e1s un sentido social, de apoyo a la comunidad, estando junto a quienes nos necesitan, trasladando ayuda, v\u00edveres, alimentos, medicinas o forraje para el ganado. Acciones como estas son las que nos reconfortan y trascienden a nuestro juramento de servicio, porque nos hacen sentir a diario que somos los carabineros de todos\u00bb, indic\u00f3 el Suboficial Rodrigo Contreras.<\/span><\/p>\n<p class=\"v1MsoNormal\" style=\"text-align: justify;\"><span lang=\"ES-MX\">Pr\u00f3ximamente Carabineros realizar\u00e1 nuevas coordinaciones con la finalidad de efectuar pr\u00f3ximas prestaciones e ir en apoyo de la comunidad y atender sus requerimientos, contribuyendo a generar una mejora en su calidad de vida.\u00a0<\/span><\/p>\n<\/div><\/section><\/div><div  style='height:50px' class='hr hr-invisible   avia-builder-el-6  el_after_av_one_full  el_before_av_social_share '><span class='hr-inner ' ><span class='hr-inner-style'><\/span><\/span><\/div><\/p>\n<div  class='av-social-sharing-box  avia-builder-el-7  el_after_av_hr  el_before_av_hr  '><div class='av-share-box'><h5 class='av-share-link-description av-no-toc '>Compartir esta noticia<\/h5><ul class='av-share-box-list noLightbox'><li class='av-share-link av-social-link-facebook' ><a target=\"_blank\" aria-label=\"Compartir en Facebook\" href='https:\/\/www.facebook.com\/sharer.php?u=https:\/\/radiorevelacionfm.cl\/?p=45938&#038;t=Carabineros%20de%20R%C3%ADo%20Tranquilo%20brindan%20apoyo%20a%20la%20comunidad%20y%20a%20quienes%20hacen%20patria%20en%20sector%20Exploradores' aria-hidden='false' data-av_icon='\ue8f3' data-av_iconfont='entypo-fontello' title='' data-avia-related-tooltip='Compartir en Facebook' rel=\"noopener\"><span class='avia_hidden_link_text'>Compartir en Facebook<\/span><\/a><\/li><li class='av-share-link av-social-link-twitter' ><a target=\"_blank\" aria-label=\"Compartir en Twitter\" href='https:\/\/twitter.com\/share?text=Carabineros%20de%20R%C3%ADo%20Tranquilo%20brindan%20apoyo%20a%20la%20comunidad%20y%20a%20quienes%20hacen%20patria%20en%20sector%20Exploradores&#038;url=https:\/\/radiorevelacionfm.cl\/?p=45938' aria-hidden='false' data-av_icon='\ue8f1' data-av_iconfont='entypo-fontello' title='' data-avia-related-tooltip='Compartir en Twitter' rel=\"noopener\"><span class='avia_hidden_link_text'>Compartir en Twitter<\/span><\/a><\/li><li class='av-share-link av-social-link-whatsapp' ><a target=\"_blank\" aria-label=\"Compartir en Whatsapp\" href='https:\/\/api.whatsapp.com\/send?text=https:\/\/radiorevelacionfm.cl\/?p=45938' aria-hidden='false' data-av_icon='\uf232' data-av_iconfont='entypo-fontello' title='' data-avia-related-tooltip='Compartir en Whatsapp' rel=\"noopener\"><span class='avia_hidden_link_text'>Compartir en Whatsapp<\/span><\/a><\/li><li class='av-share-link av-social-link-linkedin' ><a target=\"_blank\" aria-label=\"Compartir en LinkedIn\" href='https:\/\/linkedin.com\/shareArticle?mini=true&#038;title=Carabineros%20de%20R%C3%ADo%20Tranquilo%20brindan%20apoyo%20a%20la%20comunidad%20y%20a%20quienes%20hacen%20patria%20en%20sector%20Exploradores&#038;url=https:\/\/radiorevelacionfm.cl\/?p=45938' aria-hidden='false' data-av_icon='\ue8fc' data-av_iconfont='entypo-fontello' title='' data-avia-related-tooltip='Compartir en LinkedIn' rel=\"noopener\"><span class='avia_hidden_link_text'>Compartir en LinkedIn<\/span><\/a><\/li><li class='av-share-link av-social-link-mail' ><a  aria-label=\"Compartir por correo\" href='mailto:?subject=Carabineros%20de%20R%C3%ADo%20Tranquilo%20brindan%20apoyo%20a%20la%20comunidad%20y%20a%20quienes%20hacen%20patria%20en%20sector%20Exploradores&#038;body=https:\/\/radiorevelacionfm.cl\/?p=45938' aria-hidden='false' data-av_icon='\ue805' data-av_iconfont='entypo-fontello' title='' data-avia-related-tooltip='Compartir por correo'><span class='avia_hidden_link_text'>Compartir por correo<\/span><\/a><\/li><\/ul><\/div><\/div>\n<div  style='height:50px' class='hr hr-invisible   avia-builder-el-8  el_after_av_social_share  el_before_av_comments_list '><span class='hr-inner ' ><span class='hr-inner-style'><\/span><\/span><\/div>\n<div  class='av-buildercomment  av-blog-meta-html-info-disabled av-blog-meta-tag-disabled  '><\/div>\n","protected":false},"excerpt":{"rendered":"","protected":false},"author":1,"featured_media":45939,"comment_status":"open","ping_status":"open","sticky":false,"template":"","format":"standard","meta":{"footnotes":""},"categories":[38],"tags":[],"class_list":["post-45938","post","type-post","status-publish","format-standard","has-post-thumbnail","hentry","category-regional"],"jetpack_featured_media_url":"https:\/\/radiorevelacionfm.cl\/wp-content\/uploads\/2024\/09\/45d01de2-a8f2-4305-9c12-b9e139df6e5a-1-1.jpg","_links":{"self":[{"href":"https:\/\/radiorevelacionfm.cl\/index.php?rest_route=\/wp\/v2\/posts\/45938","targetHints":{"allow":["GET"]}}],"collection":[{"href":"https:\/\/radiorevelacionfm.cl\/index.php?rest_route=\/wp\/v2\/posts"}],"about":[{"href":"https:\/\/radiorevelacionfm.cl\/index.php?rest_route=\/wp\/v2\/types\/post"}],"author":[{"embeddable":true,"href":"https:\/\/radiorevelacionfm.cl\/index.php?rest_route=\/wp\/v2\/users\/1"}],"replies":[{"embeddable":true,"href":"https:\/\/radiorevelacionfm.cl\/index.php?rest_route=%2Fwp%2Fv2%2Fcomments&post=45938"}],"version-history":[{"count":1,"href":"https:\/\/radiorevelacionfm.cl\/index.php?rest_route=\/wp\/v2\/posts\/45938\/revisions"}],"predecessor-version":[{"id":45940,"href":"https:\/\/radiorevelacionfm.cl\/index.php?rest_route=\/wp\/v2\/posts\/45938\/revisions\/45940"}],"wp:featuredmedia":[{"embeddable":true,"href":"https:\/\/radiorevelacionfm.cl\/index.php?rest_route=\/wp\/v2\/media\/45939"}],"wp:attachment":[{"href":"https:\/\/radiorevelacionfm.cl\/index.php?rest_route=%2Fwp%2Fv2%2Fmedia&parent=45938"}],"wp:term":[{"taxonomy":"category","embeddable":true,"href":"https:\/\/radiorevelacionfm.cl\/index.php?rest_route=%2Fwp%2Fv2%2Fcategories&post=45938"},{"taxonomy":"post_tag","embeddable":true,"href":"https:\/\/radiorevelacionfm.cl\/index.php?rest_route=%2Fwp%2Fv2%2Ftags&post=45938"}],"curies":[{"name":"wp","href":"https:\/\/api.w.org\/{rel}","templated":true}]}}