{"id":45929,"date":"2024-09-05T22:18:43","date_gmt":"2024-09-06T01:18:43","guid":{"rendered":"https:\/\/radiorevelacionfm.cl\/?p=45929"},"modified":"2024-09-05T22:18:43","modified_gmt":"2024-09-06T01:18:43","slug":"funcionarios-de-gendarmeria-son-capacitados-en-primeros-auxilios-obstetricos-por-profesionales-de-la-uaysen","status":"publish","type":"post","link":"https:\/\/radiorevelacionfm.cl\/?p=45929","title":{"rendered":"Funcionarios de Gendarmer\u00eda son capacitados en primeros auxilios obst\u00e9tricos por profesionales de la UAys\u00e9n"},"content":{"rendered":"<div class=\"flex_column av_one_full  flex_column_div av-zero-column-padding first  avia-builder-el-0  el_before_av_one_full  avia-builder-el-first  \" style='border-radius:0px; '><div  class='avia-image-container  av-styling-    avia-builder-el-1  avia-builder-el-no-sibling  avia-align-center '  itemprop=\"image\" itemscope=\"itemscope\" itemtype=\"https:\/\/schema.org\/ImageObject\"  ><div class='avia-image-container-inner'><div class='avia-image-overlay-wrap'><img decoding=\"async\" class='wp-image-45930 avia-img-lazy-loading-not-45930 avia_image' src=\"https:\/\/radiorevelacionfm.cl\/wp-content\/uploads\/2024\/09\/capacitacion-1-1_optimized.jpg\" alt='' title='capacitacion-1-(1)_optimized' height=\"600\" width=\"900\"  itemprop=\"thumbnailUrl\" srcset=\"https:\/\/radiorevelacionfm.cl\/wp-content\/uploads\/2024\/09\/capacitacion-1-1_optimized.jpg 900w, https:\/\/radiorevelacionfm.cl\/wp-content\/uploads\/2024\/09\/capacitacion-1-1_optimized-300x200.jpg 300w, https:\/\/radiorevelacionfm.cl\/wp-content\/uploads\/2024\/09\/capacitacion-1-1_optimized-768x512.jpg 768w, https:\/\/radiorevelacionfm.cl\/wp-content\/uploads\/2024\/09\/capacitacion-1-1_optimized-705x470.jpg 705w, https:\/\/radiorevelacionfm.cl\/wp-content\/uploads\/2024\/09\/capacitacion-1-1_optimized-450x300.jpg 450w, https:\/\/radiorevelacionfm.cl\/wp-content\/uploads\/2024\/09\/capacitacion-1-1_optimized-600x400.jpg 600w\" sizes=\"(max-width: 900px) 100vw, 900px\" \/><\/div><\/div><\/div><\/div><div class=\"flex_column av_one_full  flex_column_div av-zero-column-padding first  avia-builder-el-2  el_after_av_one_full  el_before_av_one_full  column-top-margin\" style='border-radius:0px; '><section class=\"av_textblock_section \"  itemscope=\"itemscope\" itemtype=\"https:\/\/schema.org\/BlogPosting\" itemprop=\"blogPost\" ><div class='avia_textblock  '   itemprop=\"text\" ><p style=\"text-align: center;\"><span style=\"font-size: 18pt;\"><strong>Funcionarios de Gendarmer\u00eda son capacitados en primeros auxilios obst\u00e9tricos por profesionales de la UAys\u00e9n<\/strong><\/span><\/p>\n<div id=\"gtx-trans\" style=\"position: absolute; left: -50px; top: 4.31534px;\">\n<div class=\"gtx-trans-icon\"><\/div>\n<\/div>\n<\/div><\/section><\/div><div class=\"flex_column av_one_full  flex_column_div av-zero-column-padding first  avia-builder-el-4  el_after_av_one_full  el_before_av_hr  column-top-margin\" style='border-radius:0px; '><section class=\"av_textblock_section \"  itemscope=\"itemscope\" itemtype=\"https:\/\/schema.org\/BlogPosting\" itemprop=\"blogPost\" ><div class='avia_textblock  '   itemprop=\"text\" ><p style=\"text-align: justify;\"><em>Esta capacitaci\u00f3n forma parte del trabajo que desarrolla la Mesa de mujeres privadas de libertad embarazadas y con hijos lactantes en nuestra regi\u00f3n.<\/em><\/p>\n<p style=\"text-align: justify;\">Recientemente 23 funcionarios de Gendarmer\u00eda de Chile que se desempe\u00f1an en las unidades penales de Puerto Ays\u00e9n y Coyhaique se capacitaron en primeros auxilios obst\u00e9tricos, iniciativa desarrollada por profesionales de la Universidad de Ays\u00e9n y que se enmarca en las acciones desarrolladas por la mesa de mujeres privadas de libertad embarazadas y con hijos lactantes que encabeza el Seremi de Justicia y Derechos Humanos Samuel Navarro Castro, y en la que participan diversos servicios p\u00fablicos.<\/p>\n<p style=\"text-align: justify;\">Cabe se\u00f1alar que esta capacitaci\u00f3n es parte de una serie de acciones que se est\u00e1n desarrollando en el marco de la mesa de mujeres privadas de libertad embarazadas y con hijos lactantes, la que que tiene como objetivo garantizar el acceso adecuado de las mujeres embarazadas o que se encuentren con sus hijos lactantes privadas de libertad a las prestaciones del sistema de salud en la etapa de embarazo, y que permitir\u00e1 hacer un seguimiento pormenorizado del estado de los controles prenatales seg\u00fan las indicaciones de los profesionales de la salud.<\/p>\n<p style=\"text-align: justify;\">Respecto a esta iniciativa, la matrona y jefa de la carrera de Obstetricia de la Universidad de Ays\u00e9n Vinka Veas se refiri\u00f3 a lo abordado en la capacitaci\u00f3n se\u00f1alando que \u201clas acad\u00e9micas Loreto Flores y Javiera Japke lograron capacitar alrededor de 23 funcionarios de Gendarmer\u00eda de Chile, en primera instancia se realiz\u00f3 una capacitaci\u00f3n a los funcionarios de Puerto Ays\u00e9n y posteriormente a los funcionarios de Coyhaique, ahora el objetivo de la capacitaci\u00f3n era que los funcionarios tuvieran conocimiento acerca del manejo de situaciones de emergencia gineco-obst\u00e9tricas, y donde se abordaron temas tales como, \u00bfCu\u00e1ndo las internas pueden acudir al servicio de urgencia gineco-obst\u00e9trica?, \u00bfC\u00f3mo identificar el inicio de un trabajo de parto y los signos de alarma frente a estas situaciones?, \u00bfQu\u00e9 llevar al hospital en el caso que ocurra el nacimiento de los reci\u00e9n nacidos? y tambi\u00e9n el manejo de obstrucci\u00f3n de v\u00eda a\u00e9rea con cuerpos extra\u00f1os, estas capacitaciones son justamente para poder otorgar una respuesta r\u00e1pida y oportuna finalmente por los funcionarios que est\u00e1n con las internas en estos centros penitenciarios, y esto permite que una gesti\u00f3n tanto de los insumos como los recursos que propia Gendarmer\u00eda tenga, vamos a prevenir la estigmatizaci\u00f3n de estas usuarias, estamos muy contentos con la actividad que se pudo desarrollar, porque finalmente este tipo de iniciativas ayuda a un trabajo mancomunado de fortalecer los lazos entre Universidad de Ays\u00e9n y la comunidad, en donde se le da importancia a los derechos sexuales reproductivos de las mujeres de la regi\u00f3n de Ays\u00e9n\u201d.<\/p>\n<p style=\"text-align: justify;\">Mientras que el seremi de Justicia y Derechos Humanos Samuel Navarro indic\u00f3 que \u201cestamos muy satisfechos de haber concretado este avance, uno de los resultados patente de lo que ha sido la Mesa de mujeres privadas de libertad embarazadas y con hijos lactantes menores de dos a\u00f1os, que nos ha permitido a trav\u00e9s con esta alianza con la seremi de Salud, el Servicio de Salud y esta red con la Universidad de Ays\u00e9n y con las matronas y profesionales de esa entidad de estudios superiores poder otorgar esta capacitaci\u00f3n a funcionarios tanto uniformados como civiles del Centro de Cumplimiento Penitenciario de Coyhaique como tambi\u00e9n del Centro de Detenci\u00f3n Preventiva de Ays\u00e9n para contar con las herramientas, insumos, capacitaciones, conocimientos por parte de funcionarios de Gendarmer\u00eda de Chile en materias tan sensibles como la atenci\u00f3n para atender una eventual emergencia obst\u00e9trica o para poder hacer un seguimiento y colaborar con el cuidado en caso que una mujer privada de libertad que est\u00e9 en condiciones de gestante o con un reci\u00e9n nacido al interior de un centro penitenciario, esto nos pone muy orgullosos de la disposici\u00f3n, del trabajo intersectorial, pero tambi\u00e9n de las voluntades tanto de las distintas instituciones como de la propia Gendarmer\u00eda de Chile para avanzar en lo que dice relaci\u00f3n con capacitar a su personal en forma permanente y para los nuevos desaf\u00edos que se van acometiendo en esta regi\u00f3n\u201d.<\/p>\n<p style=\"text-align: justify;\">Finalmente, el alcaide de Centro de Cumplimiento Penitenciario de Coyhaique, Teniente Coronel \u00c1lvaro L\u00f3pez indic\u00f3 que \u201csin duda alguna mejora la reacci\u00f3n de nuestro personal en caso de alguna emergencia que se suscite con alguna de nuestras mujeres privadas de libertad, hoy tenemos una mujer que se encuentra embarazada y cualquier anomal\u00eda que ella presente con esta capacitaci\u00f3n el personal va a realizar las primeras atenciones, lo que permitir\u00e1 la llegada del personal profesional de emergencia del SAMU y poder atender la situaci\u00f3n de la mejor manera posible\u201d concluy\u00f3.<\/p>\n<\/div><\/section><\/div><div  style='height:50px' class='hr hr-invisible   avia-builder-el-6  el_after_av_one_full  el_before_av_social_share '><span class='hr-inner ' ><span class='hr-inner-style'><\/span><\/span><\/div><\/p>\n<div  class='av-social-sharing-box  avia-builder-el-7  el_after_av_hr  el_before_av_hr  '><div class='av-share-box'><h5 class='av-share-link-description av-no-toc '>Compartir esta noticia<\/h5><ul class='av-share-box-list noLightbox'><li class='av-share-link av-social-link-facebook' ><a target=\"_blank\" aria-label=\"Compartir en Facebook\" href='https:\/\/www.facebook.com\/sharer.php?u=https:\/\/radiorevelacionfm.cl\/?p=45929&#038;t=Funcionarios%20de%20Gendarmer%C3%ADa%20son%20capacitados%20en%20primeros%20auxilios%20obst%C3%A9tricos%20por%20profesionales%20de%20la%20UAys%C3%A9n' aria-hidden='false' data-av_icon='\ue8f3' data-av_iconfont='entypo-fontello' title='' data-avia-related-tooltip='Compartir en Facebook' rel=\"noopener\"><span class='avia_hidden_link_text'>Compartir en Facebook<\/span><\/a><\/li><li class='av-share-link av-social-link-twitter' ><a target=\"_blank\" aria-label=\"Compartir en Twitter\" href='https:\/\/twitter.com\/share?text=Funcionarios%20de%20Gendarmer%C3%ADa%20son%20capacitados%20en%20primeros%20auxilios%20obst%C3%A9tricos%20por%20profesionales%20de%20la%20UAys%C3%A9n&#038;url=https:\/\/radiorevelacionfm.cl\/?p=45929' aria-hidden='false' data-av_icon='\ue8f1' data-av_iconfont='entypo-fontello' title='' data-avia-related-tooltip='Compartir en Twitter' rel=\"noopener\"><span class='avia_hidden_link_text'>Compartir en Twitter<\/span><\/a><\/li><li class='av-share-link av-social-link-whatsapp' ><a target=\"_blank\" aria-label=\"Compartir en Whatsapp\" href='https:\/\/api.whatsapp.com\/send?text=https:\/\/radiorevelacionfm.cl\/?p=45929' aria-hidden='false' data-av_icon='\uf232' data-av_iconfont='entypo-fontello' title='' data-avia-related-tooltip='Compartir en Whatsapp' rel=\"noopener\"><span class='avia_hidden_link_text'>Compartir en Whatsapp<\/span><\/a><\/li><li class='av-share-link av-social-link-linkedin' ><a target=\"_blank\" aria-label=\"Compartir en LinkedIn\" href='https:\/\/linkedin.com\/shareArticle?mini=true&#038;title=Funcionarios%20de%20Gendarmer%C3%ADa%20son%20capacitados%20en%20primeros%20auxilios%20obst%C3%A9tricos%20por%20profesionales%20de%20la%20UAys%C3%A9n&#038;url=https:\/\/radiorevelacionfm.cl\/?p=45929' aria-hidden='false' data-av_icon='\ue8fc' data-av_iconfont='entypo-fontello' title='' data-avia-related-tooltip='Compartir en LinkedIn' rel=\"noopener\"><span class='avia_hidden_link_text'>Compartir en LinkedIn<\/span><\/a><\/li><li class='av-share-link av-social-link-mail' ><a  aria-label=\"Compartir por correo\" href='mailto:?subject=Funcionarios%20de%20Gendarmer%C3%ADa%20son%20capacitados%20en%20primeros%20auxilios%20obst%C3%A9tricos%20por%20profesionales%20de%20la%20UAys%C3%A9n&#038;body=https:\/\/radiorevelacionfm.cl\/?p=45929' aria-hidden='false' data-av_icon='\ue805' data-av_iconfont='entypo-fontello' title='' data-avia-related-tooltip='Compartir por correo'><span class='avia_hidden_link_text'>Compartir por correo<\/span><\/a><\/li><\/ul><\/div><\/div>\n<div  style='height:50px' class='hr hr-invisible   avia-builder-el-8  el_after_av_social_share  el_before_av_comments_list '><span class='hr-inner ' ><span class='hr-inner-style'><\/span><\/span><\/div>\n<div  class='av-buildercomment  av-blog-meta-html-info-disabled av-blog-meta-tag-disabled  '><\/div>\n","protected":false},"excerpt":{"rendered":"","protected":false},"author":1,"featured_media":45930,"comment_status":"open","ping_status":"open","sticky":false,"template":"","format":"standard","meta":{"footnotes":""},"categories":[55],"tags":[],"class_list":["post-45929","post","type-post","status-publish","format-standard","has-post-thumbnail","hentry","category-justicia"],"jetpack_featured_media_url":"https:\/\/radiorevelacionfm.cl\/wp-content\/uploads\/2024\/09\/capacitacion-1-1_optimized.jpg","_links":{"self":[{"href":"https:\/\/radiorevelacionfm.cl\/index.php?rest_route=\/wp\/v2\/posts\/45929","targetHints":{"allow":["GET"]}}],"collection":[{"href":"https:\/\/radiorevelacionfm.cl\/index.php?rest_route=\/wp\/v2\/posts"}],"about":[{"href":"https:\/\/radiorevelacionfm.cl\/index.php?rest_route=\/wp\/v2\/types\/post"}],"author":[{"embeddable":true,"href":"https:\/\/radiorevelacionfm.cl\/index.php?rest_route=\/wp\/v2\/users\/1"}],"replies":[{"embeddable":true,"href":"https:\/\/radiorevelacionfm.cl\/index.php?rest_route=%2Fwp%2Fv2%2Fcomments&post=45929"}],"version-history":[{"count":1,"href":"https:\/\/radiorevelacionfm.cl\/index.php?rest_route=\/wp\/v2\/posts\/45929\/revisions"}],"predecessor-version":[{"id":45931,"href":"https:\/\/radiorevelacionfm.cl\/index.php?rest_route=\/wp\/v2\/posts\/45929\/revisions\/45931"}],"wp:featuredmedia":[{"embeddable":true,"href":"https:\/\/radiorevelacionfm.cl\/index.php?rest_route=\/wp\/v2\/media\/45930"}],"wp:attachment":[{"href":"https:\/\/radiorevelacionfm.cl\/index.php?rest_route=%2Fwp%2Fv2%2Fmedia&parent=45929"}],"wp:term":[{"taxonomy":"category","embeddable":true,"href":"https:\/\/radiorevelacionfm.cl\/index.php?rest_route=%2Fwp%2Fv2%2Fcategories&post=45929"},{"taxonomy":"post_tag","embeddable":true,"href":"https:\/\/radiorevelacionfm.cl\/index.php?rest_route=%2Fwp%2Fv2%2Ftags&post=45929"}],"curies":[{"name":"wp","href":"https:\/\/api.w.org\/{rel}","templated":true}]}}