{"id":45923,"date":"2024-09-05T16:30:11","date_gmt":"2024-09-05T19:30:11","guid":{"rendered":"https:\/\/radiorevelacionfm.cl\/?p=45923"},"modified":"2024-09-05T16:30:11","modified_gmt":"2024-09-05T19:30:11","slug":"encuentro-teorico-practico-reune-a-estudiantes-tecnicos-agricolas-en-inia","status":"publish","type":"post","link":"https:\/\/radiorevelacionfm.cl\/?p=45923","title":{"rendered":"Encuentro te\u00f3rico-pr\u00e1ctico re\u00fane a estudiantes T\u00e9cnicos Agr\u00edcolas en INIA"},"content":{"rendered":"<div class=\"flex_column av_one_full  flex_column_div av-zero-column-padding first  avia-builder-el-0  el_before_av_one_full  avia-builder-el-first  \" style='border-radius:0px; '><div  class='avia-image-container  av-styling-    avia-builder-el-1  avia-builder-el-no-sibling  avia-align-center '  itemprop=\"image\" itemscope=\"itemscope\" itemtype=\"https:\/\/schema.org\/ImageObject\"  ><div class='avia-image-container-inner'><div class='avia-image-overlay-wrap'><img decoding=\"async\" class='wp-image-45926 avia-img-lazy-loading-not-45926 avia_image' src=\"https:\/\/radiorevelacionfm.cl\/wp-content\/uploads\/2024\/09\/z9a1281-1_optimized-1.jpg\" alt='' title='_z9a1281-(1)_optimized (1)' height=\"600\" width=\"976\"  itemprop=\"thumbnailUrl\" srcset=\"https:\/\/radiorevelacionfm.cl\/wp-content\/uploads\/2024\/09\/z9a1281-1_optimized-1.jpg 976w, https:\/\/radiorevelacionfm.cl\/wp-content\/uploads\/2024\/09\/z9a1281-1_optimized-1-300x184.jpg 300w, https:\/\/radiorevelacionfm.cl\/wp-content\/uploads\/2024\/09\/z9a1281-1_optimized-1-768x472.jpg 768w, https:\/\/radiorevelacionfm.cl\/wp-content\/uploads\/2024\/09\/z9a1281-1_optimized-1-705x433.jpg 705w, https:\/\/radiorevelacionfm.cl\/wp-content\/uploads\/2024\/09\/z9a1281-1_optimized-1-450x277.jpg 450w, https:\/\/radiorevelacionfm.cl\/wp-content\/uploads\/2024\/09\/z9a1281-1_optimized-1-600x369.jpg 600w\" sizes=\"(max-width: 976px) 100vw, 976px\" \/><\/div><\/div><\/div><\/div><div class=\"flex_column av_one_full  flex_column_div av-zero-column-padding first  avia-builder-el-2  el_after_av_one_full  el_before_av_one_full  column-top-margin\" style='border-radius:0px; '><section class=\"av_textblock_section \"  itemscope=\"itemscope\" itemtype=\"https:\/\/schema.org\/BlogPosting\" itemprop=\"blogPost\" ><div class='avia_textblock  '   itemprop=\"text\" ><p style=\"text-align: center;\"><strong><span style=\"font-size: 18pt;\">Encuentro te\u00f3rico-pr\u00e1ctico re\u00fane a estudiantes T\u00e9cnicos Agr\u00edcolas en INIA<\/span><\/strong><\/p>\n<div id=\"gtx-trans\" style=\"position: absolute; left: -50px; top: 4.31534px;\">\n<div class=\"gtx-trans-icon\"><\/div>\n<\/div>\n<\/div><\/section><\/div><\/p>\n<div class=\"flex_column av_one_full  flex_column_div av-zero-column-padding first  avia-builder-el-4  el_after_av_one_full  el_before_av_hr  column-top-margin\" style='border-radius:0px; '><section class=\"av_textblock_section \"  itemscope=\"itemscope\" itemtype=\"https:\/\/schema.org\/BlogPosting\" itemprop=\"blogPost\" ><div class='avia_textblock  '   itemprop=\"text\" ><p style=\"text-align: justify;\"><em>En el tercer encuentro del Grupo de Extensi\u00f3n Tecnol\u00f3gica (GET), T\u00e9cnicos agr\u00edcolas del Liceo Bicentenario Agr\u00edcola e Industrial de la Patagonia se abordaron trabajos de suelo y preparaci\u00f3n para establecimiento de cultivos.<\/em><\/p>\n<p style=\"text-align: justify;\">En INIA Tamel Aike se llev\u00f3 a cabo la tercera reuni\u00f3n del Grupo de Extensi\u00f3n Tecnol\u00f3gica (GET), un programa destinado a fortalecer la formaci\u00f3n de los T\u00e9cnicos Agr\u00edcolas del Liceo Bicentenario Agr\u00edcola e Industrial de la Patagonia.<\/p>\n<p style=\"text-align: justify;\">El objetivo de este GET es actualizar y profundizar los conocimientos agropecuarios de los futuros t\u00e9cnicos, quienes jugar\u00e1n un papel clave en el sector productivo de la regi\u00f3n de Ays\u00e9n. El grupo, compuesto por docentes y 20 estudiantes, abord\u00f3 tem\u00e1ticas validadas por INIA que son fundamentales para el desarrollo agr\u00edcola regional.<\/p>\n<p style=\"text-align: justify;\">\u201cA lo largo de nuestras actividades hemos trabajado diferentes tem\u00e1ticas desde el componente primario, al animal. Hoy nos enfocamos en la parte primaria, con dos charlas te\u00f3ricas por la ma\u00f1ana, pero lo principal y m\u00e1s importante, es lo que estamos haciendo ahora: trabajando en terreno y aprendiendo en la pr\u00e1ctica misma\u201d, destac\u00f3 Marilyn Tapia, investigadora de INIA Tamel Aike y coordinadora del GET.<\/p>\n<p style=\"text-align: justify;\">Por su parte, P\u00eda Pinuer, una de las estudiantes participantes y presidenta del GET, destac\u00f3 la importancia de la actividad: \u201cVinimos gracias a la invitaci\u00f3n de INIA. Nos dieron charlas sobre el establecimiento de cultivos forrajeros y el muestreo de suelo. Ahora estamos practicando c\u00f3mo se utiliza el sacabocado o barreno, c\u00f3mo se toma la muestra de suelo y c\u00f3mo se prepara para llevarla al laboratorio.\u201d<\/p>\n<p style=\"text-align: justify;\">Durante esta sesi\u00f3n, los participantes profundizaron de manera te\u00f3rica en temas cruciales como los cultivos forrajeros y la gesti\u00f3n integral de agua, suelo y planta. Adem\u00e1s, realizaron actividades al aire libre que les permitieron aplicar lo aprendido en un entorno real, fuera del aula.<\/p>\n<p style=\"text-align: justify;\">\u201cSon conceptos que ellos ven en clases. El hecho de que puedan verlos fuera del liceo, en una instituci\u00f3n diferente, tiene un gran valor. Lo valoran mucho, especialmente porque les permite ver las aplicaciones en el campo\u201d, subray\u00f3 Diego R\u00edos, profesor del liceo.<\/p>\n<p style=\"text-align: justify;\">Este tipo de actividades muestran el compromiso del Instituto de Investigaciones Agropecuarias (INIA), como parte del Ministerio de Agricultura, por contribuir a la sostenibilidad del sector agroalimentario, avanzando hacia una mayor seguridad y soberan\u00eda alimentaria.<\/p>\n<\/div><\/section><\/div>\n<div  style='height:50px' class='hr hr-invisible   avia-builder-el-6  el_after_av_one_full  el_before_av_social_share '><span class='hr-inner ' ><span class='hr-inner-style'><\/span><\/span><\/div>\n<div  class='av-social-sharing-box  avia-builder-el-7  el_after_av_hr  el_before_av_hr  '><div class='av-share-box'><h5 class='av-share-link-description av-no-toc '>Compartir esta noticia<\/h5><ul class='av-share-box-list noLightbox'><li class='av-share-link av-social-link-facebook' ><a target=\"_blank\" aria-label=\"Compartir en Facebook\" href='https:\/\/www.facebook.com\/sharer.php?u=https:\/\/radiorevelacionfm.cl\/?p=45923&#038;t=Encuentro%20te%C3%B3rico-pr%C3%A1ctico%20re%C3%BAne%20a%20estudiantes%20T%C3%A9cnicos%20Agr%C3%ADcolas%20en%20INIA' aria-hidden='false' data-av_icon='\ue8f3' data-av_iconfont='entypo-fontello' title='' data-avia-related-tooltip='Compartir en Facebook' rel=\"noopener\"><span class='avia_hidden_link_text'>Compartir en Facebook<\/span><\/a><\/li><li class='av-share-link av-social-link-twitter' ><a target=\"_blank\" aria-label=\"Compartir en Twitter\" href='https:\/\/twitter.com\/share?text=Encuentro%20te%C3%B3rico-pr%C3%A1ctico%20re%C3%BAne%20a%20estudiantes%20T%C3%A9cnicos%20Agr%C3%ADcolas%20en%20INIA&#038;url=https:\/\/radiorevelacionfm.cl\/?p=45923' aria-hidden='false' data-av_icon='\ue8f1' data-av_iconfont='entypo-fontello' title='' data-avia-related-tooltip='Compartir en Twitter' rel=\"noopener\"><span class='avia_hidden_link_text'>Compartir en Twitter<\/span><\/a><\/li><li class='av-share-link av-social-link-whatsapp' ><a target=\"_blank\" aria-label=\"Compartir en Whatsapp\" href='https:\/\/api.whatsapp.com\/send?text=https:\/\/radiorevelacionfm.cl\/?p=45923' aria-hidden='false' data-av_icon='\uf232' data-av_iconfont='entypo-fontello' title='' data-avia-related-tooltip='Compartir en Whatsapp' rel=\"noopener\"><span class='avia_hidden_link_text'>Compartir en Whatsapp<\/span><\/a><\/li><li class='av-share-link av-social-link-linkedin' ><a target=\"_blank\" aria-label=\"Compartir en LinkedIn\" href='https:\/\/linkedin.com\/shareArticle?mini=true&#038;title=Encuentro%20te%C3%B3rico-pr%C3%A1ctico%20re%C3%BAne%20a%20estudiantes%20T%C3%A9cnicos%20Agr%C3%ADcolas%20en%20INIA&#038;url=https:\/\/radiorevelacionfm.cl\/?p=45923' aria-hidden='false' data-av_icon='\ue8fc' data-av_iconfont='entypo-fontello' title='' data-avia-related-tooltip='Compartir en LinkedIn' rel=\"noopener\"><span class='avia_hidden_link_text'>Compartir en LinkedIn<\/span><\/a><\/li><li class='av-share-link av-social-link-mail' ><a  aria-label=\"Compartir por correo\" href='mailto:?subject=Encuentro%20te%C3%B3rico-pr%C3%A1ctico%20re%C3%BAne%20a%20estudiantes%20T%C3%A9cnicos%20Agr%C3%ADcolas%20en%20INIA&#038;body=https:\/\/radiorevelacionfm.cl\/?p=45923' aria-hidden='false' data-av_icon='\ue805' data-av_iconfont='entypo-fontello' title='' data-avia-related-tooltip='Compartir por correo'><span class='avia_hidden_link_text'>Compartir por correo<\/span><\/a><\/li><\/ul><\/div><\/div>\n<div  style='height:50px' class='hr hr-invisible   avia-builder-el-8  el_after_av_social_share  el_before_av_comments_list '><span class='hr-inner ' ><span class='hr-inner-style'><\/span><\/span><\/div>\n<div  class='av-buildercomment  av-blog-meta-html-info-disabled av-blog-meta-tag-disabled  '><\/div>\n","protected":false},"excerpt":{"rendered":"","protected":false},"author":1,"featured_media":45926,"comment_status":"open","ping_status":"open","sticky":false,"template":"","format":"standard","meta":{"footnotes":""},"categories":[58],"tags":[],"class_list":["post-45923","post","type-post","status-publish","format-standard","has-post-thumbnail","hentry","category-agricultura"],"jetpack_featured_media_url":"https:\/\/radiorevelacionfm.cl\/wp-content\/uploads\/2024\/09\/z9a1281-1_optimized-1.jpg","_links":{"self":[{"href":"https:\/\/radiorevelacionfm.cl\/index.php?rest_route=\/wp\/v2\/posts\/45923","targetHints":{"allow":["GET"]}}],"collection":[{"href":"https:\/\/radiorevelacionfm.cl\/index.php?rest_route=\/wp\/v2\/posts"}],"about":[{"href":"https:\/\/radiorevelacionfm.cl\/index.php?rest_route=\/wp\/v2\/types\/post"}],"author":[{"embeddable":true,"href":"https:\/\/radiorevelacionfm.cl\/index.php?rest_route=\/wp\/v2\/users\/1"}],"replies":[{"embeddable":true,"href":"https:\/\/radiorevelacionfm.cl\/index.php?rest_route=%2Fwp%2Fv2%2Fcomments&post=45923"}],"version-history":[{"count":2,"href":"https:\/\/radiorevelacionfm.cl\/index.php?rest_route=\/wp\/v2\/posts\/45923\/revisions"}],"predecessor-version":[{"id":45927,"href":"https:\/\/radiorevelacionfm.cl\/index.php?rest_route=\/wp\/v2\/posts\/45923\/revisions\/45927"}],"wp:featuredmedia":[{"embeddable":true,"href":"https:\/\/radiorevelacionfm.cl\/index.php?rest_route=\/wp\/v2\/media\/45926"}],"wp:attachment":[{"href":"https:\/\/radiorevelacionfm.cl\/index.php?rest_route=%2Fwp%2Fv2%2Fmedia&parent=45923"}],"wp:term":[{"taxonomy":"category","embeddable":true,"href":"https:\/\/radiorevelacionfm.cl\/index.php?rest_route=%2Fwp%2Fv2%2Fcategories&post=45923"},{"taxonomy":"post_tag","embeddable":true,"href":"https:\/\/radiorevelacionfm.cl\/index.php?rest_route=%2Fwp%2Fv2%2Ftags&post=45923"}],"curies":[{"name":"wp","href":"https:\/\/api.w.org\/{rel}","templated":true}]}}