{"id":45913,"date":"2024-09-06T21:34:28","date_gmt":"2024-09-07T00:34:28","guid":{"rendered":"https:\/\/radiorevelacionfm.cl\/?p=45913"},"modified":"2024-09-06T21:34:28","modified_gmt":"2024-09-07T00:34:28","slug":"ips-aysen-y-los-100-anos-de-seguridad-social-en-chile","status":"publish","type":"post","link":"https:\/\/radiorevelacionfm.cl\/?p=45913","title":{"rendered":"IPS Ays\u00e9n y los 100 a\u00f1os de Seguridad Social en Chile"},"content":{"rendered":"<div class=\"flex_column av_one_full  flex_column_div av-zero-column-padding first  avia-builder-el-0  el_before_av_one_full  avia-builder-el-first  \" style='border-radius:0px; '><div  class='avia-image-container  av-styling-    avia-builder-el-1  avia-builder-el-no-sibling  avia-align-center '  itemprop=\"image\" itemscope=\"itemscope\" itemtype=\"https:\/\/schema.org\/ImageObject\"  ><div class='avia-image-container-inner'><div class='avia-image-overlay-wrap'><img decoding=\"async\" class='wp-image-45914 avia-img-lazy-loading-not-45914 avia_image' src=\"https:\/\/radiorevelacionfm.cl\/wp-content\/uploads\/2024\/09\/DUPLICADO_PEDRO-DIAZ-VERA-1-1.jpg\" alt='' title='DUPLICADO_PEDRO D\u00cdAZ VERA (1) (1)' height=\"1070\" width=\"803\"  itemprop=\"thumbnailUrl\" srcset=\"https:\/\/radiorevelacionfm.cl\/wp-content\/uploads\/2024\/09\/DUPLICADO_PEDRO-DIAZ-VERA-1-1.jpg 803w, https:\/\/radiorevelacionfm.cl\/wp-content\/uploads\/2024\/09\/DUPLICADO_PEDRO-DIAZ-VERA-1-1-225x300.jpg 225w, https:\/\/radiorevelacionfm.cl\/wp-content\/uploads\/2024\/09\/DUPLICADO_PEDRO-DIAZ-VERA-1-1-773x1030.jpg 773w, https:\/\/radiorevelacionfm.cl\/wp-content\/uploads\/2024\/09\/DUPLICADO_PEDRO-DIAZ-VERA-1-1-768x1023.jpg 768w, https:\/\/radiorevelacionfm.cl\/wp-content\/uploads\/2024\/09\/DUPLICADO_PEDRO-DIAZ-VERA-1-1-529x705.jpg 529w, https:\/\/radiorevelacionfm.cl\/wp-content\/uploads\/2024\/09\/DUPLICADO_PEDRO-DIAZ-VERA-1-1-450x600.jpg 450w, https:\/\/radiorevelacionfm.cl\/wp-content\/uploads\/2024\/09\/DUPLICADO_PEDRO-DIAZ-VERA-1-1-600x800.jpg 600w\" sizes=\"(max-width: 803px) 100vw, 803px\" \/><\/div><\/div><\/div><\/div><div class=\"flex_column av_one_full  flex_column_div av-zero-column-padding first  avia-builder-el-2  el_after_av_one_full  el_before_av_one_full  column-top-margin\" style='border-radius:0px; '><section class=\"av_textblock_section \"  itemscope=\"itemscope\" itemtype=\"https:\/\/schema.org\/BlogPosting\" itemprop=\"blogPost\" ><div class='avia_textblock  '   itemprop=\"text\" ><p style=\"text-align: center;\"><span style=\"font-size: 18pt;\"><strong>IPS Ays\u00e9n y los 100 a\u00f1os de Seguridad Social en Chile<\/strong><\/span><\/p>\n<div id=\"gtx-trans\" style=\"position: absolute; left: -50px; top: 4.31534px;\">\n<div class=\"gtx-trans-icon\"><\/div>\n<\/div>\n<\/div><\/section><\/div><div class=\"flex_column av_one_full  flex_column_div av-zero-column-padding first  avia-builder-el-4  el_after_av_one_full  el_before_av_hr  column-top-margin\" style='border-radius:0px; '><section class=\"av_textblock_section \"  itemscope=\"itemscope\" itemtype=\"https:\/\/schema.org\/BlogPosting\" itemprop=\"blogPost\" ><div class='avia_textblock  '   itemprop=\"text\" ><p style=\"text-align: justify;\"><em>Con la fundamental colaboraci\u00f3n del equipo del proyecto FIC \u201c<\/em><em>Habilitaci\u00f3n del patrimonio documental para el desarrollo de la Regi\u00f3n de Ays\u00e9n\u201d,<\/em><em> el Instituto de Previsi\u00f3n Social busca aportar en el trazado de una l\u00ednea de registro hist\u00f3rico del desarrollo de la seguridad social en la regi\u00f3n.<\/em><\/p>\n<p style=\"text-align: justify;\">Si bien a nivel nacional, la seguridad social se instal\u00f3 en Chile en septiembre de 1924, no fue sino hasta 1932 que esta institucionalidad se establece en la regi\u00f3n, con la llegada de la Caja del Seguro Obrero Obligatorio.<\/p>\n<p style=\"text-align: justify;\">Antiguas libretas de cotizaciones, certificados y fotograf\u00edas, son parte de los testimonios que los distintos organismos de seguridad social han dejado en el pa\u00eds, y nuestra regi\u00f3n no ha sido la excepci\u00f3n. El Museo Regional cuenta con algunos ejemplares de estos hist\u00f3ricos testimonios documentales; a lo que el IPS suma fotograf\u00edas del trabajo territorial a partir de la d\u00e9cada de los \u201980, as\u00ed como algunos documentos que forman parte de su labor.<\/p>\n<p style=\"text-align: justify;\">Otros registros fotogr\u00e1ficos son parte de la historia del Hospital Regional, cuyo origen va de la mano con la instalaci\u00f3n en nuestra regi\u00f3n, en el a\u00f1o 1932 en Puerto Ays\u00e9n y 1937 en Coyhaique, de la Casa de Socorros de la Caja del Seguro Obrero, tal como puede apreciarse en la p\u00e1gina web del recinto hospitalario.<\/p>\n<p style=\"text-align: justify;\">El primer agente de esta Caja en la regi\u00f3n fue Carlos M\u00fcller Celis, quien se traslad\u00f3 hasta Ays\u00e9n para hacerse cargo de este desaf\u00edo administrativo, junto con el primer director del consultorio m\u00e9dico de Puerto Ays\u00e9n, doctor Alfredo Cruzat Tirapegui.<\/p>\n<p style=\"text-align: justify;\">As\u00ed lo relata Mauricio Osorio Pefaur, antrop\u00f3logo social y director del proyecto <strong><em>\u201cHabilitaci\u00f3n del Patrimonio Documental para el desarrollo de la Regi\u00f3n de Ays\u00e9n\u201d<\/em><\/strong>, financiado por el Fondo de Innovaci\u00f3n para la Competitividad (FIC), y ejecutado por la Universidad de Ays\u00e9n. El reconocido profesional acept\u00f3 el desaf\u00edo de colaborar en la b\u00fasqueda de registros documentales que permitan establecer algunas l\u00edneas y graficar en parte la evoluci\u00f3n de la seguridad social en nuestra regi\u00f3n, en el contexto de este importante centenario.<\/p>\n<p style=\"text-align: justify;\">\u201cEn el marco de esta solicitud del Instituto de Previsi\u00f3n Social, hemos logrado pesquisar alguna informaci\u00f3n. Ya ten\u00edamos informaci\u00f3n de antes, porque hab\u00edamos hecho un trabajo de acompa\u00f1amiento con el Servicio de Salud Ays\u00e9n, cuando se hizo todo el trabajo de puesta en marcha del Hospital de Puerto Ays\u00e9n. Una de las tareas fue recopilar algunos antecedentes hist\u00f3ricos. Entonces tuvimos acceso a documentos de prensa -digitalizados- de los primeros a\u00f1os administrativos de la regi\u00f3n\u2026 y ah\u00ed nos dimos cuenta que aparec\u00edan unas cosas sobre la seguridad social. Pero tambi\u00e9n llegamos a otros documentos que est\u00e1n actualmente en custodia en el Museo Regional de Ays\u00e9n y son parte de su colecci\u00f3n, por ejemplo, un certificado de inscripci\u00f3n en el Seguro Obrero, de un trabajador y un conjunto de libretas del Seguro Obrero, que pertenecen a una colecci\u00f3n donada por Luisa Ludwig, de Puyuhuapi, y que tienen que ver con distintas actividades productivas de la colonia alemana de Puyuhuapi\u201d, detall\u00f3.<\/p>\n<p style=\"text-align: justify;\">As\u00ed, la regi\u00f3n cuenta con antiguas libretas de imposiciones correspondientes a trabajadoras de la f\u00e1brica de alfombras y tambi\u00e9n a trabajadores del aserradero, entre otros. Libretas de las d\u00e9cadas del \u201830, \u201840 y \u201850. Testimonio de la progresiva implementaci\u00f3n de las leyes sociales y laborales en nuestra regi\u00f3n, territorio que durante varias d\u00e9cadas funcion\u00f3 en torno a trabajadores asalariados y apatronados de las estancias y otras empresas, as\u00ed como a trabajadores independientes, principalmente campesinos.<\/p>\n<p style=\"text-align: justify;\">En este sentido, normativas como La ley del descanso dominical, la cobertura de accidentes del Trabajo, y el establecimiento de una jornada laboral, fueron leyes sociales pioneras y que sentaron la base para lo que actualmente tenemos.<\/p>\n<p style=\"text-align: justify;\">Con el transcurrir de los a\u00f1os, la extensi\u00f3n de esta nueva cultura laboral, sumada a las caracter\u00edsticas geogr\u00e1ficas de nuestra regi\u00f3n, marcaron el trabajo de las distintas cajas de previsi\u00f3n social instaladas en Ays\u00e9n, principalmente en Coyhaique.<\/p>\n<p style=\"text-align: justify;\">En 1980, surge el Instituto de Normalizaci\u00f3n Previsional (INP), institucionalidad bajo la cual se agrupan todas las ex cajas de reparto. As\u00ed, el INP se establece definitivamente en Prat #580. Desde ah\u00ed, comienza a marcar presencia en el vasto territorio aisenino, sumando a las oficinas de Coyhaique y Chile Chico, sucursales en Puerto Ays\u00e9n, Cochrane y Puerto Cisnes. Y, por supuesto, un permanente trabajo en terreno, para llegar as\u00ed con los distintos beneficios sociales a las familias, trabajadoras y trabajadores de todos los rincones de la regi\u00f3n, ya fuera que se encontraran en zonas urbanas, rurales o en faenas.<br \/>\nTestimonio de ello son las fotograf\u00edas que el actual Instituto de Previsi\u00f3n Social \u2013 IPS (ex INP), resguarda en un especial \u00e1lbum de 44 x 32 cms, con tapa y contratapa de madera, la primera de \u00e9stas, pirografiada.<\/p>\n<p style=\"text-align: justify;\">Estas fotograf\u00edas son testimonio del comprometido trabajo en terreno realizado por funcionarias y funcionarios, quienes llegaban incluso a lejanas faenas para cumplir con su labor.<\/p>\n<p style=\"text-align: justify;\">El paso del tiempo, las nuevas tecnolog\u00edas y el desarrollo del pa\u00eds y de la regi\u00f3n de Ays\u00e9n han modernizado tambi\u00e9n la forma en que, a lo largo de un siglo, la seguridad social se ha hecho parte de la sociedad. Con instituciones que, m\u00e1s all\u00e1 de sus cambios, han dejado una profunda huella, que se resume en una mejor calidad de vida durante el per\u00edodo laboral, as\u00ed como a la hora del retiro. Por supuesto, a\u00fan queda camino por recorrer y siempre es posible mejorar, pero para avanzar hacia un mejor futuro es fundamental conocer y reconocer nuestro pasado, nuestra historia; y los 100 a\u00f1os de Seguridad Social en Chile, son, a todas luces, parte de esa historia.<\/p>\n<\/div><\/section><\/div><div  style='height:50px' class='hr hr-invisible   avia-builder-el-6  el_after_av_one_full  el_before_av_social_share '><span class='hr-inner ' ><span class='hr-inner-style'><\/span><\/span><\/div><\/p>\n<div  class='av-social-sharing-box  avia-builder-el-7  el_after_av_hr  el_before_av_hr  '><div class='av-share-box'><h5 class='av-share-link-description av-no-toc '>Compartir esta noticia<\/h5><ul class='av-share-box-list noLightbox'><li class='av-share-link av-social-link-facebook' ><a target=\"_blank\" aria-label=\"Compartir en Facebook\" href='https:\/\/www.facebook.com\/sharer.php?u=https:\/\/radiorevelacionfm.cl\/?p=45913&#038;t=IPS%20Ays%C3%A9n%20y%20los%20100%20a%C3%B1os%20de%20Seguridad%20Social%20en%20Chile' aria-hidden='false' data-av_icon='\ue8f3' data-av_iconfont='entypo-fontello' title='' data-avia-related-tooltip='Compartir en Facebook' rel=\"noopener\"><span class='avia_hidden_link_text'>Compartir en Facebook<\/span><\/a><\/li><li class='av-share-link av-social-link-twitter' ><a target=\"_blank\" aria-label=\"Compartir en Twitter\" href='https:\/\/twitter.com\/share?text=IPS%20Ays%C3%A9n%20y%20los%20100%20a%C3%B1os%20de%20Seguridad%20Social%20en%20Chile&#038;url=https:\/\/radiorevelacionfm.cl\/?p=45913' aria-hidden='false' data-av_icon='\ue8f1' data-av_iconfont='entypo-fontello' title='' data-avia-related-tooltip='Compartir en Twitter' rel=\"noopener\"><span class='avia_hidden_link_text'>Compartir en Twitter<\/span><\/a><\/li><li class='av-share-link av-social-link-whatsapp' ><a target=\"_blank\" aria-label=\"Compartir en Whatsapp\" href='https:\/\/api.whatsapp.com\/send?text=https:\/\/radiorevelacionfm.cl\/?p=45913' aria-hidden='false' data-av_icon='\uf232' data-av_iconfont='entypo-fontello' title='' data-avia-related-tooltip='Compartir en Whatsapp' rel=\"noopener\"><span class='avia_hidden_link_text'>Compartir en Whatsapp<\/span><\/a><\/li><li class='av-share-link av-social-link-linkedin' ><a target=\"_blank\" aria-label=\"Compartir en LinkedIn\" href='https:\/\/linkedin.com\/shareArticle?mini=true&#038;title=IPS%20Ays%C3%A9n%20y%20los%20100%20a%C3%B1os%20de%20Seguridad%20Social%20en%20Chile&#038;url=https:\/\/radiorevelacionfm.cl\/?p=45913' aria-hidden='false' data-av_icon='\ue8fc' data-av_iconfont='entypo-fontello' title='' data-avia-related-tooltip='Compartir en LinkedIn' rel=\"noopener\"><span class='avia_hidden_link_text'>Compartir en LinkedIn<\/span><\/a><\/li><li class='av-share-link av-social-link-mail' ><a  aria-label=\"Compartir por correo\" href='mailto:?subject=IPS%20Ays%C3%A9n%20y%20los%20100%20a%C3%B1os%20de%20Seguridad%20Social%20en%20Chile&#038;body=https:\/\/radiorevelacionfm.cl\/?p=45913' aria-hidden='false' data-av_icon='\ue805' data-av_iconfont='entypo-fontello' title='' data-avia-related-tooltip='Compartir por correo'><span class='avia_hidden_link_text'>Compartir por correo<\/span><\/a><\/li><\/ul><\/div><\/div>\n<div  style='height:50px' class='hr hr-invisible   avia-builder-el-8  el_after_av_social_share  el_before_av_comments_list '><span class='hr-inner ' ><span class='hr-inner-style'><\/span><\/span><\/div>\n<div  class='av-buildercomment  av-blog-meta-html-info-disabled av-blog-meta-tag-disabled  '><\/div>\n","protected":false},"excerpt":{"rendered":"","protected":false},"author":1,"featured_media":45914,"comment_status":"open","ping_status":"open","sticky":false,"template":"","format":"standard","meta":{"footnotes":""},"categories":[38],"tags":[],"class_list":["post-45913","post","type-post","status-publish","format-standard","has-post-thumbnail","hentry","category-regional"],"jetpack_featured_media_url":"https:\/\/radiorevelacionfm.cl\/wp-content\/uploads\/2024\/09\/DUPLICADO_PEDRO-DIAZ-VERA-1-1.jpg","_links":{"self":[{"href":"https:\/\/radiorevelacionfm.cl\/index.php?rest_route=\/wp\/v2\/posts\/45913","targetHints":{"allow":["GET"]}}],"collection":[{"href":"https:\/\/radiorevelacionfm.cl\/index.php?rest_route=\/wp\/v2\/posts"}],"about":[{"href":"https:\/\/radiorevelacionfm.cl\/index.php?rest_route=\/wp\/v2\/types\/post"}],"author":[{"embeddable":true,"href":"https:\/\/radiorevelacionfm.cl\/index.php?rest_route=\/wp\/v2\/users\/1"}],"replies":[{"embeddable":true,"href":"https:\/\/radiorevelacionfm.cl\/index.php?rest_route=%2Fwp%2Fv2%2Fcomments&post=45913"}],"version-history":[{"count":1,"href":"https:\/\/radiorevelacionfm.cl\/index.php?rest_route=\/wp\/v2\/posts\/45913\/revisions"}],"predecessor-version":[{"id":45915,"href":"https:\/\/radiorevelacionfm.cl\/index.php?rest_route=\/wp\/v2\/posts\/45913\/revisions\/45915"}],"wp:featuredmedia":[{"embeddable":true,"href":"https:\/\/radiorevelacionfm.cl\/index.php?rest_route=\/wp\/v2\/media\/45914"}],"wp:attachment":[{"href":"https:\/\/radiorevelacionfm.cl\/index.php?rest_route=%2Fwp%2Fv2%2Fmedia&parent=45913"}],"wp:term":[{"taxonomy":"category","embeddable":true,"href":"https:\/\/radiorevelacionfm.cl\/index.php?rest_route=%2Fwp%2Fv2%2Fcategories&post=45913"},{"taxonomy":"post_tag","embeddable":true,"href":"https:\/\/radiorevelacionfm.cl\/index.php?rest_route=%2Fwp%2Fv2%2Ftags&post=45913"}],"curies":[{"name":"wp","href":"https:\/\/api.w.org\/{rel}","templated":true}]}}