{"id":4591,"date":"2021-05-27T17:34:15","date_gmt":"2021-05-27T20:34:15","guid":{"rendered":"https:\/\/radiorevelacionfm.cl\/?p=4591"},"modified":"2021-05-27T17:34:15","modified_gmt":"2021-05-27T20:34:15","slug":"escuelas-de-puerto-aysen-reciben-implementacion-para-ejecucion-de-talleres-deportivos-crecer-en-movimiento","status":"publish","type":"post","link":"https:\/\/radiorevelacionfm.cl\/?p=4591","title":{"rendered":"Escuelas de Puerto Ays\u00e9n reciben implementaci\u00f3n para ejecuci\u00f3n de talleres deportivos \u00abCrecer en Movimiento\u00bb"},"content":{"rendered":"<div class=\"flex_column av_one_full  flex_column_div av-zero-column-padding first  avia-builder-el-0  el_before_av_one_full  avia-builder-el-first  \" style='border-radius:0px; '><div  class='avia-image-container  av-styling-    avia-builder-el-1  avia-builder-el-no-sibling  avia-align-center '  itemprop=\"image\" itemscope=\"itemscope\" itemtype=\"https:\/\/schema.org\/ImageObject\"  ><div class='avia-image-container-inner'><div class='avia-image-overlay-wrap'><img decoding=\"async\" class='wp-image-0 avia-img-lazy-loading-not-0 avia_image' src=\"https:\/\/radiorevelacionfm.cl\/wp-content\/uploads\/2021\/05\/escuela-0-1.jpg\" alt='' title=''   itemprop=\"thumbnailUrl\"  \/><\/div><\/div><\/div><\/div><div class=\"flex_column av_one_full  flex_column_div av-zero-column-padding first  avia-builder-el-2  el_after_av_one_full  el_before_av_one_full  column-top-margin\" style='border-radius:0px; '><section class=\"av_textblock_section \"  itemscope=\"itemscope\" itemtype=\"https:\/\/schema.org\/BlogPosting\" itemprop=\"blogPost\" ><div class='avia_textblock  '   itemprop=\"text\" ><p style=\"text-align: center;\"><strong><span style=\"font-size: 18pt;\">Escuelas de Puerto Ays\u00e9n reciben implementaci\u00f3n para ejecuci\u00f3n de talleres deportivos \u00abCrecer en Movimiento\u00bb<\/span><\/strong><\/p>\n<div id=\"gtx-trans\" style=\"position: absolute; left: -50px; top: 4.31534px;\">\n<div class=\"gtx-trans-icon\"><\/div>\n<\/div>\n<\/div><\/section><\/div><div class=\"flex_column av_one_full  flex_column_div av-zero-column-padding first  avia-builder-el-4  el_after_av_one_full  el_before_av_hr  column-top-margin\" style='border-radius:0px; '><section class=\"av_textblock_section \"  itemscope=\"itemscope\" itemtype=\"https:\/\/schema.org\/BlogPosting\" itemprop=\"blogPost\" ><div class='avia_textblock  '   itemprop=\"text\" ><p class=\"v1MsoNormal\" style=\"text-align: justify;\">Actualmente, la escuela Sagrada Familia cuenta con algunos talleres en ejecuci\u00f3n y se est\u00e1 trabajando en la programaci\u00f3n de los tallares de la escuela Litoral Austral en la modalidad online.<\/p>\n<p class=\"v1MsoNormal\" style=\"text-align: justify;\">Los talleres de formaci\u00f3n del Programa Formativo\u00a0\u00a0\u00abCrecer en Movimiento\u00bb, que el IND ejecuta, corresponden a los componentes\u00a0\u00abJugar y Aprender\u00bb, destinado a\u00a0\u00a0niveles medios y de transici\u00f3n de la Educaci\u00f3n Parvularia (4 a 6 a\u00f1os),\u00a0\u00abDel Juego al Deporte\u00bb\u00a0para ni\u00f1as, ni\u00f1os y adolescentes ( 7 y 11 a\u00f1os)\u00a0\u00a0y\u00a0\u00a0\u00abLas Escuelas de Elecci\u00f3n Deportiva, cuyo objetivo es que ni\u00f1as, ni\u00f1os y adolescentes de segundo ciclo b\u00e1sico y ense\u00f1anza media, se integren a la pr\u00e1ctica permanente del alg\u00fan deporte de su elecci\u00f3n.<\/p>\n<p class=\"v1MsoNormal\" style=\"text-align: justify;\"><u>Escuela Sagrada Familia<\/u><\/p>\n<p class=\"v1MsoNormal\" style=\"text-align: justify;\">\u00abComo Gobierno hemos puesto a los ni\u00f1os primero mejorando su calidad de vida, cuidando su salud y su desarrollo integral, como en el caso de la escuela modelo Sagrada Familia de Puerto Ays\u00e9n, donde ni\u00f1as y ni\u00f1os cuentan con espacios condiciones para el desarrollo\u00a0\u00a0de talleres en cada uno de los tres componentes del programa Crecer en Movimiento\u00bb, precis\u00f3 el Seremi del Deporte, Rodrigo Cubilla Retamal.<\/p>\n<p class=\"v1MsoNormal\" style=\"text-align: justify;\">Por su parte, Luis C\u00e1rcamo, coordinador deportivo del establecimiento educacional se\u00f1al\u00f3 \u00ab\u00e9sta implementaci\u00f3n deportiva\u00a0\u00a0es de mucha utilidad para los talleres que el IND ejecuta en nuestro colegio y que corresponden al\u00a0\u00a0taller \u00abJugar y Aprender \u00abpara el cual recibimos diversos\u00a0\u00a0implementos de psicomotricidad, as\u00ed como colchonetas, bastones de coordinaci\u00f3n y otros elementos para el taller de gimnasia\u00a0\u00a0y balones y escaleras de coordinaci\u00f3n para los talleres de deportes colectivos\u00bb.<\/p>\n<p class=\"v1MsoNormal\" style=\"text-align: justify;\"><u>Escuela Litoral Austral<\/u><\/p>\n<p class=\"v1MsoNormal\" style=\"text-align: justify;\">Asimismo, la escuela b\u00e1sica Litoral Austral recibi\u00f3 implementaci\u00f3n para el desarrollo del taller Polideportivo, correspondiente al componente \u00abDel Juego al Deporte\u00bb, adem\u00e1s de elementos sanitarios y de prevenci\u00f3n frente al Covid 19.<\/p>\n<p class=\"v1MsoNormal\" style=\"text-align: justify;\">Con\u00a0\u00a0lo anterior, el Ministerio del Deporte e Instituto Nacional de Deportes buscan que ni\u00f1os y ni\u00f1as incorporen sus rutinas diarias actividades y ejercicios para potenciar y desarrollar distintas capacidades f\u00edsicas. En este sentido, Jos\u00e9 Manuel Sep\u00falveda, director regional del IND\u00a0\u00a0se\u00f1al\u00f3 \u00abestamos dando continuidad a los talleres adaptando nuestras clases para que los estudiantes las puedan seguir ejercit\u00e1ndose de forma telem\u00e1tica y entregando implementaci\u00f3n que los menores pueden llevar a sus hogares\u00bb.<\/p>\n<div style=\"text-align: justify;\"><\/div>\n<\/div><\/section><\/div><div  style='height:50px' class='hr hr-invisible   avia-builder-el-6  el_after_av_one_full  el_before_av_social_share '><span class='hr-inner ' ><span class='hr-inner-style'><\/span><\/span><\/div><\/p>\n<div  class='av-social-sharing-box  avia-builder-el-7  el_after_av_hr  el_before_av_hr  '><div class='av-share-box'><h5 class='av-share-link-description av-no-toc '>Compartir esta noticia<\/h5><ul class='av-share-box-list noLightbox'><li class='av-share-link av-social-link-facebook' ><a target=\"_blank\" aria-label=\"Compartir en Facebook\" href='https:\/\/www.facebook.com\/sharer.php?u=https:\/\/radiorevelacionfm.cl\/?p=4591&#038;t=Escuelas%20de%20Puerto%20Ays%C3%A9n%20reciben%20implementaci%C3%B3n%20para%20ejecuci%C3%B3n%20de%20talleres%20deportivos%20%C2%ABCrecer%20en%20Movimiento%C2%BB' aria-hidden='false' data-av_icon='\ue8f3' data-av_iconfont='entypo-fontello' title='' data-avia-related-tooltip='Compartir en Facebook' rel=\"noopener\"><span class='avia_hidden_link_text'>Compartir en Facebook<\/span><\/a><\/li><li class='av-share-link av-social-link-twitter' ><a target=\"_blank\" aria-label=\"Compartir en Twitter\" href='https:\/\/twitter.com\/share?text=Escuelas%20de%20Puerto%20Ays%C3%A9n%20reciben%20implementaci%C3%B3n%20para%20ejecuci%C3%B3n%20de%20talleres%20deportivos%20%C2%ABCrecer%20en%20Movimiento%C2%BB&#038;url=https:\/\/radiorevelacionfm.cl\/?p=4591' aria-hidden='false' data-av_icon='\ue8f1' data-av_iconfont='entypo-fontello' title='' data-avia-related-tooltip='Compartir en Twitter' rel=\"noopener\"><span class='avia_hidden_link_text'>Compartir en Twitter<\/span><\/a><\/li><li class='av-share-link av-social-link-whatsapp' ><a target=\"_blank\" aria-label=\"Compartir en Whatsapp\" href='https:\/\/api.whatsapp.com\/send?text=https:\/\/radiorevelacionfm.cl\/?p=4591' aria-hidden='false' data-av_icon='\uf232' data-av_iconfont='entypo-fontello' title='' data-avia-related-tooltip='Compartir en Whatsapp' rel=\"noopener\"><span class='avia_hidden_link_text'>Compartir en Whatsapp<\/span><\/a><\/li><li class='av-share-link av-social-link-linkedin' ><a target=\"_blank\" aria-label=\"Compartir en LinkedIn\" href='https:\/\/linkedin.com\/shareArticle?mini=true&#038;title=Escuelas%20de%20Puerto%20Ays%C3%A9n%20reciben%20implementaci%C3%B3n%20para%20ejecuci%C3%B3n%20de%20talleres%20deportivos%20%C2%ABCrecer%20en%20Movimiento%C2%BB&#038;url=https:\/\/radiorevelacionfm.cl\/?p=4591' aria-hidden='false' data-av_icon='\ue8fc' data-av_iconfont='entypo-fontello' title='' data-avia-related-tooltip='Compartir en LinkedIn' rel=\"noopener\"><span class='avia_hidden_link_text'>Compartir en LinkedIn<\/span><\/a><\/li><li class='av-share-link av-social-link-mail' ><a  aria-label=\"Compartir por correo\" href='mailto:?subject=Escuelas%20de%20Puerto%20Ays%C3%A9n%20reciben%20implementaci%C3%B3n%20para%20ejecuci%C3%B3n%20de%20talleres%20deportivos%20%C2%ABCrecer%20en%20Movimiento%C2%BB&#038;body=https:\/\/radiorevelacionfm.cl\/?p=4591' aria-hidden='false' data-av_icon='\ue805' data-av_iconfont='entypo-fontello' title='' data-avia-related-tooltip='Compartir por correo'><span class='avia_hidden_link_text'>Compartir por correo<\/span><\/a><\/li><\/ul><\/div><\/div>\n<div  style='height:50px' class='hr hr-invisible   avia-builder-el-8  el_after_av_social_share  el_before_av_comments_list '><span class='hr-inner ' ><span class='hr-inner-style'><\/span><\/span><\/div>\n<div  class='av-buildercomment  av-blog-meta-html-info-disabled av-blog-meta-tag-disabled  '><\/div>\n","protected":false},"excerpt":{"rendered":"","protected":false},"author":1,"featured_media":0,"comment_status":"open","ping_status":"open","sticky":false,"template":"","format":"standard","meta":{"footnotes":""},"categories":[40],"tags":[],"class_list":["post-4591","post","type-post","status-publish","format-standard","hentry","category-deportes"],"jetpack_featured_media_url":"","_links":{"self":[{"href":"https:\/\/radiorevelacionfm.cl\/index.php?rest_route=\/wp\/v2\/posts\/4591","targetHints":{"allow":["GET"]}}],"collection":[{"href":"https:\/\/radiorevelacionfm.cl\/index.php?rest_route=\/wp\/v2\/posts"}],"about":[{"href":"https:\/\/radiorevelacionfm.cl\/index.php?rest_route=\/wp\/v2\/types\/post"}],"author":[{"embeddable":true,"href":"https:\/\/radiorevelacionfm.cl\/index.php?rest_route=\/wp\/v2\/users\/1"}],"replies":[{"embeddable":true,"href":"https:\/\/radiorevelacionfm.cl\/index.php?rest_route=%2Fwp%2Fv2%2Fcomments&post=4591"}],"version-history":[{"count":1,"href":"https:\/\/radiorevelacionfm.cl\/index.php?rest_route=\/wp\/v2\/posts\/4591\/revisions"}],"predecessor-version":[{"id":4593,"href":"https:\/\/radiorevelacionfm.cl\/index.php?rest_route=\/wp\/v2\/posts\/4591\/revisions\/4593"}],"wp:attachment":[{"href":"https:\/\/radiorevelacionfm.cl\/index.php?rest_route=%2Fwp%2Fv2%2Fmedia&parent=4591"}],"wp:term":[{"taxonomy":"category","embeddable":true,"href":"https:\/\/radiorevelacionfm.cl\/index.php?rest_route=%2Fwp%2Fv2%2Fcategories&post=4591"},{"taxonomy":"post_tag","embeddable":true,"href":"https:\/\/radiorevelacionfm.cl\/index.php?rest_route=%2Fwp%2Fv2%2Ftags&post=4591"}],"curies":[{"name":"wp","href":"https:\/\/api.w.org\/{rel}","templated":true}]}}