{"id":45904,"date":"2024-09-04T20:57:05","date_gmt":"2024-09-04T23:57:05","guid":{"rendered":"https:\/\/radiorevelacionfm.cl\/?p=45904"},"modified":"2024-09-04T20:57:05","modified_gmt":"2024-09-04T23:57:05","slug":"villa-ohiggins-15-dias-de-intensa-busqueda-de-ciudadano-extraviado-en-sector-rio-bravo","status":"publish","type":"post","link":"https:\/\/radiorevelacionfm.cl\/?p=45904","title":{"rendered":"Villa O\u00b4Higgins: 15 d\u00edas de intensa b\u00fasqueda de ciudadano extraviado en sector R\u00edo Bravo"},"content":{"rendered":"<div class=\"flex_column av_one_full  flex_column_div av-zero-column-padding first  avia-builder-el-0  el_before_av_one_full  avia-builder-el-first  \" style='border-radius:0px; '><div  class='avia-image-container  av-styling-    avia-builder-el-1  avia-builder-el-no-sibling  avia-align-center '  itemprop=\"image\" itemscope=\"itemscope\" itemtype=\"https:\/\/schema.org\/ImageObject\"  ><div class='avia-image-container-inner'><div class='avia-image-overlay-wrap'><img decoding=\"async\" class='wp-image-45905 avia-img-lazy-loading-not-45905 avia_image' src=\"https:\/\/radiorevelacionfm.cl\/wp-content\/uploads\/2024\/09\/5c155dd8-25ae-45bb-b693-3f7210ccacd4-1_optimized-1.jpg\" alt='' title='5c155dd8-25ae-45bb-b693-3f7210ccacd4-(1)_optimized (1)' height=\"600\" width=\"800\"  itemprop=\"thumbnailUrl\" srcset=\"https:\/\/radiorevelacionfm.cl\/wp-content\/uploads\/2024\/09\/5c155dd8-25ae-45bb-b693-3f7210ccacd4-1_optimized-1.jpg 800w, https:\/\/radiorevelacionfm.cl\/wp-content\/uploads\/2024\/09\/5c155dd8-25ae-45bb-b693-3f7210ccacd4-1_optimized-1-300x225.jpg 300w, https:\/\/radiorevelacionfm.cl\/wp-content\/uploads\/2024\/09\/5c155dd8-25ae-45bb-b693-3f7210ccacd4-1_optimized-1-768x576.jpg 768w, https:\/\/radiorevelacionfm.cl\/wp-content\/uploads\/2024\/09\/5c155dd8-25ae-45bb-b693-3f7210ccacd4-1_optimized-1-705x529.jpg 705w, https:\/\/radiorevelacionfm.cl\/wp-content\/uploads\/2024\/09\/5c155dd8-25ae-45bb-b693-3f7210ccacd4-1_optimized-1-450x338.jpg 450w, https:\/\/radiorevelacionfm.cl\/wp-content\/uploads\/2024\/09\/5c155dd8-25ae-45bb-b693-3f7210ccacd4-1_optimized-1-600x450.jpg 600w\" sizes=\"(max-width: 800px) 100vw, 800px\" \/><\/div><\/div><\/div><\/div><div class=\"flex_column av_one_full  flex_column_div av-zero-column-padding first  avia-builder-el-2  el_after_av_one_full  el_before_av_one_full  column-top-margin\" style='border-radius:0px; '><section class=\"av_textblock_section \"  itemscope=\"itemscope\" itemtype=\"https:\/\/schema.org\/BlogPosting\" itemprop=\"blogPost\" ><div class='avia_textblock  '   itemprop=\"text\" ><p style=\"text-align: center;\"><span style=\"font-size: 18pt;\"><b><span lang=\"ES-MX\">Villa O\u00b4Higgins: 15 d\u00edas de intensa b\u00fasqueda de ciudadano extraviado en sector R\u00edo Bravo<\/span><\/b><\/span><\/p>\n<div id=\"gtx-trans\" style=\"position: absolute; left: -50px; top: 4.31534px;\">\n<div class=\"gtx-trans-icon\"><\/div>\n<\/div>\n<\/div><\/section><\/div><div class=\"flex_column av_one_full  flex_column_div av-zero-column-padding first  avia-builder-el-4  el_after_av_one_full  el_before_av_hr  column-top-margin\" style='border-radius:0px; '><section class=\"av_textblock_section \"  itemscope=\"itemscope\" itemtype=\"https:\/\/schema.org\/BlogPosting\" itemprop=\"blogPost\" ><div class='avia_textblock  '   itemprop=\"text\" ><div>\n<p class=\"v1gmail-MsoListParagraphCxSpFirst\" style=\"text-align: justify;\"><em><span lang=\"ES-MX\">&#8211; <\/span><span lang=\"ES-MX\">Carabineros a trav\u00e9s de un equipo multidisciplinario de 14 funcionarios especialistas en monta\u00f1a y frontera se encuentran desplegados en la zona, a quienes se suman Bomberos, personal municipal, la comunidad y el Ej\u00e9rcito de Chile que se incorpor\u00f3 durante esta jornada.<\/span><\/em><\/p>\n<p class=\"v1gmail-MsoListParagraphCxSpLast\" style=\"text-align: justify;\"><em><span lang=\"ES-MX\">&#8211; <\/span><span lang=\"ES-MX\">M\u00faltiples sectores en una compleja geograf\u00eda han sido recorridos por aire y tierra, sin que hasta el momento se tenga resultados positivos.<\/span><\/em><\/p>\n<p class=\"v1MsoNormal\" style=\"text-align: justify;\"><span lang=\"ES-MX\">Quince d\u00edas de ardua b\u00fasqueda a trav\u00e9s de equipo multidisciplinario integrado por personal especialista en monta\u00f1a y frontera, complet\u00f3 Carabineros (junto a Bomberos, la Municipalidad de O&#8217;Higgins y la sociedad civil) respecto de un ciudadano de 78 a\u00f1os de edad sobre quien existe una denuncia por presunta desgracia, luego que se perdiera todo rastro de su paradero en el sector de El Resbal\u00f3n, camino a R\u00edo Bravo, distante a unos 60 km de Villa O&#8217;Higgins.<\/span><\/p>\n<p class=\"v1MsoNormal\" style=\"text-align: justify;\"><span lang=\"ES-MX\">\u00abHemos ocupado recursos humanos que contemplan 14 carabineros (procedentes de la 4ta Comisar\u00eda Cochrane, Tenencia Hern\u00e1n Merino Correa, Subcomisar\u00eda Villa O&#8217;Higgins, Bomberos, Municipalidad de Villa O&#8217;Higgins y la comunidad), m\u00e1s equipos tecnol\u00f3gicos y log\u00edsticos como buggys y el helic\u00f3ptero de la Secci\u00f3n A\u00e9rea que sobrevol\u00f3 el lugar, veh\u00edculos policiales y personal especializado quienes est\u00e1n trabajando en la ayuda y b\u00fasqueda de la persona\u00bb, indic\u00f3 el Prefecto de Carabineros Ays\u00e9n, Coronel Fuad Chab\u00e1n Vilches.<\/span><\/p>\n<p class=\"v1MsoNormal\" style=\"text-align: justify;\"><span lang=\"ES-MX\">El Oficial Superior indic\u00f3 que durante estos d\u00edas, los carabineros que han sido desplegados en el \u00e1rea, han recorrido una vasta extensi\u00f3n en una compleja geograf\u00eda correspondiente al sector en que registra domicilio esta persona.<\/span><\/p>\n<p class=\"v1MsoNormal\" style=\"text-align: justify;\"><span lang=\"ES-MX\">\u00abSe trata de los sectores R\u00edo Bravo, Entre R\u00edos, El Resbal\u00f3n, Cartagena, Caleuche y Lago Alegre, en los cuales se efectu\u00f3 un sobrevuelo a trav\u00e9s del helic\u00f3ptero institucional. Hoy est\u00e1n nuestros carabineros en el sector Laguna Azul en la Ruta X-91, sumado a la b\u00fasqueda que se realiza en El Resbal\u00f3n y las quebradas existentes en el lugar\u00bb, detall\u00f3.<\/span><\/p>\n<p class=\"v1MsoNormal\" style=\"text-align: justify;\"><span lang=\"ES-MX\">\u00abLa geograf\u00eda es bastante boscosa, hay bastantes acantilados, r\u00edos y lugares de muy dif\u00edcil acceso, no obstante, a\u00fan as\u00ed estamos haciendo nuestros mayores esfuerzos con la finalidad de dar con el paradero del poblador del sector R\u00edo Bravo\u00bb, describi\u00f3 el Prefecto de Carabineros Ays\u00e9n.<\/span><\/p>\n<p class=\"v1MsoNormal\" style=\"text-align: justify;\"><span lang=\"ES-MX\">A estos esfuerzos se sum\u00f3 durante esta jornada el Ej\u00e9rcito de Chile a trav\u00e9s de la Compa\u00f1\u00eda Cochrane -especialistas en b\u00fasqueda- sin que hasta el momento se tenga indicios sobre el paradero del ciudadano.<\/span><\/p>\n<p class=\"v1MsoNormal\" style=\"text-align: justify;\"><span lang=\"ES-MX\">\u00abVamos a seguir buscando respecto de las instrucciones que nos otorgue el Ministerio P\u00fablico para dar con su ubicaci\u00f3n. Hacemos un llamado a la ciudadan\u00eda -si es que tiene conocimiento o si ha visto a alguna persona deambulando en el sector donde estamos haciendo la b\u00fasqueda- poder llamar tanto a la Subcomisar\u00eda de Villa O&#8217;Higgins (672567189) como a la 4ta Comisar\u00eda Cochrane (F) (672567165) o en su defecto llamar al nivel 133\u00bb, indic\u00f3 el Coronel Chab\u00e1n.<\/span><\/p>\n<\/div>\n<div style=\"text-align: justify;\"><\/div>\n<\/div><\/section><\/div><div  style='height:50px' class='hr hr-invisible   avia-builder-el-6  el_after_av_one_full  el_before_av_social_share '><span class='hr-inner ' ><span class='hr-inner-style'><\/span><\/span><\/div><\/p>\n<div  class='av-social-sharing-box  avia-builder-el-7  el_after_av_hr  el_before_av_hr  '><div class='av-share-box'><h5 class='av-share-link-description av-no-toc '>Compartir esta noticia<\/h5><ul class='av-share-box-list noLightbox'><li class='av-share-link av-social-link-facebook' ><a target=\"_blank\" aria-label=\"Compartir en Facebook\" href='https:\/\/www.facebook.com\/sharer.php?u=https:\/\/radiorevelacionfm.cl\/?p=45904&#038;t=Villa%20O%C2%B4Higgins%3A%2015%20d%C3%ADas%20de%20intensa%20b%C3%BAsqueda%20de%20ciudadano%20extraviado%20en%20sector%20R%C3%ADo%20Bravo' aria-hidden='false' data-av_icon='\ue8f3' data-av_iconfont='entypo-fontello' title='' data-avia-related-tooltip='Compartir en Facebook' rel=\"noopener\"><span class='avia_hidden_link_text'>Compartir en Facebook<\/span><\/a><\/li><li class='av-share-link av-social-link-twitter' ><a target=\"_blank\" aria-label=\"Compartir en Twitter\" href='https:\/\/twitter.com\/share?text=Villa%20O%C2%B4Higgins%3A%2015%20d%C3%ADas%20de%20intensa%20b%C3%BAsqueda%20de%20ciudadano%20extraviado%20en%20sector%20R%C3%ADo%20Bravo&#038;url=https:\/\/radiorevelacionfm.cl\/?p=45904' aria-hidden='false' data-av_icon='\ue8f1' data-av_iconfont='entypo-fontello' title='' data-avia-related-tooltip='Compartir en Twitter' rel=\"noopener\"><span class='avia_hidden_link_text'>Compartir en Twitter<\/span><\/a><\/li><li class='av-share-link av-social-link-whatsapp' ><a target=\"_blank\" aria-label=\"Compartir en Whatsapp\" href='https:\/\/api.whatsapp.com\/send?text=https:\/\/radiorevelacionfm.cl\/?p=45904' aria-hidden='false' data-av_icon='\uf232' data-av_iconfont='entypo-fontello' title='' data-avia-related-tooltip='Compartir en Whatsapp' rel=\"noopener\"><span class='avia_hidden_link_text'>Compartir en Whatsapp<\/span><\/a><\/li><li class='av-share-link av-social-link-linkedin' ><a target=\"_blank\" aria-label=\"Compartir en LinkedIn\" href='https:\/\/linkedin.com\/shareArticle?mini=true&#038;title=Villa%20O%C2%B4Higgins%3A%2015%20d%C3%ADas%20de%20intensa%20b%C3%BAsqueda%20de%20ciudadano%20extraviado%20en%20sector%20R%C3%ADo%20Bravo&#038;url=https:\/\/radiorevelacionfm.cl\/?p=45904' aria-hidden='false' data-av_icon='\ue8fc' data-av_iconfont='entypo-fontello' title='' data-avia-related-tooltip='Compartir en LinkedIn' rel=\"noopener\"><span class='avia_hidden_link_text'>Compartir en LinkedIn<\/span><\/a><\/li><li class='av-share-link av-social-link-mail' ><a  aria-label=\"Compartir por correo\" href='mailto:?subject=Villa%20O%C2%B4Higgins%3A%2015%20d%C3%ADas%20de%20intensa%20b%C3%BAsqueda%20de%20ciudadano%20extraviado%20en%20sector%20R%C3%ADo%20Bravo&#038;body=https:\/\/radiorevelacionfm.cl\/?p=45904' aria-hidden='false' data-av_icon='\ue805' data-av_iconfont='entypo-fontello' title='' data-avia-related-tooltip='Compartir por correo'><span class='avia_hidden_link_text'>Compartir por correo<\/span><\/a><\/li><\/ul><\/div><\/div>\n<div  style='height:50px' class='hr hr-invisible   avia-builder-el-8  el_after_av_social_share  el_before_av_comments_list '><span class='hr-inner ' ><span class='hr-inner-style'><\/span><\/span><\/div>\n<div  class='av-buildercomment  av-blog-meta-html-info-disabled av-blog-meta-tag-disabled  '><\/div>\n","protected":false},"excerpt":{"rendered":"","protected":false},"author":1,"featured_media":45905,"comment_status":"open","ping_status":"open","sticky":false,"template":"","format":"standard","meta":{"footnotes":""},"categories":[36],"tags":[],"class_list":["post-45904","post","type-post","status-publish","format-standard","has-post-thumbnail","hentry","category-policial"],"jetpack_featured_media_url":"https:\/\/radiorevelacionfm.cl\/wp-content\/uploads\/2024\/09\/5c155dd8-25ae-45bb-b693-3f7210ccacd4-1_optimized-1.jpg","_links":{"self":[{"href":"https:\/\/radiorevelacionfm.cl\/index.php?rest_route=\/wp\/v2\/posts\/45904","targetHints":{"allow":["GET"]}}],"collection":[{"href":"https:\/\/radiorevelacionfm.cl\/index.php?rest_route=\/wp\/v2\/posts"}],"about":[{"href":"https:\/\/radiorevelacionfm.cl\/index.php?rest_route=\/wp\/v2\/types\/post"}],"author":[{"embeddable":true,"href":"https:\/\/radiorevelacionfm.cl\/index.php?rest_route=\/wp\/v2\/users\/1"}],"replies":[{"embeddable":true,"href":"https:\/\/radiorevelacionfm.cl\/index.php?rest_route=%2Fwp%2Fv2%2Fcomments&post=45904"}],"version-history":[{"count":1,"href":"https:\/\/radiorevelacionfm.cl\/index.php?rest_route=\/wp\/v2\/posts\/45904\/revisions"}],"predecessor-version":[{"id":45906,"href":"https:\/\/radiorevelacionfm.cl\/index.php?rest_route=\/wp\/v2\/posts\/45904\/revisions\/45906"}],"wp:featuredmedia":[{"embeddable":true,"href":"https:\/\/radiorevelacionfm.cl\/index.php?rest_route=\/wp\/v2\/media\/45905"}],"wp:attachment":[{"href":"https:\/\/radiorevelacionfm.cl\/index.php?rest_route=%2Fwp%2Fv2%2Fmedia&parent=45904"}],"wp:term":[{"taxonomy":"category","embeddable":true,"href":"https:\/\/radiorevelacionfm.cl\/index.php?rest_route=%2Fwp%2Fv2%2Fcategories&post=45904"},{"taxonomy":"post_tag","embeddable":true,"href":"https:\/\/radiorevelacionfm.cl\/index.php?rest_route=%2Fwp%2Fv2%2Ftags&post=45904"}],"curies":[{"name":"wp","href":"https:\/\/api.w.org\/{rel}","templated":true}]}}