{"id":45902,"date":"2024-09-04T22:03:15","date_gmt":"2024-09-05T01:03:15","guid":{"rendered":"https:\/\/radiorevelacionfm.cl\/?p=45902"},"modified":"2024-09-04T22:10:07","modified_gmt":"2024-09-05T01:10:07","slug":"cisnes-en-prision-preventiva-imputado-por-lesiones-graves-y-desacato-en-contexto-de-violencia-intrafamiliar","status":"publish","type":"post","link":"https:\/\/radiorevelacionfm.cl\/?p=45902","title":{"rendered":"Cisnes: En prisi\u00f3n preventiva imputado por lesiones graves en contexto de violencia intrafamiliar y desacato"},"content":{"rendered":"<div class=\"flex_column av_one_full  flex_column_div av-zero-column-padding first  avia-builder-el-0  el_before_av_one_full  avia-builder-el-first  \" style='border-radius:0px; '><div  class='avia-image-container  av-styling-    avia-builder-el-1  avia-builder-el-no-sibling  avia-align-center '  itemprop=\"image\" itemscope=\"itemscope\" itemtype=\"https:\/\/schema.org\/ImageObject\"  ><div class='avia-image-container-inner'><div class='avia-image-overlay-wrap'><img decoding=\"async\" class='wp-image-45555 avia-img-lazy-loading-not-45555 avia_image' src=\"https:\/\/radiorevelacionfm.cl\/wp-content\/uploads\/2024\/08\/fiscalia_aysen_2-1-1-e1724788188724-1_optimized.jpg\" alt='' title='fiscalia_aysen_2-1-1-e1724788188724-(1)_optimized' height=\"600\" width=\"805\"  itemprop=\"thumbnailUrl\" srcset=\"https:\/\/radiorevelacionfm.cl\/wp-content\/uploads\/2024\/08\/fiscalia_aysen_2-1-1-e1724788188724-1_optimized.jpg 805w, https:\/\/radiorevelacionfm.cl\/wp-content\/uploads\/2024\/08\/fiscalia_aysen_2-1-1-e1724788188724-1_optimized-300x224.jpg 300w, https:\/\/radiorevelacionfm.cl\/wp-content\/uploads\/2024\/08\/fiscalia_aysen_2-1-1-e1724788188724-1_optimized-768x572.jpg 768w, https:\/\/radiorevelacionfm.cl\/wp-content\/uploads\/2024\/08\/fiscalia_aysen_2-1-1-e1724788188724-1_optimized-705x525.jpg 705w, https:\/\/radiorevelacionfm.cl\/wp-content\/uploads\/2024\/08\/fiscalia_aysen_2-1-1-e1724788188724-1_optimized-450x335.jpg 450w, https:\/\/radiorevelacionfm.cl\/wp-content\/uploads\/2024\/08\/fiscalia_aysen_2-1-1-e1724788188724-1_optimized-600x447.jpg 600w\" sizes=\"(max-width: 805px) 100vw, 805px\" \/><\/div><\/div><\/div><\/div>\n<div class=\"flex_column av_one_full  flex_column_div av-zero-column-padding first  avia-builder-el-2  el_after_av_one_full  el_before_av_one_full  column-top-margin\" style='border-radius:0px; '><section class=\"av_textblock_section \"  itemscope=\"itemscope\" itemtype=\"https:\/\/schema.org\/BlogPosting\" itemprop=\"blogPost\" ><div class='avia_textblock  '   itemprop=\"text\" ><p style=\"text-align: center;\"><strong><span style=\"font-size: 18pt;\">Cisnes: En prisi\u00f3n preventiva imputado por lesiones graves en contexto de violencia intrafamiliar y desacato<\/span><\/strong><\/p>\n<div id=\"gtx-trans\" style=\"position: absolute; left: -50px; top: 4.31534px;\">\n<div class=\"gtx-trans-icon\"><\/div>\n<\/div>\n<\/div><\/section><\/div><div class=\"flex_column av_one_full  flex_column_div av-zero-column-padding first  avia-builder-el-4  el_after_av_one_full  el_before_av_hr  column-top-margin\" style='border-radius:0px; '><section class=\"av_textblock_section \"  itemscope=\"itemscope\" itemtype=\"https:\/\/schema.org\/BlogPosting\" itemprop=\"blogPost\" ><div class='avia_textblock  '   itemprop=\"text\" ><p style=\"font-weight: 400; text-align: justify;\"><em>Durante este a\u00f1o se han registrado m\u00e1s de 757 v\u00edctimas de violencia intrafamiliar en esta zona del pa\u00eds.<\/em><\/p>\n<p style=\"font-weight: 400; text-align: justify;\">Un nuevo hecho de violencia intrafamiliar se registr\u00f3 en Ays\u00e9n, el cual afect\u00f3 a una v\u00edctima del extremo norte de la regi\u00f3n, comuna de Cisnes. En este caso, el Ministerio P\u00fablico solicit\u00f3 la prisi\u00f3n preventiva del imputado de 44 a\u00f1os, por el delito de lesiones graves en el contexto de violencia intrafamiliar y desacato, la cual fue concedida por el Juzgado de Garant\u00eda de Cisnes.<\/p>\n<p style=\"font-weight: 400; text-align: justify;\">Seg\u00fan explic\u00f3 el fiscal Alex Olivero, \u201cel d\u00eda domingo lleg\u00f3 una v\u00edctima al Hospital Regional de Coyhaique, quien presentaba una fractura en la clav\u00edcula y proven\u00eda desde Ra\u00fal Mar\u00edn Balmaceda y desde el Cesfam de la Junta donde hab\u00eda sido derivada\u201d. El delito \u201chab\u00eda acaecido en una agresi\u00f3n en contexto de violencia intrafamiliar\u201d, a\u00f1adi\u00f3 el fiscal.<\/p>\n<p style=\"font-weight: 400; text-align: justify;\">Con estos antecedentes, coment\u00f3 el persecutor penal, \u201cse pidi\u00f3 una orden de detenci\u00f3n al Tribunal de Garant\u00eda de Puerto Cisnes, quien la decret\u00f3\u201d. Posteriormente el lunes, detall\u00f3 el fiscal, \u201cse llev\u00f3 a efecto la audiencia de control de detenci\u00f3n, de formalizaci\u00f3n y se impuso la prisi\u00f3n preventiva del imputado\u201d. El plazo para el t\u00e9rmino de las diligencias fue fijado en 30 d\u00edas.<\/p>\n<p style=\"font-weight: 400; text-align: justify;\">PREVALENCIA<\/p>\n<p style=\"font-weight: 400; text-align: justify;\">La violencia intrafamiliar es un \u00e1rea de suma preocupaci\u00f3n para el Ministerio P\u00fablico. De hecho, a nivel nacional, del total de v\u00edctimas de todos los delitos ocurridos el a\u00f1o pasado en Chile, un 10,85% tuvo relaci\u00f3n con esta \u00e1rea delictual, es decir cerca de 169.886 personas.<\/p>\n<p style=\"font-weight: 400; text-align: justify;\">En Ays\u00e9n, esa cifra se asocia a 1.178 v\u00edctimas de violencia intrafamiliar durante todo el a\u00f1o 2023, un 10,56% del total de las v\u00edctimas de los delitos que se denuncian en nuestra regi\u00f3n. Durante este a\u00f1o se han registrado m\u00e1s de 757 v\u00edctimas de violencia intrafamiliar en esta zona del pa\u00eds.<\/p>\n<p style=\"font-weight: 400; text-align: justify;\">La violencia intrafamiliar forma parte de un modelo de atenci\u00f3n especializado en la Fiscal\u00eda, para lo cual la Unidad de Atenci\u00f3n a V\u00edctimas y Testigos del Ministerio P\u00fablico, con profesionales especializados en el abordaje de la violencia intrafamiliar y la protecci\u00f3n, eval\u00faan el riesgo de cada caso en conjunto con los fiscales y otorgan las medidas de protecci\u00f3n adecuadas a las v\u00edctimas.<\/p>\n<\/div><\/section><\/div><div  style='height:50px' class='hr hr-invisible   avia-builder-el-6  el_after_av_one_full  el_before_av_social_share '><span class='hr-inner ' ><span class='hr-inner-style'><\/span><\/span><\/div><\/p>\n<div  class='av-social-sharing-box  avia-builder-el-7  el_after_av_hr  el_before_av_hr  '><div class='av-share-box'><h5 class='av-share-link-description av-no-toc '>Compartir esta noticia<\/h5><ul class='av-share-box-list noLightbox'><li class='av-share-link av-social-link-facebook' ><a target=\"_blank\" aria-label=\"Compartir en Facebook\" href='https:\/\/www.facebook.com\/sharer.php?u=https:\/\/radiorevelacionfm.cl\/?p=45902&#038;t=Cisnes%3A%20En%20prisi%C3%B3n%20preventiva%20imputado%20por%20lesiones%20graves%20en%20contexto%20de%20violencia%20intrafamiliar%20y%20desacato' aria-hidden='false' data-av_icon='\ue8f3' data-av_iconfont='entypo-fontello' title='' data-avia-related-tooltip='Compartir en Facebook' rel=\"noopener\"><span class='avia_hidden_link_text'>Compartir en Facebook<\/span><\/a><\/li><li class='av-share-link av-social-link-twitter' ><a target=\"_blank\" aria-label=\"Compartir en Twitter\" href='https:\/\/twitter.com\/share?text=Cisnes%3A%20En%20prisi%C3%B3n%20preventiva%20imputado%20por%20lesiones%20graves%20en%20contexto%20de%20violencia%20intrafamiliar%20y%20desacato&#038;url=https:\/\/radiorevelacionfm.cl\/?p=45902' aria-hidden='false' data-av_icon='\ue8f1' data-av_iconfont='entypo-fontello' title='' data-avia-related-tooltip='Compartir en Twitter' rel=\"noopener\"><span class='avia_hidden_link_text'>Compartir en Twitter<\/span><\/a><\/li><li class='av-share-link av-social-link-whatsapp' ><a target=\"_blank\" aria-label=\"Compartir en Whatsapp\" href='https:\/\/api.whatsapp.com\/send?text=https:\/\/radiorevelacionfm.cl\/?p=45902' aria-hidden='false' data-av_icon='\uf232' data-av_iconfont='entypo-fontello' title='' data-avia-related-tooltip='Compartir en Whatsapp' rel=\"noopener\"><span class='avia_hidden_link_text'>Compartir en Whatsapp<\/span><\/a><\/li><li class='av-share-link av-social-link-linkedin' ><a target=\"_blank\" aria-label=\"Compartir en LinkedIn\" href='https:\/\/linkedin.com\/shareArticle?mini=true&#038;title=Cisnes%3A%20En%20prisi%C3%B3n%20preventiva%20imputado%20por%20lesiones%20graves%20en%20contexto%20de%20violencia%20intrafamiliar%20y%20desacato&#038;url=https:\/\/radiorevelacionfm.cl\/?p=45902' aria-hidden='false' data-av_icon='\ue8fc' data-av_iconfont='entypo-fontello' title='' data-avia-related-tooltip='Compartir en LinkedIn' rel=\"noopener\"><span class='avia_hidden_link_text'>Compartir en LinkedIn<\/span><\/a><\/li><li class='av-share-link av-social-link-mail' ><a  aria-label=\"Compartir por correo\" href='mailto:?subject=Cisnes%3A%20En%20prisi%C3%B3n%20preventiva%20imputado%20por%20lesiones%20graves%20en%20contexto%20de%20violencia%20intrafamiliar%20y%20desacato&#038;body=https:\/\/radiorevelacionfm.cl\/?p=45902' aria-hidden='false' data-av_icon='\ue805' data-av_iconfont='entypo-fontello' title='' data-avia-related-tooltip='Compartir por correo'><span class='avia_hidden_link_text'>Compartir por correo<\/span><\/a><\/li><\/ul><\/div><\/div>\n<div  style='height:50px' class='hr hr-invisible   avia-builder-el-8  el_after_av_social_share  el_before_av_comments_list '><span class='hr-inner ' ><span class='hr-inner-style'><\/span><\/span><\/div>\n<div  class='av-buildercomment  av-blog-meta-html-info-disabled av-blog-meta-tag-disabled  '><\/div>\n","protected":false},"excerpt":{"rendered":"","protected":false},"author":1,"featured_media":45555,"comment_status":"open","ping_status":"open","sticky":false,"template":"","format":"standard","meta":{"footnotes":""},"categories":[36],"tags":[],"class_list":["post-45902","post","type-post","status-publish","format-standard","has-post-thumbnail","hentry","category-policial"],"jetpack_featured_media_url":"https:\/\/radiorevelacionfm.cl\/wp-content\/uploads\/2024\/08\/fiscalia_aysen_2-1-1-e1724788188724-1_optimized.jpg","_links":{"self":[{"href":"https:\/\/radiorevelacionfm.cl\/index.php?rest_route=\/wp\/v2\/posts\/45902","targetHints":{"allow":["GET"]}}],"collection":[{"href":"https:\/\/radiorevelacionfm.cl\/index.php?rest_route=\/wp\/v2\/posts"}],"about":[{"href":"https:\/\/radiorevelacionfm.cl\/index.php?rest_route=\/wp\/v2\/types\/post"}],"author":[{"embeddable":true,"href":"https:\/\/radiorevelacionfm.cl\/index.php?rest_route=\/wp\/v2\/users\/1"}],"replies":[{"embeddable":true,"href":"https:\/\/radiorevelacionfm.cl\/index.php?rest_route=%2Fwp%2Fv2%2Fcomments&post=45902"}],"version-history":[{"count":4,"href":"https:\/\/radiorevelacionfm.cl\/index.php?rest_route=\/wp\/v2\/posts\/45902\/revisions"}],"predecessor-version":[{"id":45909,"href":"https:\/\/radiorevelacionfm.cl\/index.php?rest_route=\/wp\/v2\/posts\/45902\/revisions\/45909"}],"wp:featuredmedia":[{"embeddable":true,"href":"https:\/\/radiorevelacionfm.cl\/index.php?rest_route=\/wp\/v2\/media\/45555"}],"wp:attachment":[{"href":"https:\/\/radiorevelacionfm.cl\/index.php?rest_route=%2Fwp%2Fv2%2Fmedia&parent=45902"}],"wp:term":[{"taxonomy":"category","embeddable":true,"href":"https:\/\/radiorevelacionfm.cl\/index.php?rest_route=%2Fwp%2Fv2%2Fcategories&post=45902"},{"taxonomy":"post_tag","embeddable":true,"href":"https:\/\/radiorevelacionfm.cl\/index.php?rest_route=%2Fwp%2Fv2%2Ftags&post=45902"}],"curies":[{"name":"wp","href":"https:\/\/api.w.org\/{rel}","templated":true}]}}