{"id":45899,"date":"2024-09-05T10:47:38","date_gmt":"2024-09-05T13:47:38","guid":{"rendered":"https:\/\/radiorevelacionfm.cl\/?p=45899"},"modified":"2024-09-05T10:47:38","modified_gmt":"2024-09-05T13:47:38","slug":"proxima-a-ser-entregada-casa-de-acogida-para-pacientes-trasladados-de-la-comuna-de-aysen","status":"publish","type":"post","link":"https:\/\/radiorevelacionfm.cl\/?p=45899","title":{"rendered":"Pr\u00f3xima a ser entregada \u201cCasa de Acogida para pacientes trasladados de la comuna de Ays\u00e9n\u201d"},"content":{"rendered":"<div class=\"flex_column av_one_full  flex_column_div av-zero-column-padding first  avia-builder-el-0  el_before_av_one_full  avia-builder-el-first  \" style='border-radius:0px; '><div  class='avia-image-container  av-styling-    avia-builder-el-1  avia-builder-el-no-sibling  avia-align-center '  itemprop=\"image\" itemscope=\"itemscope\" itemtype=\"https:\/\/schema.org\/ImageObject\"  ><div class='avia-image-container-inner'><div class='avia-image-overlay-wrap'><img decoding=\"async\" class='wp-image-45900 avia-img-lazy-loading-not-45900 avia_image' src=\"https:\/\/radiorevelacionfm.cl\/wp-content\/uploads\/2024\/09\/casa-acogida-aysen-2-1_optimized.jpg\" alt='' title='casa-acogida-aysen-2-(1)_optimized' height=\"600\" width=\"800\"  itemprop=\"thumbnailUrl\" srcset=\"https:\/\/radiorevelacionfm.cl\/wp-content\/uploads\/2024\/09\/casa-acogida-aysen-2-1_optimized.jpg 800w, https:\/\/radiorevelacionfm.cl\/wp-content\/uploads\/2024\/09\/casa-acogida-aysen-2-1_optimized-300x225.jpg 300w, https:\/\/radiorevelacionfm.cl\/wp-content\/uploads\/2024\/09\/casa-acogida-aysen-2-1_optimized-768x576.jpg 768w, https:\/\/radiorevelacionfm.cl\/wp-content\/uploads\/2024\/09\/casa-acogida-aysen-2-1_optimized-705x529.jpg 705w, https:\/\/radiorevelacionfm.cl\/wp-content\/uploads\/2024\/09\/casa-acogida-aysen-2-1_optimized-450x338.jpg 450w, https:\/\/radiorevelacionfm.cl\/wp-content\/uploads\/2024\/09\/casa-acogida-aysen-2-1_optimized-600x450.jpg 600w\" sizes=\"(max-width: 800px) 100vw, 800px\" \/><\/div><\/div><\/div><\/div><div class=\"flex_column av_one_full  flex_column_div av-zero-column-padding first  avia-builder-el-2  el_after_av_one_full  el_before_av_one_full  column-top-margin\" style='border-radius:0px; '><section class=\"av_textblock_section \"  itemscope=\"itemscope\" itemtype=\"https:\/\/schema.org\/BlogPosting\" itemprop=\"blogPost\" ><div class='avia_textblock  '   itemprop=\"text\" ><p style=\"text-align: center;\"><strong><span style=\"font-size: 18pt;\">Pr\u00f3xima a ser entregada \u201cCasa de Acogida para pacientes trasladados de la comuna de Ays\u00e9n\u201d<\/span><\/strong><\/p>\n<div id=\"gtx-trans\" style=\"position: absolute; left: -50px; top: 4.31534px;\">\n<div class=\"gtx-trans-icon\"><\/div>\n<\/div>\n<\/div><\/section><\/div><div class=\"flex_column av_one_full  flex_column_div av-zero-column-padding first  avia-builder-el-4  el_after_av_one_full  el_before_av_hr  column-top-margin\" style='border-radius:0px; '><section class=\"av_textblock_section \"  itemscope=\"itemscope\" itemtype=\"https:\/\/schema.org\/BlogPosting\" itemprop=\"blogPost\" ><div class='avia_textblock  '   itemprop=\"text\" ><p style=\"text-align: justify;\"><em>Trabajo del equipo de Planificaci\u00f3n del Municipio, la supervisi\u00f3n de la DOM y el financiamiento del Gobierno Regional permitieron que una empresa local construya una iniciativa, que dar\u00e1 soluci\u00f3n a familiares de pacientes del litoral, Ma\u00f1ihuales y de otras localidades apartadas que se atiendan en el hospital de Puerto Ays\u00e9n.<\/em><\/p>\n<p style=\"text-align: justify;\">El Alcalde de la comuna de Ays\u00e9n, Julio Uribe Alvarado y la Gobernadora Regional, Andrea Mac\u00edas Palma, visitaron la \u201cCasa de Acogida para Pacientes Trasladados de la comuna de Ays\u00e9n\u201d, proyecto que se encuentra finalizado y a la espera de la respectiva tramitaci\u00f3n, para que durante las pr\u00f3ximas semanas sea entregada a la comunidad.<\/p>\n<p style=\"text-align: justify;\">Se trata de un proyecto financiado por el Gobierno Regional de Ays\u00e9n, a trav\u00e9s del Fondo Regional de Iniciativa Local (FRIL), por un monto que supera los 180 millones de pesos. Iniciativa que viene a resolver una deuda con las localidades apartadas del territorio, manifest\u00f3 el Alcalde, Julio Uribe.<\/p>\n<p style=\"text-align: justify;\">\u201cPara nosotros como Municipio es muy importante, era una deuda hist\u00f3rica que hab\u00edamos tenido con nuestros habitantes, sobre todo de las islas o del sector campesino. Ellos al venir con un familiar o alguien que los acompa\u00f1e, hoy d\u00eda es muy dif\u00edcil poder cancelar los costos que tiene una pensi\u00f3n o un hotel y esto vendr\u00eda a suplir esa necesidad para las personas que no puedan pagar. La idea es que se puedan estar ac\u00e1 dignamente, que tengan un espacio donde puedan esperar a sus familiares que est\u00e9n sufriendo alguna dolencia. Por lo tanto, yo aqu\u00ed quiero felicitar al equipo de trabajo que tenemos en el Municipio, un equipo que est\u00e1 muy fortalecido\u201d.<\/p>\n<p style=\"text-align: justify;\">Por su parte, la Gobernadora Regional de Ays\u00e9n, Andrea Mac\u00edas, relev\u00f3 el beneficio que esta nueva infraestructura prestar\u00e1 a la comunidad, \u201cuna infraestructura nueva, una infraestructura que fue dise\u00f1ada para este uso, por lo tanto, pone en valor y dignifica la calidad de atenci\u00f3n en el marco de la salud, porque cuando un familiar nuestro est\u00e1 viviendo alguna situaci\u00f3n compleja, todos nos sentimos afectados y poder contar con esto hoy d\u00eda, claramente va a cambiar la forma en como accedemos a la oferta publica que hay\u201d.<\/p>\n<p style=\"text-align: justify;\">Miguel C\u00e1rdenas de la empresa Cerro Cord\u00f3n, quienes se adjudicaron y ejecutaron las obras, destac\u00f3 el hecho de que en cada uno de sus contratos privilegian siempre la mano de obra local y en esta ocasi\u00f3n durante el desarrollo del proyecto dieron trabajo en forma directa a unas 30 personas y en forma indirecta a otras 10 m\u00e1s. Por ello, valoraron que existan estas iniciativas que permiten dar movilidad econ\u00f3mica en el territorio y brindan un espacio a las empresas de la zona.<\/p>\n<\/div><\/section><\/div><div  style='height:50px' class='hr hr-invisible   avia-builder-el-6  el_after_av_one_full  el_before_av_social_share '><span class='hr-inner ' ><span class='hr-inner-style'><\/span><\/span><\/div><\/p>\n<div  class='av-social-sharing-box  avia-builder-el-7  el_after_av_hr  el_before_av_hr  '><div class='av-share-box'><h5 class='av-share-link-description av-no-toc '>Compartir esta noticia<\/h5><ul class='av-share-box-list noLightbox'><li class='av-share-link av-social-link-facebook' ><a target=\"_blank\" aria-label=\"Compartir en Facebook\" href='https:\/\/www.facebook.com\/sharer.php?u=https:\/\/radiorevelacionfm.cl\/?p=45899&#038;t=Pr%C3%B3xima%20a%20ser%20entregada%20%E2%80%9CCasa%20de%20Acogida%20para%20pacientes%20trasladados%20de%20la%20comuna%20de%20Ays%C3%A9n%E2%80%9D' aria-hidden='false' data-av_icon='\ue8f3' data-av_iconfont='entypo-fontello' title='' data-avia-related-tooltip='Compartir en Facebook' rel=\"noopener\"><span class='avia_hidden_link_text'>Compartir en Facebook<\/span><\/a><\/li><li class='av-share-link av-social-link-twitter' ><a target=\"_blank\" aria-label=\"Compartir en Twitter\" href='https:\/\/twitter.com\/share?text=Pr%C3%B3xima%20a%20ser%20entregada%20%E2%80%9CCasa%20de%20Acogida%20para%20pacientes%20trasladados%20de%20la%20comuna%20de%20Ays%C3%A9n%E2%80%9D&#038;url=https:\/\/radiorevelacionfm.cl\/?p=45899' aria-hidden='false' data-av_icon='\ue8f1' data-av_iconfont='entypo-fontello' title='' data-avia-related-tooltip='Compartir en Twitter' rel=\"noopener\"><span class='avia_hidden_link_text'>Compartir en Twitter<\/span><\/a><\/li><li class='av-share-link av-social-link-whatsapp' ><a target=\"_blank\" aria-label=\"Compartir en Whatsapp\" href='https:\/\/api.whatsapp.com\/send?text=https:\/\/radiorevelacionfm.cl\/?p=45899' aria-hidden='false' data-av_icon='\uf232' data-av_iconfont='entypo-fontello' title='' data-avia-related-tooltip='Compartir en Whatsapp' rel=\"noopener\"><span class='avia_hidden_link_text'>Compartir en Whatsapp<\/span><\/a><\/li><li class='av-share-link av-social-link-linkedin' ><a target=\"_blank\" aria-label=\"Compartir en LinkedIn\" href='https:\/\/linkedin.com\/shareArticle?mini=true&#038;title=Pr%C3%B3xima%20a%20ser%20entregada%20%E2%80%9CCasa%20de%20Acogida%20para%20pacientes%20trasladados%20de%20la%20comuna%20de%20Ays%C3%A9n%E2%80%9D&#038;url=https:\/\/radiorevelacionfm.cl\/?p=45899' aria-hidden='false' data-av_icon='\ue8fc' data-av_iconfont='entypo-fontello' title='' data-avia-related-tooltip='Compartir en LinkedIn' rel=\"noopener\"><span class='avia_hidden_link_text'>Compartir en LinkedIn<\/span><\/a><\/li><li class='av-share-link av-social-link-mail' ><a  aria-label=\"Compartir por correo\" href='mailto:?subject=Pr%C3%B3xima%20a%20ser%20entregada%20%E2%80%9CCasa%20de%20Acogida%20para%20pacientes%20trasladados%20de%20la%20comuna%20de%20Ays%C3%A9n%E2%80%9D&#038;body=https:\/\/radiorevelacionfm.cl\/?p=45899' aria-hidden='false' data-av_icon='\ue805' data-av_iconfont='entypo-fontello' title='' data-avia-related-tooltip='Compartir por correo'><span class='avia_hidden_link_text'>Compartir por correo<\/span><\/a><\/li><\/ul><\/div><\/div>\n<div  style='height:50px' class='hr hr-invisible   avia-builder-el-8  el_after_av_social_share  el_before_av_comments_list '><span class='hr-inner ' ><span class='hr-inner-style'><\/span><\/span><\/div>\n<div  class='av-buildercomment  av-blog-meta-html-info-disabled av-blog-meta-tag-disabled  '><\/div>\n","protected":false},"excerpt":{"rendered":"","protected":false},"author":1,"featured_media":45900,"comment_status":"open","ping_status":"open","sticky":false,"template":"","format":"standard","meta":{"footnotes":""},"categories":[38],"tags":[],"class_list":["post-45899","post","type-post","status-publish","format-standard","has-post-thumbnail","hentry","category-regional"],"jetpack_featured_media_url":"https:\/\/radiorevelacionfm.cl\/wp-content\/uploads\/2024\/09\/casa-acogida-aysen-2-1_optimized.jpg","_links":{"self":[{"href":"https:\/\/radiorevelacionfm.cl\/index.php?rest_route=\/wp\/v2\/posts\/45899","targetHints":{"allow":["GET"]}}],"collection":[{"href":"https:\/\/radiorevelacionfm.cl\/index.php?rest_route=\/wp\/v2\/posts"}],"about":[{"href":"https:\/\/radiorevelacionfm.cl\/index.php?rest_route=\/wp\/v2\/types\/post"}],"author":[{"embeddable":true,"href":"https:\/\/radiorevelacionfm.cl\/index.php?rest_route=\/wp\/v2\/users\/1"}],"replies":[{"embeddable":true,"href":"https:\/\/radiorevelacionfm.cl\/index.php?rest_route=%2Fwp%2Fv2%2Fcomments&post=45899"}],"version-history":[{"count":1,"href":"https:\/\/radiorevelacionfm.cl\/index.php?rest_route=\/wp\/v2\/posts\/45899\/revisions"}],"predecessor-version":[{"id":45901,"href":"https:\/\/radiorevelacionfm.cl\/index.php?rest_route=\/wp\/v2\/posts\/45899\/revisions\/45901"}],"wp:featuredmedia":[{"embeddable":true,"href":"https:\/\/radiorevelacionfm.cl\/index.php?rest_route=\/wp\/v2\/media\/45900"}],"wp:attachment":[{"href":"https:\/\/radiorevelacionfm.cl\/index.php?rest_route=%2Fwp%2Fv2%2Fmedia&parent=45899"}],"wp:term":[{"taxonomy":"category","embeddable":true,"href":"https:\/\/radiorevelacionfm.cl\/index.php?rest_route=%2Fwp%2Fv2%2Fcategories&post=45899"},{"taxonomy":"post_tag","embeddable":true,"href":"https:\/\/radiorevelacionfm.cl\/index.php?rest_route=%2Fwp%2Fv2%2Ftags&post=45899"}],"curies":[{"name":"wp","href":"https:\/\/api.w.org\/{rel}","templated":true}]}}